{"id":7777,"date":"2026-04-26T18:42:17","date_gmt":"2026-04-26T16:42:17","guid":{"rendered":"https:\/\/digitalnews.hu\/?p=7777"},"modified":"2026-04-26T18:42:17","modified_gmt":"2026-04-26T16:42:17","slug":"az-egyesult-arab-emiratusokban-targyalt-jaszai-gellert","status":"publish","type":"post","link":"https:\/\/digitalnews.hu\/?p=7777","title":{"rendered":"Az Egyes\u00fclt Arab Emir\u00e1tusokban t\u00e1rgyalt J\u00e1szai Gell\u00e9rt"},"content":{"rendered":"\n<p>J\u00e1szai Gell\u00e9rt, a 4iG Nyrt. eln\u00f6ke az Egyes\u00fclt Arab Emir\u00e1tusokban folytatott t\u00e1rgyal\u00e1sokat a v\u00e1llalat befektet\u0151ivel \u00e9s strat\u00e9giai partnereivel. A megbesz\u00e9l\u00e9sek meger\u0151s\u00edtett\u00e9k a felek k\u00f6z\u00f6tti partners\u00e9geket, valamint a tov\u00e1bbi k\u00f6z\u00f6s egy\u00fcttm\u0171k\u00f6d\u00e9s ir\u00e1nti elk\u00f6telezetts\u00e9get.<\/p>\n\n\n\n<p>A tal\u00e1lkoz\u00f3k sor\u00e1n J\u00e1szai Gell\u00e9rt egyeztetett Khaldoon Khalifa Al Mubarak-kal, a korm\u00e1nyzati v\u00e9grehajt\u00e1si \u00fcgyek hat\u00f3s\u00e1g\u00e1nak alap\u00edt\u00f3 eln\u00f6k\u00e9vel, valamint a Mubadala Investment Company \u00fcgyvezet\u0151 igazgat\u00f3j\u00e1val \u00e9s csoportszint\u0171 vez\u00e9rigazgat\u00f3j\u00e1val.<\/p>\n\n\n\n<p>A Mubadala a k\u00f6zelm\u00faltban jelentette be, hogy befektet\u00e9si partnerk\u00e9nt \u00e9s a j\u00f6v\u0151ben r\u00e9szv\u00e9nyesk\u00e9nt is csatlakozik a 4iG Csoporthoz.<\/p>\n\n\n\n<p>A 4iG Csoport eln\u00f6ke t\u00e1rgyal\u00e1sokat folytatott Jassem Mohammed Bu Ataba Al Zaabi-val, Abu-Dzabi P\u00e9nz\u00fcgyminiszt\u00e9rium\u00e1nak eln\u00f6k\u00e9vel, valamint az L\u2019 IMAD Holding \u00fcgyvezet\u0151 igazgat\u00f3j\u00e1val \u00e9s vez\u00e9rigazgat\u00f3j\u00e1val. Az L\u2019 IMAD Holding egy szuver\u00e9n befektet\u00e9si t\u00e1rsas\u00e1g, amely t\u00f6bb mint 300 milli\u00e1rd doll\u00e1rnyi eszk\u00f6zt kezel. T\u00f6bb \u00e1gazatban \u2013 k\u00f6zt\u00fck a technol\u00f3giai szektorban, a p\u00e9nz\u00fcgyi szolg\u00e1ltat\u00e1sok ter\u00fclet\u00e9n \u00e9s ipari beruh\u00e1z\u00e1sokban \u2013 akt\u00edv szerepl\u0151 Eur\u00f3p\u00e1ban, \u00c1zsi\u00e1ban, \u00c9szak-Amerik\u00e1ban \u00e9s az \u00d6b\u00f6l menti t\u00e9rs\u00e9g gazdas\u00e1gaiban. A holding egyik deklar\u00e1lt c\u00e9lja a \u201enemzeti bajnokok\u201d fel\u00e9p\u00edt\u00e9se a fejlett ipari \u00e9s technol\u00f3giai szektorokban.<\/p>\n\n\n\n<p>A megbesz\u00e9l\u00e9sek tov\u00e1bbi f\u00f3kusz\u00e1t az e&amp;-hez kapcsol\u00f3d\u00f3 egy\u00fcttm\u0171k\u00f6d\u00e9sek adt\u00e1k: J\u00e1szai Gell\u00e9rt egyeztetett Jassem Mohammed Bu Ataba Al Zaabi-val, az e&amp; eln\u00f6k\u00e9vel, valamint Masood M. Sharif Mahmood-dal, az e&amp; csoport vez\u00e9rigazgat\u00f3j\u00e1val. Az egyeztet\u00e9sek k\u00f6z\u00e9ppontj\u00e1ban a tulajdonosi \u00e9s h\u00e1l\u00f3zati egy\u00fcttm\u0171k\u00f6d\u00e9sek \u00e1lltak a 2Connect \u00e9s a CETIN Hungary kapcs\u00e1n. A 4iG Csoport id\u00e9n febru\u00e1rban jelentette be, hogy strat\u00e9giai partners\u00e9get k\u00f6t az e&amp; PPF Telecom Grouppal, amelynek keret\u00e9ben kereszttulajdonl\u00e1son alapul\u00f3, t\u00f6bb szolg\u00e1ltat\u00f3t kiszolg\u00e1l\u00f3 (multi-tenant) h\u00e1l\u00f3zati egy\u00fcttm\u0171k\u00f6d\u00e9st alak\u00edtanak ki a magyarorsz\u00e1gi vezet\u00e9kes \u00e9s mobilinfrastrukt\u00fara ter\u00fclet\u00e9n. A meg\u00e1llapod\u00e1s \u00e9rtelm\u00e9ben a 4iG 49%-os r\u00e9szesed\u00e9st szerez a CETIN Hungary mobilh\u00e1l\u00f3zati infrastrukt\u00far\u00e1j\u00e1ban, m\u00edg az e&amp; PPF 38%-os tulajdonr\u00e9szt kap a 4iG vezet\u00e9kes h\u00e1l\u00f3zat\u00e1t \u00fczemeltet\u0151 2Connect-ben. A c\u00e9l egy k\u00f6z\u00f6s h\u00e1l\u00f3zat\u00fczemeltet\u00e9si modell kialak\u00edt\u00e1sa, amely r\u00e9v\u00e9n a Yettel 2026 m\u00e1sodik fel\u00e9t\u0151l bel\u00e9phet a magyarorsz\u00e1gi vezet\u00e9kes piacra, a ONE Magyarorsz\u00e1g pedig 2028-t\u00f3l haszn\u00e1lhatja a CETIN infrastrukt\u00far\u00e1j\u00e1t. A felek a h\u00e1l\u00f3zatmegoszt\u00e1sb\u00f3l ered\u0151 szinergi\u00e1k \u00e9rt\u00e9k\u00e9t 1 milli\u00e1rd eur\u00f3ra becs\u00fclik, \u00e9s kiemelt\u00e9k, hogy az egy\u00fcttm\u0171k\u00f6d\u00e9s eredm\u00e9nyei alapvet\u0151en meghat\u00e1rozz\u00e1k a magyar t\u00e1vk\u00f6zl\u00e9si piac j\u00f6v\u0151beli fejl\u0151d\u00e9s\u00e9t. A tranzakci\u00f3 v\u00e9gleges\u00edt\u00e9se a hat\u00f3s\u00e1gi j\u00f3v\u00e1hagy\u00e1sok ut\u00e1n, 2027 elej\u00e9re v\u00e1rhat\u00f3.<\/p>\n\n\n\n<p>A 4iG eln\u00f6ke a l\u00e1togat\u00e1st k\u00f6vet\u0151en hangs\u00falyozta: \u201eAz Egyes\u00fclt Arab Em\u00edrs\u00e9gekkel fenn\u00e1ll\u00f3 partners\u00e9geink rendk\u00edv\u00fcl fontosak befektet\u00e9si, \u00fczleti \u00e9s strat\u00e9giai szempontb\u00f3l, k\u00fcl\u00f6n\u00f6sen a k\u00fcl\u00f6nb\u00f6z\u0151 technol\u00f3giai szektorokban, ahol jelent\u0151s lehet\u0151s\u00e9geket l\u00e1tunk a j\u00f6v\u0151beli n\u00f6veked\u00e9sre \u00e9s innov\u00e1ci\u00f3ra.\u201d<\/p>\n\n\n\n<p><mark style=\"background-color:#9b51e0\" class=\"has-inline-color has-white-color\">Tov\u00e1bb a cikkre:<\/mark> <a href=\"https:\/\/www.portfolio.hu\/uzlet\/20260424\/az-egyesult-arab-emiratusokban-targyalt-jaszai-gellert-832610\" target=\"_blank\" rel=\"noreferrer noopener\">portfolio.hu<\/a><\/p>\n","protected":false},"excerpt":{"rendered":"<p>J\u00e1szai Gell\u00e9rt, a 4iG Nyrt. eln\u00f6ke az Egyes\u00fclt Arab Emir\u00e1tusokban folytatott t\u00e1rgyal\u00e1sokat a v\u00e1llalat befektet\u0151ivel \u00e9s strat\u00e9giai partnereivel. A megbesz\u00e9l\u00e9sek&hellip;<\/p>\n","protected":false},"author":1,"featured_media":7778,"comment_status":"closed","ping_status":"closed","sticky":false,"template":"","format":"standard","meta":{"footnotes":""},"categories":[14],"tags":[],"class_list":["post-7777","post","type-post","status-publish","format-standard","has-post-thumbnail","hentry","category-tavkozles"],"_links":{"self":[{"href":"https:\/\/digitalnews.hu\/index.php?rest_route=\/wp\/v2\/posts\/7777","targetHints":{"allow":["GET"]}}],"collection":[{"href":"https:\/\/digitalnews.hu\/index.php?rest_route=\/wp\/v2\/posts"}],"about":[{"href":"https:\/\/digitalnews.hu\/index.php?rest_route=\/wp\/v2\/types\/post"}],"author":[{"embeddable":true,"href":"https:\/\/digitalnews.hu\/index.php?rest_route=\/wp\/v2\/users\/1"}],"replies":[{"embeddable":true,"href":"https:\/\/digitalnews.hu\/index.php?rest_route=%2Fwp%2Fv2%2Fcomments&post=7777"}],"version-history":[{"count":1,"href":"https:\/\/digitalnews.hu\/index.php?rest_route=\/wp\/v2\/posts\/7777\/revisions"}],"predecessor-version":[{"id":7779,"href":"https:\/\/digitalnews.hu\/index.php?rest_route=\/wp\/v2\/posts\/7777\/revisions\/7779"}],"wp:featuredmedia":[{"embeddable":true,"href":"https:\/\/digitalnews.hu\/index.php?rest_route=\/wp\/v2\/media\/7778"}],"wp:attachment":[{"href":"https:\/\/digitalnews.hu\/index.php?rest_route=%2Fwp%2Fv2%2Fmedia&parent=7777"}],"wp:term":[{"taxonomy":"category","embeddable":true,"href":"https:\/\/digitalnews.hu\/index.php?rest_route=%2Fwp%2Fv2%2Fcategories&post=7777"},{"taxonomy":"post_tag","embeddable":true,"href":"https:\/\/digitalnews.hu\/index.php?rest_route=%2Fwp%2Fv2%2Ftags&post=7777"}],"curies":[{"name":"wp","href":"https:\/\/api.w.org\/{rel}","templated":true}]}}