{"id":7784,"date":"2026-04-26T19:18:10","date_gmt":"2026-04-26T17:18:10","guid":{"rendered":"https:\/\/digitalnews.hu\/?p=7784"},"modified":"2026-04-26T19:51:18","modified_gmt":"2026-04-26T17:51:18","slug":"kanadai-es-nemet-mesterseges-intelligencia-startupok-egyesitik-eroiket-hogy-megkerdojelezzek-az-usa-dominanciajat","status":"publish","type":"post","link":"https:\/\/digitalnews.hu\/?p=7784","title":{"rendered":"Kanadai \u00e9s n\u00e9met mesters\u00e9ges intelligencia startupok egyes\u00edtik er\u0151iket, hogy megk\u00e9rd\u0151jelezz\u00e9k az USA dominanci\u00e1j\u00e1t"},"content":{"rendered":"\n<p>A partnerek egy olyan mesters\u00e9ges intelligencia rendszert szeretn\u00e9nek l\u00e9trehozni, amely a region\u00e1lis f\u00fcggetlens\u00e9get \u00e9s a szab\u00e1lyoz\u00e1si megfelel\u00e9st helyezi el\u0151t\u00e9rbe.<\/p>\n\n\n\n<p>A kanadai Cohere mesters\u00e9ges intelligencia laborat\u00f3rium felv\u00e1s\u00e1rolta a n\u00e9met Aleph Alpha mesters\u00e9ges intelligencia c\u00e9get, hogy kiel\u00e9g\u00edtse a szuver\u00e9n mesters\u00e9ges intelligencia rendszerek ir\u00e1nti n\u00f6vekv\u0151 keresletet.<\/p>\n\n\n\n<p>Az \u00fczlet p\u00e9nz\u00fcgyi r\u00e9szleteit nem hozt\u00e1k nyilv\u00e1noss\u00e1gra, b\u00e1r a v\u00e1llalatok azt mondt\u00e1k, hogy a sz\u00f6vets\u00e9g (amely Cohere n\u00e9ven fog m\u0171k\u00f6dni) a Cohere mesters\u00e9ges intelligencia sk\u00e1l\u00e1j\u00e1t az Aleph Alpha \u201eer\u0151s kutat\u00e1si kiv\u00e1l\u00f3s\u00e1g\u00e1val\u201d \u00e9s h\u00e1l\u00f3zat\u00e1val \u00f6tv\u00f6zi.<\/p>\n\n\n\n<p>\u201eA kezdem\u00e9nyez\u00e9s egy k\u00f6z\u00f6s j\u00f6v\u0151k\u00e9pet t\u00fckr\u00f6z: f\u00fcggetlen, v\u00e1llalati szint\u0171, szuver\u00e9n alternat\u00edv\u00e1t biztos\u00edtani a vil\u00e1gnak a mesters\u00e9ges intelligencia koncentr\u00e1ci\u00f3j\u00e1nak n\u00f6veked\u00e9s\u00e9vel jellemezhet\u0151 korban\u201d \u2013 \u00e1ll a v\u00e1llalatok k\u00f6zlem\u00e9ny\u00e9ben.<\/p>\n\n\n\n<p>A fejlem\u00e9ny egy olyan id\u0151szakban \u00e9rkezik, amikor egyre n\u0151nek az aggodalmak a mesters\u00e9ges intelligencia szuverenit\u00e1s\u00e1val kapcsolatban, \u00e9s egyre nagyobb a vizsg\u00e1lat \u00f6vezi mind az amerikai, mind a k\u00ednai mesters\u00e9ges intelligencia\u00f3ri\u00e1sok piaci dominanci\u00e1j\u00e1t.<\/p>\n\n\n\n<p>Az er\u0151ik egyes\u00edt\u00e9s\u00e9vel a partnerek azokat az \u00fcgyfeleket c\u00e9lozz\u00e1k meg, akik f\u00fcggetlens\u00e9gre t\u00f6rekszenek az amerikai \u00e9s k\u00ednai mesters\u00e9ges intelligencia-technol\u00f3gia koncentr\u00e1ci\u00f3j\u00e1t\u00f3l, \u00e9s a region\u00e1lis ellen\u0151rz\u00e9st helyezik el\u0151t\u00e9rbe. A meg\u00e1llapod\u00e1s \u00e9rtelm\u00e9ben a k\u00e9t r\u00e9gi\u00f3 m\u00e9rn\u00f6ki tehets\u00e9g\u00e9t \u00e9s sz\u00e1m\u00edt\u00e1si er\u0151forr\u00e1sait is egyes\u00edtik, hogy felgyors\u00edts\u00e1k a k\u00f6vetkez\u0151 gener\u00e1ci\u00f3s hat\u00e1rmodellek \u00e9s rendszerek fejleszt\u00e9s\u00e9t.<\/p>\n\n\n\n<p>\u201eA szervezetek vil\u00e1gszerte kompromisszumok n\u00e9lk\u00fcli ellen\u0151rz\u00e9st k\u00f6vetelnek a mesters\u00e9ges intelligencia rendszer\u00fck felett\u201d \u2013 mondta Aidan Gomez, a Cohere vez\u00e9rigazgat\u00f3ja egy nyilatkozatban. \u201eEz a transzatlanti partners\u00e9g felszabad\u00edtja azt a hatalmas l\u00e9pt\u00e9k\u0171, robusztus infrastrukt\u00far\u00e1t \u00e9s vil\u00e1gsz\u00ednvonal\u00fa K+F tehets\u00e9get, amelyre sz\u00fcks\u00e9g van ennek az ig\u00e9nynek a kiel\u00e9g\u00edt\u00e9s\u00e9hez.\u201d<\/p>\n\n\n\n<p>\u201eVal\u00f3di ellens\u00falyt \u00e9p\u00edt\u00fcnk azoknak a szervezeteknek, amelyek nem hajland\u00f3k egyetlen szolg\u00e1ltat\u00f3nak vagy joghat\u00f3s\u00e1gnak kiszervezni a mesters\u00e9ges intelligencia feletti ellen\u0151rz\u00e9st\u201d \u2013 mondta Ilhan Scheer, az Aleph Alpha t\u00e1rs-vez\u00e9rigazgat\u00f3ja egy nyilatkozatban. \u201e[Eur\u00f3pai int\u00e9zm\u00e9nyeknek \u00e9s v\u00e1llalkoz\u00e1soknak] hozz\u00e1f\u00e9r\u00e9st biztos\u00edtunk egy hat\u00e9kony, m\u00e9gis ir\u00e1ny\u00edthat\u00f3 mesters\u00e9ges intelligenci\u00e1hoz, amelyet val\u00f3ban birtokolhatnak.\u201d<\/p>\n\n\n\n<p>Az \u00faj szervezet c\u00e9lja k\u00fcl\u00f6n\u00f6sen a szigor\u00faan szab\u00e1lyozott \u00e1gazatok, p\u00e9ld\u00e1ul a p\u00e9nz\u00fcgy, a v\u00e9delem, az energia, a gy\u00e1rt\u00e1s, a telekommunik\u00e1ci\u00f3 \u00e9s az eg\u00e9szs\u00e9g\u00fcgy sz\u00e1m\u00e1ra testreszabott mesters\u00e9ges intelligencia rendszerek biztos\u00edt\u00e1sa.<\/p>\n\n\n\n<p>A kezdem\u00e9nyez\u00e9st anyagilag a Schwarz Group t\u00e1mogatja, amely a Cohere k\u00f6zelg\u0151 E sorozat\u00fa finansz\u00edroz\u00e1s\u00e1t tervezi vezetni egy 600 milli\u00f3 doll\u00e1ros struktur\u00e1lt finansz\u00edroz\u00e1si k\u00f6telezetts\u00e9gv\u00e1llal\u00e1ssal.<\/p>\n\n\n\n<p>A befektet\u00e9s er\u0151s\u00edti a Schwarz Group felh\u0151platformj\u00e1val, a STACKIT-tel val\u00f3 kapcsolatokat is, amely v\u00e1rhat\u00f3an kulcsfontoss\u00e1g\u00fa infrastrukt\u00fara-r\u00e9tegk\u00e9nt szolg\u00e1l majd az eur\u00f3pai szuver\u00e9n mesters\u00e9ges intelligencia telep\u00edt\u00e9sekhez.<\/p>\n\n\n\n<p><mark style=\"background-color:#9b51e0\" class=\"has-inline-color has-white-color\">Tov\u00e1bb a cikkre:<\/mark> <a href=\"https:\/\/aibusiness.com\/generative-ai\/canadian-german-ai-startups-forces-challenge-us-dominance\" target=\"_blank\" rel=\"noreferrer noopener\">aibusiness.com<\/a> (Scarlett Evans)<\/p>\n","protected":false},"excerpt":{"rendered":"<p>A partnerek egy olyan mesters\u00e9ges intelligencia rendszert szeretn\u00e9nek l\u00e9trehozni, amely a region\u00e1lis f\u00fcggetlens\u00e9get \u00e9s a szab\u00e1lyoz\u00e1si megfelel\u00e9st helyezi el\u0151t\u00e9rbe. A&hellip;<\/p>\n","protected":false},"author":1,"featured_media":7791,"comment_status":"closed","ping_status":"closed","sticky":false,"template":"","format":"standard","meta":{"footnotes":""},"categories":[4],"tags":[],"class_list":["post-7784","post","type-post","status-publish","format-standard","has-post-thumbnail","hentry","category-ai-agi-chat-gpt-gemini"],"_links":{"self":[{"href":"https:\/\/digitalnews.hu\/index.php?rest_route=\/wp\/v2\/posts\/7784","targetHints":{"allow":["GET"]}}],"collection":[{"href":"https:\/\/digitalnews.hu\/index.php?rest_route=\/wp\/v2\/posts"}],"about":[{"href":"https:\/\/digitalnews.hu\/index.php?rest_route=\/wp\/v2\/types\/post"}],"author":[{"embeddable":true,"href":"https:\/\/digitalnews.hu\/index.php?rest_route=\/wp\/v2\/users\/1"}],"replies":[{"embeddable":true,"href":"https:\/\/digitalnews.hu\/index.php?rest_route=%2Fwp%2Fv2%2Fcomments&post=7784"}],"version-history":[{"count":3,"href":"https:\/\/digitalnews.hu\/index.php?rest_route=\/wp\/v2\/posts\/7784\/revisions"}],"predecessor-version":[{"id":7793,"href":"https:\/\/digitalnews.hu\/index.php?rest_route=\/wp\/v2\/posts\/7784\/revisions\/7793"}],"wp:featuredmedia":[{"embeddable":true,"href":"https:\/\/digitalnews.hu\/index.php?rest_route=\/wp\/v2\/media\/7791"}],"wp:attachment":[{"href":"https:\/\/digitalnews.hu\/index.php?rest_route=%2Fwp%2Fv2%2Fmedia&parent=7784"}],"wp:term":[{"taxonomy":"category","embeddable":true,"href":"https:\/\/digitalnews.hu\/index.php?rest_route=%2Fwp%2Fv2%2Fcategories&post=7784"},{"taxonomy":"post_tag","embeddable":true,"href":"https:\/\/digitalnews.hu\/index.php?rest_route=%2Fwp%2Fv2%2Ftags&post=7784"}],"curies":[{"name":"wp","href":"https:\/\/api.w.org\/{rel}","templated":true}]}}