{"id":7817,"date":"2026-04-27T22:48:49","date_gmt":"2026-04-27T20:48:49","guid":{"rendered":"https:\/\/digitalnews.hu\/?p=7817"},"modified":"2026-04-27T23:03:17","modified_gmt":"2026-04-27T21:03:17","slug":"mi-az-a-windows-k2","status":"publish","type":"post","link":"https:\/\/digitalnews.hu\/?p=7817","title":{"rendered":"Mi az a Windows K2?"},"content":{"rendered":"\n<p>Betekint\u00e9st nyerhet\u00fcnk a Microsoft nagy terv\u00e9be, amelynek c\u00e9lja a Windows 11 megment\u00e9se \u00e9s a felhaszn\u00e1l\u00f3k bizalm\u00e1nak visszaszerz\u00e9se.<\/p>\n\n\n\n<p>A Microsoft \u00e1talak\u00edtotta Windows-csapat\u00e1t, hogy a Windows 11-et jobban pozicion\u00e1lja, mint egy er\u0151s platformot, amelyet az emberek sz\u00edvesen haszn\u00e1lnak. \u00cdme, hogyan val\u00f3s\u00edtja meg ezt.<\/p>\n\n\n\n<p>M\u00e1rciusban Pavan Davuluri, a Windows eln\u00f6ke meger\u0151s\u00edtette, hogy terveket tesznek a Windows 11 komoly \u201efest\u00e9si hib\u00e1inak\u201d kezel\u00e9s\u00e9re, amelyek al\u00e1\u00e1st\u00e1k a felhaszn\u00e1l\u00f3k bizalm\u00e1t, \u00e9s negat\u00edv hangulatot keltettek az oper\u00e1ci\u00f3s rendszer k\u00f6r\u00fcl. A Microsoft a mesters\u00e9ges intelligencia \u00e9s a mesters\u00e9ges intelligencia fejleszt\u00e9se fel\u00e9 tett k\u00f6ny\u00f6rtelen er\u0151fesz\u00edt\u00e9seib\u0151l \u00e9s a Windows alapvet\u0151 elemeinek, p\u00e9ld\u00e1ul a teljes\u00edtm\u00e9nynek \u00e9s a megb\u00edzhat\u00f3s\u00e1gnak az elhanyagol\u00e1s\u00e1b\u00f3l fakadt.<\/p>\n\n\n\n<p>Term\u00e9szetesen, amit a Microsoft kifel\u00e9 mond, nem mindig t\u00fckr\u00f6zi azt, amit val\u00f3j\u00e1ban bels\u0151leg gondolnak, de ebben az esetben forr\u00e1saim szerint a v\u00e1llalat komolyan gondolja, hogy a Windows 11-et olyan platformm\u00e1 alak\u00edtsa, amelyet az emberek b\u00fcszk\u00e9n haszn\u00e1lnak. 2026 v\u00e9g\u00e9re \u00e9s 2027-re a Microsoft arra t\u00f6rekszik, hogy a Windows 11 sokkal jobb helyre ker\u00fclj\u00f6n.<\/p>\n\n\n\n<p>Forr\u00e1saim szerint ennek a projektnek a k\u00f3dneve Windows K2. Ez egy olyan projekt, amelyet a tavalyi \u00e9v m\u00e1sodik fel\u00e9ben ind\u00edtottak el, \u00e9s amely a Windows 11-gyel kapcsolatos legnagyobb panaszokat c\u00e9lozza meg. A mesters\u00e9ges intelligencia t\u00falk\u00edn\u00e1lat\u00e1t\u00f3l \u00e9s a t\u00falterhel\u00e9st\u0151l kezdve a teljes\u00edtm\u00e9nyprobl\u00e9m\u00e1kon \u00e1t a megb\u00edzhat\u00f3s\u00e1gi hib\u00e1kig mindent orvosolni fognak.<\/p>\n\n\n\n<p>A Windows K2 nem az oper\u00e1ci\u00f3s rendszer egy k\u00fcl\u00f6n kiad\u00e1sa. Ehelyett a K2 egy folyamatos kezdem\u00e9nyez\u00e9s, amely biztos\u00edtja, hogy a Windows min\u0151s\u00e9ge a jelenlegi \u00e9s a j\u00f6v\u0151beli verzi\u00f3kban is magas \u00e9s egys\u00e9ges maradjon, olyan oper\u00e1ci\u00f3s rendszert \u00e9p\u00edtve, amely mindig az alapok fejleszt\u00e9s\u00e9re \u00f6sszpontos\u00edt, hogy a platform alapvet\u0151 aspektusai folyamatosan er\u0151sek maradjanak.<\/p>\n\n\n\n<p>Teljes\u00edtm\u00e9ny, kidolgozotts\u00e1g \u00e9s megb\u00edzhat\u00f3s\u00e1g. Ez a Windows K2 kezdem\u00e9nyez\u00e9s h\u00e1rom f\u0151 pill\u00e9re.<\/p>\n\n\n\n<p>Ezek a pill\u00e9rek vez\u00e9rlik a Windows \u00e9lm\u00e9nyt. Ha ezek k\u00f6z\u00fcl az egyik pill\u00e9r elmarad, az a teljes term\u00e9kre negat\u00edv hat\u00e1ssal van. A Windows K2 eset\u00e9ben a Microsoft azon dolgozik, hogy biztos\u00edtsa e h\u00e1rom pill\u00e9r er\u0151ss\u00e9g\u00e9t az\u00e1ltal, hogy k\u00f6zvetlen\u00fcl a felhaszn\u00e1l\u00f3kt\u00f3l \u00e9s a bels\u0151s\u00f6kt\u0151l \u00e9rkez\u0151 visszajelz\u00e9seket kezeli, elemzi a telemetriai adatokat, \u00e9s f\u00f3kuszcsoportokat szervez az \u00fcgyfelekkel.<\/p>\n\n\n\n<p>Azt mondj\u00e1k, hogy a K2 befel\u00e9 is tekint, magukra a csapatokra. Nem csak a visszajelz\u00e9sek megv\u00e1laszol\u00e1s\u00e1r\u00f3l \u00e9s a Windows 11 jav\u00edt\u00e1s\u00e1r\u00f3l sz\u00f3l, hanem arr\u00f3l is, hogy a csapatok hogyan tudnak jobban hozz\u00e1j\u00e1rulni a k\u00f3dhoz a Windows term\u00e9kben. \u00dagy tudom, hogy jelenleg egy hatalmas kultur\u00e1lis v\u00e1ltoz\u00e1s zajlik bels\u0151leg, ami a K2 kezdem\u00e9nyez\u00e9st hajtja.<\/p>\n\n\n\n<p>A m\u00faltban a Windows megsz\u00e1llottan t\u00f6rekedett az agilit\u00e1sra. Elk\u00f6telezett volt az \u00faj funkci\u00f3k miel\u0151bbi \u00e9s gyakoribb kiadhat\u00f3s\u00e1ga ir\u00e1nt, de ez v\u00e9gs\u0151 soron a min\u0151s\u00e9g \u00e9s a megb\u00edzhat\u00f3s\u00e1g rov\u00e1s\u00e1ra ment. M\u00edg a csapatok gyorsan ki tudt\u00e1k dobni az \u00faj funkci\u00f3kat, a felhaszn\u00e1l\u00f3k frusztr\u00e1ltak lettek egy olyan oper\u00e1ci\u00f3s rendszer miatt, amely soha nem \u00e1llt meg, \u00e9s egyre probl\u00e9m\u00e1sabb\u00e1 v\u00e1lt.<\/p>\n\n\n\n<p>Az egyik legnagyobb bels\u0151 kultur\u00e1lis v\u00e1ltoz\u00e1s, amir\u0151l hallottam, az, hogy a csapatok m\u00e1r nem t\u00f6rekszenek a gyorsas\u00e1gra. Az agilis megk\u00f6zel\u00edt\u00e9s megsz\u00e1llotts\u00e1g\u00e1t felv\u00e1ltotta a min\u0151s\u00e9g megsz\u00e1llotts\u00e1ga. \u00c9rtem, hogy az \u00faj funkci\u00f3k nem enged\u00e9lyezettek nyilv\u00e1nos el\u0151zetes verzi\u00f3k k\u00f6zel\u00e9ben, miel\u0151tt el\u00e9rt\u00e9k volna egy bizonyos min\u0151s\u00e9gi szintet bels\u0151leg, \u00e9s b\u00e1r ez a l\u00e9c mindig is l\u00e9tezett, most sokkal magasabb.<\/p>\n\n\n\n<p>Van egy kev\u00e9sb\u00e9 ismert negyedik pill\u00e9r is: a k\u00f6z\u00f6ss\u00e9g. A Windows K2 kezdem\u00e9nyez\u00e9s c\u00e9lja, hogy \u00fajj\u00e1\u00e9p\u00edtse a Windows rajong\u00f3inak \u00e9s lelkes rajong\u00f3inak k\u00f6z\u00f6ss\u00e9g\u00e9t. Visszahozza a Windows Insider tal\u00e1lkoz\u00f3kat, \u00e9s a Windows csapat tagjait nevezi ki, hogy legyenek nyitottabbak a k\u00f6z\u00f6ss\u00e9gi m\u00e9di\u00e1ban \u00e9s a f\u00f3rumokon, \u00e9s k\u00f6zvetlen\u00fcl v\u00e1laszoljanak az online visszajelz\u00e9sekre.<\/p>\n\n\n\n<p>A teljes\u00edtm\u00e9ny kiemelt priorit\u00e1s a Windows K2 fejleszt\u00e9s\u00e9ben. A Windows Central \u00e1ltal megtekintett dokument\u00e1ci\u00f3ban a Microsoft tiszt\u00e1ban van azzal, hogy a teljes\u00edtm\u00e9ny visszaes\u00e9s\u00e9t eredm\u00e9nyezte olyan alkalmaz\u00e1sokban, mint a F\u00e1jlkezel\u0151 \u00e9s a j\u00e1t\u00e9kok, valamint a felhaszn\u00e1l\u00f3i fel\u00fclet elemeiben, p\u00e9ld\u00e1ul a helyi men\u00fckben. A Windows 10 bizonyos teljes\u00edtm\u00e9nytesztekben gyakran gyorsabbnak bizonyult, mint a Windows 11, \u00e9s a v\u00e1llalat ezen v\u00e1ltoztatni k\u00edv\u00e1n.<\/p>\n\n\n\n<p>J\u00e1t\u00e9kok ter\u00e9n a Microsoft a SteamOS-t tekinti etalonnak, \u00e9s azon dolgozik, hogy optimaliz\u00e1lja a platformot, hogy a SteamOS \u00e9s a Windows j\u00e1t\u00e9kteljes\u00edtm\u00e9nye \u00f6sszehasonl\u00edthat\u00f3 legyen. \u00dagy v\u00e9lik, hogy a k\u00f6vetkez\u0151 egy-k\u00e9t \u00e9vben a Windows val\u00f3ban k\u00e9pes lesz fej-fej mellett versenyezni a SteamOS-szel azonos hardvereken ny\u00fajtott j\u00e1t\u00e9kteljes\u00edtm\u00e9nyben, k\u00f6sz\u00f6nhet\u0151en a platformon az elk\u00f6vetkez\u0151 h\u00f3napokban v\u00e9grehajtand\u00f3 alapvet\u0151 v\u00e1ltoztat\u00e1soknak.<\/p>\n\n\n\n<p>A F\u00e1jlkezel\u0151 (File Explorer) is jelent\u0151s teljes\u00edtm\u00e9nybeli fejleszt\u00e9seket fog el\u00e9rni, felgyors\u00edtva a f\u00e1jlok k\u00f6z\u00f6tti navig\u00e1ci\u00f3t \u00e9s feldolgoz\u00e1st, valamint jav\u00edtva a F\u00e1jlkezel\u0151 alkalmaz\u00e1son bel\u00fcli keres\u00e9s sebess\u00e9g\u00e9t olyan funkci\u00f3kkal, mint az \u201eazonnali f\u00e1jln\u00e9v-keres\u00e9s\u201d. A v\u00e1llalat egy harmadik f\u00e9lt\u0151l sz\u00e1rmaz\u00f3, File Pilot nev\u0171 alkalmaz\u00e1st tekint ezen fejleszt\u00e9sek m\u00e9rc\u00e9j\u00e9nek.<\/p>\n\n\n\n<p>A Windows Update is fejleszt\u00e9sre ker\u00fcl, azzal a c\u00e9llal, hogy a Windows 11 el\u00e9g megb\u00edzhat\u00f3 legyen ahhoz, hogy csak havonta egyszer kelljen \u00fajraind\u00edtani. A motorh\u00e1ztet\u0151 alatt olyan v\u00e1ltoz\u00e1sok is v\u00e1rhat\u00f3k, amelyek a Windows friss\u00edt\u00e9s\u00e9t z\u00f6kken\u0151mentesebb\u00e9 teszik, p\u00e9ld\u00e1ul a kijelz\u0151 \u00e9s a hangilleszt\u0151programok friss\u00edt\u00e9se csak \u00fajraind\u00edt\u00e1skor t\u00f6rt\u00e9nik, nem pedig akt\u00edv haszn\u00e1lat k\u00f6zben.<\/p>\n\n\n\n<p>Azt mondj\u00e1k, hogy \u00f6sszehangolt er\u0151fesz\u00edt\u00e9seket tesznek a Windows 11 leselejtez\u00e9s\u00e9re is, a t\u00e9tlen mem\u00f3riahaszn\u00e1lat minimaliz\u00e1l\u00e1s\u00e1ra \u00e9s az oper\u00e1ci\u00f3s rendszer teljes helyig\u00e9ny\u00e9nek cs\u00f6kkent\u00e9s\u00e9re \u00f6sszpontos\u00edtva, hogy jobban fusson als\u00f3 kateg\u00f3ri\u00e1s hardvereken, valamint sim\u00e1bban a cs\u00facskateg\u00f3ri\u00e1s rendszereken \u00e9s gamer k\u00e9zikonzolokon.<\/p>\n\n\n\n<p>A K2 kiemelt figyelmet ford\u00edt a k\u00e9zm\u0171vess\u00e9gre is, a felhaszn\u00e1l\u00f3i \u00e9lm\u00e9nyre vonatkoz\u00f3 panaszok kezel\u00e9s\u00e9re \u00e9s a rajong\u00f3k kedvenc funkci\u00f3inak vissza\u00e1ll\u00edt\u00e1s\u00e1ra, amelyek a Windows 11 megjelen\u00e9se \u00f3ta hi\u00e1nyoztak. A Microsoft m\u00e1r meger\u0151s\u00edtette a t\u00e1lca \u00e1thelyez\u00e9s\u00e9nek \u00e9s \u00e1tm\u00e9retez\u00e9s\u00e9nek lehet\u0151s\u00e9g\u00e9t , amely a Windows 11 egyik leggyakrabban k\u00e9rt funkci\u00f3ja.<\/p>\n\n\n\n<p>A K2 kezdem\u00e9nyez\u00e9s arra is \u00f6szt\u00f6nzi a csapatokat, hogy bels\u0151leg jobban t\u00e1maszkodjanak a h\u00e1zon bel\u00fcli Windows UI keretrendszerre. A WinUI 3 a K2 alapvet\u0151 eleme, \u00e9s a teljes\u00edtm\u00e9nybeli fejleszt\u00e9sek folyamatban vannak annak \u00e9rdek\u00e9ben, hogy ezek a nat\u00edv felhaszn\u00e1l\u00f3i fel\u00fcletek gyorsabbak \u00e9s megb\u00edzhat\u00f3bbak legyenek, \u00edgy a rendszer t\u00f6bb ter\u00fclet\u00e9n is haszn\u00e1lhat\u00f3k legyenek, bele\u00e9rtve azokat a r\u00e9gebbi fel\u00fcleteket is, amelyek jelenleg l\u00e9teznek, p\u00e9ld\u00e1ul a Futtat\u00e1s \u00e9s a Vez\u00e9rl\u0151pult.<\/p>\n\n\n\n<p>T\u00f6bbek k\u00f6z\u00f6tt a WinUI 3 \u00faj rendszer\u00f6sszetev\u0151j\u00e9vel is ez t\u00f6rt\u00e9nik, ami cs\u00f6kkenti a felhaszn\u00e1l\u00f3i fel\u00fclet k\u00e9sleltet\u00e9s\u00e9t \u00e9s mem\u00f3ria-terhel\u00e9s\u00e9t, \u00edgy az olyan elemek, mint a Start men\u00fc \u00e9s a t\u00e1lca, mindig reszponz\u00edvak \u00e9s haszn\u00e1lhat\u00f3ak lesznek, m\u00e9g nagy rendszerterhel\u00e9s alatt is.<\/p>\n\n\n\n<p>Val\u00f3j\u00e1ban az \u00faj kompozitorral a Microsoft a null\u00e1r\u00f3l \u00e9p\u00edti \u00fajra a Start men\u00fct a WinUI 3-mal. Azt mondj\u00e1k, hogy ez az \u00faj Start men\u00fc ak\u00e1r 60%-kal gyorsabb \u00e9s reszponz\u00edvabb lesz a megl\u00e9v\u0151n\u00e9l, mik\u00f6zben t\u00f6bb testreszab\u00e1si lehet\u0151s\u00e9get is k\u00edn\u00e1l, p\u00e9ld\u00e1ul \u00e1tm\u00e9retezhet\u0151 \u00e9s elrejthet\u0151ek lesznek a men\u00fc egyes r\u00e9szei.<\/p>\n\n\n\n<p>A K2 projekt a webes fel\u00fcletek sz\u0171r\u00e9s\u00e9vel kapcsolatos n\u00e9h\u00e1ny nagy probl\u00e9m\u00e1val is foglalkozik. \u00dagy tudom, a Microsoft elt\u00e1vol\u00edtja a hirdet\u00e9seket a Start men\u00fcb\u0151l, ami p\u00e9nz\u00fcgyi szempontb\u00f3l nem kis teljes\u00edtm\u00e9ny. Azt is tervezik, hogy az MSN alap\u00e9rtelmez\u00e9s szerint ne jelenjen meg a Widgets Boardban, ehelyett a Widgets Panelt helyezik el\u0151t\u00e9rbe, az MSN-t pedig m\u00e1sodlagos funkci\u00f3k\u00e9nt kezelik az els\u0151dleges helyett.<\/p>\n\n\n\n<p>K2 fejl\u0151dik<br>A Windows K2-nek nincs befejez\u00e9si d\u00e1tuma. Ez egy folyamatban l\u00e9v\u0151 kezdem\u00e9nyez\u00e9s , amely l\u00e9nyeg\u00e9ben meghat\u00e1rozza, hogyan kellene a Windowst fel\u00e9p\u00edteni, \u00e9s mit kellene priorit\u00e1sk\u00e9nt kezelnie a j\u00f6v\u0151ben. A c\u00e9l a Windows 11 fel\u00faj\u00edt\u00e1sa \u00e9s a platform \u00fajrapoz\u00edcion\u00e1l\u00e1sa olyann\u00e1, amire az emberek b\u00fcszk\u00e9n haszn\u00e1lhatnak, \u00e9s ezt k\u00f6vetkezetesen fenntartani.<\/p>\n\n\n\n<p>Ez egy pozit\u00edv mozgalom, amelyre a Windowsnak k\u00e9ts\u00e9gbeesetten sz\u00fcks\u00e9ge van, \u00e9s amely seg\u00edt abban, hogy a platform a j\u00f6v\u0151ben is \u00e9letk\u00e9pes versenyt\u00e1rsk\u00e9nt pozicion\u00e1lhassa mag\u00e1t. A Windows K2 kezdem\u00e9nyez\u00e9s r\u00e9sz\u00e9t k\u00e9pez\u0151 v\u00e1ltoztat\u00e1sok \u00e9s fejleszt\u00e9sek m\u00e1r elkezd\u0151dtek, \u00e9s a ny\u00e1r folyam\u00e1n tov\u00e1bbiak el\u0151zetes megjelen\u00e9se v\u00e1rhat\u00f3.<\/p>\n\n\n\n<p><mark style=\"background-color:#9b51e0\" class=\"has-inline-color has-white-color\">Tov\u00e1bb a cikkre:<\/mark> <a href=\"https:\/\/www.windowscentral.com\/microsoft\/windows-11\/what-is-windows-k2-everything-you-need-to-know-saving-windows-11\" target=\"_blank\" rel=\"noreferrer noopener\">windowscentral.com<\/a> (Zac Bowden)<\/p>\n","protected":false},"excerpt":{"rendered":"<p>Betekint\u00e9st nyerhet\u00fcnk a Microsoft nagy terv\u00e9be, amelynek c\u00e9lja a Windows 11 megment\u00e9se \u00e9s a felhaszn\u00e1l\u00f3k bizalm\u00e1nak visszaszerz\u00e9se. A Microsoft \u00e1talak\u00edtotta&hellip;<\/p>\n","protected":false},"author":1,"featured_media":7818,"comment_status":"closed","ping_status":"closed","sticky":false,"template":"","format":"standard","meta":{"footnotes":""},"categories":[39],"tags":[],"class_list":["post-7817","post","type-post","status-publish","format-standard","has-post-thumbnail","hentry","category-bigtech"],"_links":{"self":[{"href":"https:\/\/digitalnews.hu\/index.php?rest_route=\/wp\/v2\/posts\/7817","targetHints":{"allow":["GET"]}}],"collection":[{"href":"https:\/\/digitalnews.hu\/index.php?rest_route=\/wp\/v2\/posts"}],"about":[{"href":"https:\/\/digitalnews.hu\/index.php?rest_route=\/wp\/v2\/types\/post"}],"author":[{"embeddable":true,"href":"https:\/\/digitalnews.hu\/index.php?rest_route=\/wp\/v2\/users\/1"}],"replies":[{"embeddable":true,"href":"https:\/\/digitalnews.hu\/index.php?rest_route=%2Fwp%2Fv2%2Fcomments&post=7817"}],"version-history":[{"count":6,"href":"https:\/\/digitalnews.hu\/index.php?rest_route=\/wp\/v2\/posts\/7817\/revisions"}],"predecessor-version":[{"id":7824,"href":"https:\/\/digitalnews.hu\/index.php?rest_route=\/wp\/v2\/posts\/7817\/revisions\/7824"}],"wp:featuredmedia":[{"embeddable":true,"href":"https:\/\/digitalnews.hu\/index.php?rest_route=\/wp\/v2\/media\/7818"}],"wp:attachment":[{"href":"https:\/\/digitalnews.hu\/index.php?rest_route=%2Fwp%2Fv2%2Fmedia&parent=7817"}],"wp:term":[{"taxonomy":"category","embeddable":true,"href":"https:\/\/digitalnews.hu\/index.php?rest_route=%2Fwp%2Fv2%2Fcategories&post=7817"},{"taxonomy":"post_tag","embeddable":true,"href":"https:\/\/digitalnews.hu\/index.php?rest_route=%2Fwp%2Fv2%2Ftags&post=7817"}],"curies":[{"name":"wp","href":"https:\/\/api.w.org\/{rel}","templated":true}]}}