{"id":7830,"date":"2026-04-27T23:51:56","date_gmt":"2026-04-27T21:51:56","guid":{"rendered":"https:\/\/digitalnews.hu\/?p=7830"},"modified":"2026-04-27T23:51:56","modified_gmt":"2026-04-27T21:51:56","slug":"gigabites-ugras-igy-valosulhat-meg-2030-ra-a-magyar-digitalis-alom","status":"publish","type":"post","link":"https:\/\/digitalnews.hu\/?p=7830","title":{"rendered":"Gigabites ugr\u00e1s: \u00edgy val\u00f3sulhat meg 2030-ra a magyar digit\u00e1lis \u00e1lom"},"content":{"rendered":"\n<p>N\u00e9h\u00e1ny \u00e9ven bel\u00fcl elt\u0171nhetnek a \u201efeh\u00e9r foltok\u201d a magyar t\u00e9rk\u00e9pr\u0151l: a Telekom t\u00f6bb sz\u00e1z telep\u00fcl\u00e9sen ind\u00edt optikai h\u00e1l\u00f3zatfejleszt\u00e9st, mik\u00f6zben m\u00e1r most 300 milli\u00e1rd forintot k\u00f6lt\u00f6tt infrastrukt\u00far\u00e1ra. A c\u00e9l egy\u00e9rtelm\u0171: 2030-ra gyakorlatilag minden h\u00e1ztart\u00e1s gigabitk\u00e9pes internethez jusson \u2013 m\u00e9g ott is, ahol eddig \u00fczletileg nem \u00e9rte meg. A k\u00e9rd\u00e9s m\u00e1r nem az, lesz-e gyors net, hanem az, ki marad le r\u00f3la.<br>\u00daj szintre l\u00e9p a hazai digitaliz\u00e1ci\u00f3: a Magyar Telekom nagyszab\u00e1s\u00fa optikai h\u00e1l\u00f3zatfejleszt\u00e9st ind\u00edt uni\u00f3s \u00e9s saj\u00e1t forr\u00e1sb\u00f3l, aminek c\u00e9lja, hogy n\u00e9h\u00e1ny \u00e9ven bel\u00fcl gyakorlatilag minden magyar h\u00e1ztart\u00e1s sz\u00e1m\u00e1ra el\u00e9rhet\u0151v\u00e9 v\u00e1ljon a gigabitk\u00e9pes internet. A DIMOP Plusz 3.1.2-25 Gigabit Magyarorsz\u00e1g Program keret\u00e9ben a v\u00e1llalat 20,3 milli\u00e1rd forint vissza nem t\u00e9r\u00edtend\u0151 t\u00e1mogat\u00e1st nyert el, amelyb\u0151l 16 v\u00e1rmegye 41 j\u00e1r\u00e1s\u00e1ban fejleszt, t\u00f6bb mint 500 telep\u00fcl\u00e9st \u00e9rintve. A beruh\u00e1z\u00e1s eredm\u00e9nyek\u00e9nt 118\u2013120 ezer \u00faj ig\u00e9nyhely kapcsol\u00f3dik be a h\u00e1l\u00f3zatba 2028 v\u00e9g\u00e9ig, mik\u00f6zben a kivitelez\u00e9s m\u00e1r 2026-ban elindul.<\/p>\n\n\n\n<p>A program azonban csak egy szelete annak a j\u00f3val nagyobb \u00edv\u0171 strat\u00e9gi\u00e1nak, amelyben a Telekom az elm\u00falt \u00e9vekben a hazai <a href=\"https:\/\/index.hu\/techtud\/2026\/03\/03\/mwc-2026-deutsche-telekom-t-mobile-us-magenta-ai-call-assistent-6g\/\" target=\"_blank\" rel=\"noreferrer noopener\">digit\u00e1lis infrastrukt\u00fara egyik legnagyobb fejleszt\u0151j\u00e9v\u00e9<\/a> v\u00e1lt.<\/p>\n\n\n\n<p>\u201eNem kamp\u00e1ny, hanem strat\u00e9gia\u201d \u2013 300 milli\u00e1rdos h\u00e1l\u00f3zat\u00e9p\u00edt\u00e9s<br>Nagy P\u00e9ter m\u0171szaki vez\u00e9rigazgat\u00f3-helyettes szerint a jelenlegi fejleszt\u00e9si hull\u00e1m gy\u00f6kerei eg\u00e9szen 2019\u20132020-ig ny\u00falnak vissza, amikor a Telekom tudatosan d\u00f6nt\u00f6tt az optikai \u00e9s mobil-infrastrukt\u00fara p\u00e1rhuzamos moderniz\u00e1ci\u00f3ja mellett.<\/p>\n\n\n\n<p>&#8222;Az elm\u00falt \u00f6t \u00e9vben mintegy 300 milli\u00e1rd forint \u00e9rt\u00e9kben fejlesztett\u00fck a h\u00e1l\u00f3zatunkat&#8221; \u2013 mondta, hangs\u00falyozva, hogy ez nem kamp\u00e1nyszer\u0171 beruh\u00e1z\u00e1s, hanem k\u00f6vetkezetes strat\u00e9gia.<\/p>\n\n\n\n<p>A sz\u00e1mok ezt a l\u00e9pt\u00e9ket j\u00f3l mutatj\u00e1k: ma m\u00e1r k\u00f6r\u00fclbel\u00fcl 4 milli\u00f3 h\u00e1ztart\u00e1s sz\u00e1m\u00e1ra el\u00e9rhet\u0151 gigabitk\u00e9pes h\u00e1l\u00f3zat, ebb\u0151l nagyj\u00e1b\u00f3l 3 milli\u00f3 optikai alapon m\u0171k\u00f6dik, m\u00edg 1 milli\u00f3 m\u00e9g HFC- (koaxi\u00e1lis) technol\u00f3gi\u00e1n. A fejleszt\u00e9sek azonban nem lassulnak: 2026-ban tov\u00e1bbi 300 ezer h\u00e1ztart\u00e1s bek\u00f6t\u00e9se szerepel a tervekben.<\/p>\n\n\n\n<p>A h\u00e1tt\u00e9rben egy\u00e9rtelm\u0171 piaci k\u00e9nyszer \u00e1ll. Az adatforgalom \u00e9vr\u0151l \u00e9vre gyors \u00fctemben n\u0151: a vezet\u00e9kes h\u00e1l\u00f3zatokon 17-18 sz\u00e1zal\u00e9kos, a mobiln\u00e1l ak\u00e1r 20-25 sz\u00e1zal\u00e9kos b\u0151v\u00fcl\u00e9s is tapasztalhat\u00f3. Ez folyamatos kapacit\u00e1sfejleszt\u00e9st ig\u00e9nyel, amelyet a Telekom m\u00e1r most el\u0151k\u00e9sz\u00edt: a Budapesti M\u0171szaki \u00e9s Gazdas\u00e1gtudom\u00e1nyi Egyetemmel k\u00f6z\u00f6sen olyan h\u00e1l\u00f3zatm\u00e9retez\u00e9sen dolgoznak, amely ak\u00e1r 50 gigabites sebess\u00e9get is lehet\u0151v\u00e9 tesz a j\u00f6v\u0151ben.<\/p>\n\n\n\n<p>Nagy P\u00e9ter szerint a v\u00e9gc\u00e9l vil\u00e1gos: 2030-ra egys\u00e9ges, optik\u00e1ra \u00e9p\u00fcl\u0151 infrastrukt\u00fara, amelyben a jelenlegi p\u00e1rhuzamos technol\u00f3gi\u00e1k fokozatosan h\u00e1tt\u00e9rbe szorulnak.<\/p>\n\n\n\n<p>A \u201efeh\u00e9r foltok\u201d felsz\u00e1mol\u00e1sa: \u00fczletileg nem, t\u00e1rsadalmilag ann\u00e1l ink\u00e1bb<br>A DIMOP-program egyik legfontosabb eleme, hogy olyan ter\u00fcletekre is eljut a korszer\u0171 h\u00e1l\u00f3zat, ahol eddig nem volt gazdas\u00e1gos fejleszteni. K\u00f6vesi Gabriella szab\u00e1lyoz\u00e1si igazgat\u00f3 kiemelte: a p\u00e1ly\u00e1zati konstrukci\u00f3 kifejezetten azokra az \u00fagynevezett feh\u00e9r ig\u00e9nyhelyekre f\u00f3kusz\u00e1l, ahol nincs gigabitk\u00e9pes infrastrukt\u00fara.<\/p>\n\n\n\n<p>\u201eA Telekom nemcsak a t\u00e1mogatott projekteket viszi, hanem jelent\u0151s \u00f6ner\u0151s fejleszt\u00e9seket is v\u00e1llalt: mintegy 560 ezer ig\u00e9nyhelyet \u00e9p\u00edt\u00fcnk ki piaci alapon\u201d \u2013 mondta. A k\u00e9t sz\u00e1m egy\u00fctt mutatja a strat\u00e9gia l\u00e9nyeg\u00e9t: a v\u00e1llalat egyszerre reag\u00e1l piaci \u00e9s t\u00e1rsadalmi ig\u00e9nyekre.<\/p>\n\n\n\n<p>A szab\u00e1lyoz\u00e1s saj\u00e1toss\u00e1ga, hogy ahol a Telekom v\u00e1llalta a piaci alap\u00fa fejleszt\u00e9st, ott m\u00e1s szolg\u00e1ltat\u00f3 nem kaphat \u00e1llami t\u00e1mogat\u00e1st ugyanarra a ter\u00fcletre. Ez a gyakorlatban azt jelenti, hogy a v\u00e1llalat jelent\u0151s m\u00e9rt\u00e9kben meghat\u00e1rozza a fejleszt\u00e9si t\u00e9rk\u00e9pet.<\/p>\n\n\n\n<p>A beruh\u00e1z\u00e1sok h\u00e1romnegyede kev\u00e9sb\u00e9 fejlett r\u00e9gi\u00f3kban val\u00f3sul meg, k\u00fcl\u00f6n\u00f6sen \u00c9szak-Magyarorsz\u00e1gon, az \u00c9szak-Alf\u00f6ld\u00f6n \u00e9s a D\u00e9l-Dun\u00e1nt\u00falon. A c\u00e9l nemcsak az infrastrukt\u00fara fejleszt\u00e9se, hanem a digit\u00e1lis szakad\u00e9k cs\u00f6kkent\u00e9se is.<\/p>\n\n\n\n<p>R\u00e9zmentes j\u00f6v\u0151, de nem egyik napr\u00f3l a m\u00e1sikra<br>A Telekom hosszabb t\u00e1v\u00fa c\u00e9lja, hogy 2030-ra megsz\u00fcntesse a r\u00e9zalap\u00fa szolg\u00e1ltat\u00e1sokat. Jelenleg m\u00e9g mintegy 280 ezer el\u0151fizet\u0151 haszn\u00e1l ilyen h\u00e1l\u00f3zatot, de sz\u00e1muk folyamatosan cs\u00f6kken. Az \u00e1t\u00e1ll\u00e1s ugyanakkor nem er\u0151szakos: a v\u00e1llalat fokozatosan, eduk\u00e1ci\u00f3val \u00e9s aj\u00e1nlatokkal tereli az \u00fcgyfeleket az \u00faj technol\u00f3gi\u00e1k fel\u00e9.<\/p>\n\n\n\n<p>\u201eNem hagyunk senkit szolg\u00e1ltat\u00e1s n\u00e9lk\u00fcl\u201d \u2013 hangs\u00falyozta Nagy P\u00e9ter. Ha az optika nem megoldhat\u00f3, vezet\u00e9k n\u00e9lk\u00fcli technol\u00f3gi\u00e1val (fixed wireless access) biztos\u00edtj\u00e1k az <a href=\"https:\/\/dex.hu\/x.php?id=index_gazdasag_cikklink&amp;url=https%3A%2F%2Findex.hu%2Fgazdasag%2F2025%2F07%2F20%2Ftelekommunikacio-mobiltelefon-internet-t-mobile-usa-seattle-amerika-elon-musk-starlink-muhold-interneteleres-vakfolt%2F\" target=\"_blank\" rel=\"noreferrer noopener\">internetel\u00e9r\u00e9st<\/a>.<\/p>\n\n\n\n<p>A gyakorlatban ez azt jelenti, hogy a h\u00e1l\u00f3zat\u00e9p\u00edt\u00e9s nem egyetlen technol\u00f3gia kiz\u00e1r\u00f3lagoss\u00e1g\u00e1r\u00f3l sz\u00f3l, hanem egy rugalmas rendszer kialak\u00edt\u00e1s\u00e1r\u00f3l. Ugyanakkor a strat\u00e9giai ir\u00e1ny egy\u00e9rtelm\u0171: a r\u00e9z h\u00e1tt\u00e9rbe szorul, a HFC csak \u00e1tmeneti megold\u00e1s, az optika pedig a v\u00e9gpont.<\/p>\n\n\n\n<p>AI a h\u00e1l\u00f3zatban: nemcsak gyorsabb, hanem okosabb is lesz<br>A fejleszt\u00e9sek nem csak a sebess\u00e9gr\u0151l sz\u00f3lnak. Nagy P\u00e9ter szerint az \u00faj gener\u00e1ci\u00f3s h\u00e1l\u00f3zatok m\u00e1r mesters\u00e9ges intelligenci\u00e1val m\u0171k\u00f6dnek, amely k\u00e9pes optimaliz\u00e1lni az energiafelhaszn\u00e1l\u00e1st \u00e9s a kapacit\u00e1seloszt\u00e1st.<\/p>\n\n\n\n<p>A rendszer p\u00e9ld\u00e1ul automatikusan cs\u00f6kkenti a h\u00e1l\u00f3zati elemek m\u0171k\u00f6d\u00e9s\u00e9t alacsony forgalm\u00fa id\u0151szakokban, hasonl\u00f3an ahhoz, ahogy egy okostelefon \u201ealv\u00f3 m\u00f3dba\u201d kapcsol. Ez nemcsak k\u00f6lts\u00e9ghat\u00e9konyabb m\u0171k\u00f6d\u00e9st tesz lehet\u0151v\u00e9, hanem a fenntarthat\u00f3s\u00e1gi c\u00e9lokhoz is hozz\u00e1j\u00e1rul.<\/p>\n\n\n\n<p>K\u00f6vesi Gabriella ehhez kapcsol\u00f3dva kiemelte: min\u00e9l korszer\u0171bb egy infrastrukt\u00fara, ann\u00e1l energiahat\u00e9konyabb. A DIMOP-programban ez\u00e9rt a k\u00f6rnyezeti szempontok is hangs\u00falyosak, a kivitelez\u00e9s sor\u00e1n p\u00e9ld\u00e1ul jelent\u0151s mennyis\u00e9g\u0171 anyag \u00fajrahasznos\u00edt\u00e1sa t\u00f6rt\u00e9nik.<\/p>\n\n\n\n<p>Enged\u00e9lyek, \u00f6nkorm\u00e1nyzatok, infrastrukt\u00fara: a l\u00e1thatatlan akad\u00e1lyok<br>A fejleszt\u00e9sek egyik legnagyobb kih\u00edv\u00e1sa nem a technol\u00f3gia, hanem az enged\u00e9lyez\u00e9s \u00e9s az infrastrukt\u00fara-hozz\u00e1f\u00e9r\u00e9s. K\u00f6vesi Gabriella szerint egy h\u00e1rom\u00e9ves programb\u00f3l ak\u00e1r egy \u00e9vet is elvihetnek az egyeztet\u00e9sek az \u00f6nkorm\u00e1nyzatokkal \u00e9s az \u00e1ramszolg\u00e1ltat\u00f3kkal.<\/p>\n\n\n\n<p>A probl\u00e9m\u00e1k sokszor helyi szinten jelentkeznek: p\u00e9ldak\u00e9nt eml\u00edtett olyan telep\u00fcl\u00e9st, ahol csak f\u00f6ld alatt enged\u00e9lyezik a k\u00e1belez\u00e9st, ami jelent\u0151sen megdr\u00e1g\u00edtja \u00e9s lass\u00edtja a beruh\u00e1z\u00e1st. M\u00e1s esetekben az oszlophaszn\u00e1lat felt\u00e9telei okoznak konfliktust.<\/p>\n\n\n\n<p>A Telekom ugyanakkor abban b\u00edzik, hogy a n\u00f6vekv\u0151 lakoss\u00e1gi ig\u00e9nyek nyom\u00e1st gyakorolnak a helyi d\u00f6nt\u00e9shoz\u00f3kra, \u00e9s hosszabb t\u00e1von egyszer\u0171bb\u00e9 v\u00e1lik a fejleszt\u00e9sek lebonyol\u00edt\u00e1sa.<\/p>\n\n\n\n<p>Magyarorsz\u00e1g m\u00e1r most el\u0151r\u00e9bb j\u00e1r \u2013 de a c\u00e9l m\u00e9g messze van<br>A Telekom \u00e9rt\u00e9kel\u00e9se szerint Magyarorsz\u00e1g digit\u00e1lis infrastrukt\u00far\u00e1ja m\u00e1r jelenleg is az uni\u00f3s \u00e1tlag felett \u00e1ll: a gigabitk\u00e9pes lefedetts\u00e9g 80 sz\u00e1zal\u00e9k k\u00f6r\u00fcl alakul, szemben az EU 69 sz\u00e1zal\u00e9kos szintj\u00e9vel. Ez azonban csak kiindul\u00f3pont.<\/p>\n\n\n\n<p>A k\u00f6vetkez\u0151 \u00e9vek t\u00e9tje az, hogy ez az el\u0151ny tart\u00f3ss\u00e1 v\u00e1lik-e, \u00e9s siker\u00fcl-e val\u00f3ban egys\u00e9ges, j\u00f6v\u0151\u00e1ll\u00f3 h\u00e1l\u00f3zatot l\u00e9trehozni. A Telekom c\u00e9lja egy\u00e9rtelm\u0171: egy \u201eegys\u00e9ges magenta sz\u00edn\u0171 orsz\u00e1g\u201d, ahol a sz\u00e9les s\u00e1v\u00fa internet nem kiv\u00e1lts\u00e1g, hanem alapinfrastrukt\u00fara.<\/p>\n\n\n\n<p>A most indul\u00f3 fejleszt\u00e9sek \u00edgy nem csup\u00e1n \u00faj k\u00e1belekr\u0151l sz\u00f3lnak, hanem arr\u00f3l, hogy Magyarorsz\u00e1g milyen poz\u00edci\u00f3t foglal el a digit\u00e1lis gazdas\u00e1g k\u00f6vetkez\u0151 \u00e9vtized\u00e9ben.<\/p>\n\n\n\n<p><mark style=\"background-color:#9b51e0\" class=\"has-inline-color has-white-color\">Tov\u00e1bb a cikkre:<\/mark> <a href=\"https:\/\/index.hu\/gazdasag\/2026\/04\/27\/telekom-telekommunikacio-vezetekes-internet-optikai-halozat-halozatepites-gigabitkepes-internet-beruhazas\/\" target=\"_blank\" rel=\"noreferrer noopener\">index.hu<\/a> (Kasz\u00e1s G\u00e1bor)<\/p>\n\n\n\n<p><\/p>\n","protected":false},"excerpt":{"rendered":"<p>N\u00e9h\u00e1ny \u00e9ven bel\u00fcl elt\u0171nhetnek a \u201efeh\u00e9r foltok\u201d a magyar t\u00e9rk\u00e9pr\u0151l: a Telekom t\u00f6bb sz\u00e1z telep\u00fcl\u00e9sen ind\u00edt optikai h\u00e1l\u00f3zatfejleszt\u00e9st, mik\u00f6zben m\u00e1r&hellip;<\/p>\n","protected":false},"author":1,"featured_media":7831,"comment_status":"closed","ping_status":"closed","sticky":false,"template":"","format":"standard","meta":{"footnotes":""},"categories":[14],"tags":[],"class_list":["post-7830","post","type-post","status-publish","format-standard","has-post-thumbnail","hentry","category-tavkozles"],"_links":{"self":[{"href":"https:\/\/digitalnews.hu\/index.php?rest_route=\/wp\/v2\/posts\/7830","targetHints":{"allow":["GET"]}}],"collection":[{"href":"https:\/\/digitalnews.hu\/index.php?rest_route=\/wp\/v2\/posts"}],"about":[{"href":"https:\/\/digitalnews.hu\/index.php?rest_route=\/wp\/v2\/types\/post"}],"author":[{"embeddable":true,"href":"https:\/\/digitalnews.hu\/index.php?rest_route=\/wp\/v2\/users\/1"}],"replies":[{"embeddable":true,"href":"https:\/\/digitalnews.hu\/index.php?rest_route=%2Fwp%2Fv2%2Fcomments&post=7830"}],"version-history":[{"count":1,"href":"https:\/\/digitalnews.hu\/index.php?rest_route=\/wp\/v2\/posts\/7830\/revisions"}],"predecessor-version":[{"id":7832,"href":"https:\/\/digitalnews.hu\/index.php?rest_route=\/wp\/v2\/posts\/7830\/revisions\/7832"}],"wp:featuredmedia":[{"embeddable":true,"href":"https:\/\/digitalnews.hu\/index.php?rest_route=\/wp\/v2\/media\/7831"}],"wp:attachment":[{"href":"https:\/\/digitalnews.hu\/index.php?rest_route=%2Fwp%2Fv2%2Fmedia&parent=7830"}],"wp:term":[{"taxonomy":"category","embeddable":true,"href":"https:\/\/digitalnews.hu\/index.php?rest_route=%2Fwp%2Fv2%2Fcategories&post=7830"},{"taxonomy":"post_tag","embeddable":true,"href":"https:\/\/digitalnews.hu\/index.php?rest_route=%2Fwp%2Fv2%2Ftags&post=7830"}],"curies":[{"name":"wp","href":"https:\/\/api.w.org\/{rel}","templated":true}]}}