{"id":7842,"date":"2026-04-28T00:35:12","date_gmt":"2026-04-27T22:35:12","guid":{"rendered":"https:\/\/digitalnews.hu\/?p=7842"},"modified":"2026-04-28T00:35:12","modified_gmt":"2026-04-27T22:35:12","slug":"kiszivarogtak-kepek-a-samsung-uj-okosszemuvegerol","status":"publish","type":"post","link":"https:\/\/digitalnews.hu\/?p=7842","title":{"rendered":"Kisziv\u00e1rogtak k\u00e9pek a Samsung \u00faj okosszem\u00fcveg\u00e9r\u0151l"},"content":{"rendered":"\n<p>&#8222;Jinju&#8221; k\u00f3dnev\u0171ek, \u00e9s az \u00e1ruk 380 \u00e9s 500 doll\u00e1r k\u00f6z\u00f6tt mozoghat.<\/p>\n\n\n\n<p>Kisziv\u00e1rogtak k\u00e9pek \u00e9s r\u00e9szletek a Samsung hamarosan megjelen\u0151 okosszem\u00fcveg\u00e9r\u0151l. Egy jelent\u00e9s szerint <a href=\"https:\/\/www.androidheadlines.com\/samsung-galaxy-glasses\" target=\"_blank\" rel=\"noreferrer noopener\">Android h\u00edrek<\/a> . Tudtuk, hogy a bejelnt\u00e9s hamarosan elj\u00f6n, de most m\u00e1r vannak olyan k\u00e9pek is, amelyek ak\u00e1r val\u00f3diak is lehetnek, \u00e9s el\u00e9g \u00fcgyesnek t\u0171nnek. A szem\u00fcveget \u00e1ll\u00edt\u00f3lag \u201eJinju\u201d k\u00f3dn\u00e9v alatt fejlesztik, \u00e9s az \u00e1ra 380 \u00e9s 500 doll\u00e1r k\u00f6z\u00f6tt mozoghat.<\/p>\n\n\n\n<p>Ezek a Samsung els\u0151 okosszem\u00fcvegei, \u00e9s \u00fagy t\u0171nik, hasonl\u00f3 funkci\u00f3kat k\u00edn\u00e1lnak, mint p\u00e9ld\u00e1ul a\u2026<a href=\"https:\/\/www.engadget.com\/wearables\/ray-ban-meta-2nd-gen-review-smart-glasses-are-finally-getting-useful-124720393.html\" target=\"_blank\" rel=\"noreferrer noopener\">Meta Ray-Ban<\/a> napszem\u00fcvegek \u00e9s a k\u00f6zelg\u0151 <a href=\"https:\/\/www.engadget.com\/wearables\/heres-how-google-is-laying-the-foundation-for-our-mixed-reality-future-180000716.html\" target=\"_blank\" rel=\"noreferrer noopener\">Google Gemini szem\u00fcveg<\/a>. A Samsung specifik\u00e1ci\u00f3i a k\u00f6vetkez\u0151n fognak futni: <a href=\"https:\/\/blog.google\/products-and-platforms\/platforms\/android\/android-xr-immersive-features-update-april-2026\/\" target=\"_blank\" rel=\"noreferrer noopener\">Android XR viselhet\u0151 platform<\/a> \u00e9s val\u00f3sz\u00edn\u0171leg er\u0151sen integr\u00e1lva lesz a Google Gemini chatbottal.<\/p>\n\n\n\n<figure class=\"wp-block-embed is-type-video is-provider-youtube wp-block-embed-youtube wp-embed-aspect-16-9 wp-has-aspect-ratio\"><div class=\"wp-block-embed__wrapper\">\n<iframe loading=\"lazy\" title=\"Exclusive: This is the Samsung Galaxy Glasses\" width=\"640\" height=\"360\" src=\"https:\/\/www.youtube.com\/embed\/t_603laD8xo?start=317&#038;feature=oembed\" frameborder=\"0\" allow=\"accelerometer; autoplay; clipboard-write; encrypted-media; gyroscope; picture-in-picture; web-share\" referrerpolicy=\"strict-origin-when-cross-origin\" allowfullscreen><\/iframe>\n<\/div><\/figure>\n\n\n\n<p>A besz\u00e1mol\u00f3k szerint ezek a szem\u00fcvegek nem rendelkeznek kijelz\u0151vel, de ez val\u00f3sz\u00edn\u0171leg egy m\u00e1sik p\u00e1rral \u00e9rkezik 2027-ben. A m\u00e1sodik kiad\u00e1st \u201eHaean\u201d k\u00f3dn\u00e9v alatt fejlesztik, \u00e9s \u00e1ll\u00edt\u00f3lag egy mikro-LED kijelz\u0151t is tartalmaz majd, amely hasonl\u00f3 funkci\u00f3kat tesz lehet\u0151v\u00e9, mint a hasonl\u00f3\u2026<a href=\"https:\/\/www.engadget.com\/wearables\/meta-ray-ban-display-review-chunky-frames-with-impressive-abilities-193127070.html\" target=\"_blank\" rel=\"noreferrer noopener\">Meta Ray-Ban kijelz\u0151s<\/a> szem\u00fcvegek. Ezek \u00e1ra 600 \u00e9s 900 doll\u00e1r k\u00f6z\u00f6tt mozoghat.<\/p>\n\n\n\n<p>Nem tudjuk, mikor jelenik meg a Jinju szem\u00fcveg, de az biztosra vehet\u0151, hogy m\u00e9g id\u00e9n.  Akkoriban hivatalos r\u00e9szleteket is kaphatunk, b\u00e1r nem val\u00f3sz\u00edn\u0171, hogy az okosszem\u00fcveg olyan dolgokkal egy\u00fctt jelenik meg, mint a Galaxy Z Fold 8 \u00e9s a Galaxy Watch 9.<\/p>\n\n\n\n<p>Sokkal val\u00f3sz\u00edn\u0171bb, hogy azon az esem\u00e9nyen kapunk majd egy kis \u00edzel\u00edt\u0151t, a bemutat\u00f3val pedig az \u00e9v k\u00e9s\u0151bbi szakasz\u00e1ban ker\u00fcl sor. Ezt tette a Samsung a\u2026<a href=\"https:\/\/www.engadget.com\/ar-vr\/samsungs-galaxy-xr-doesnt-give-me-much-hope-for-android-xr-110000129.html\" target=\"_blank\" rel=\"noreferrer noopener\">Galaxy XR virtu\u00e1lis val\u00f3s\u00e1g headset<\/a> tavaly.<\/p>\n\n\n\n<figure class=\"wp-block-embed is-type-video is-provider-youtube wp-block-embed-youtube wp-embed-aspect-16-9 wp-has-aspect-ratio\"><div class=\"wp-block-embed__wrapper\">\n<iframe loading=\"lazy\" title=\"Samsung Galaxy XR hands-on: An Android take on Apple&#039;s Vision Pro for half the price\" width=\"640\" height=\"360\" src=\"https:\/\/www.youtube.com\/embed\/uJkbTave_I8?feature=oembed\" frameborder=\"0\" allow=\"accelerometer; autoplay; clipboard-write; encrypted-media; gyroscope; picture-in-picture; web-share\" referrerpolicy=\"strict-origin-when-cross-origin\" allowfullscreen><\/iframe>\n<\/div><\/figure>\n\n\n\n<p>Azt is jelentett\u00e9k, hogy a Jinju szem\u00fcveg egy 12 megapixeles kamer\u00e1t, egy Snapdragon AR1 chipet \u00e9s csontvezet\u00e9ses technol\u00f3gi\u00e1val ell\u00e1tott ir\u00e1ny\u00edtott hangsz\u00f3r\u00f3kat is tartalmaz majd. Ezek a specifik\u00e1ci\u00f3k term\u00e9szetesen a megjelen\u00e9s el\u0151tt v\u00e1ltozhatnak. Az is nagyon lehets\u00e9ges, hogy az \u00e1r a fent eml\u00edtett tartom\u00e1nyon t\u00falra is emelkedik, k\u00f6sz\u00f6nhet\u0151en a\u2026glob\u00e1lis <a href=\"https:\/\/shopping.yahoo.com\/rdlw?merchantId=c813ae39-7d58-41cb-ac66-ad830606ceef&amp;siteId=us-engadget&amp;pageId=1p-autolink&amp;contentUuid=03ee2791-833d-434f-b2fa-3584d399d72d&amp;featureId=text-link&amp;merchantName=The+New+York+Times&amp;linkText=global+economic+uncertainty&amp;custData=eyJzb3VyY2VOYW1lIjoiV2ViLURlc2t0b3AtVmVyaXpvbiIsImxhbmRpbmdVcmwiOiJodHRwczovL3d3dy5ueXRpbWVzLmNvbS8yMDI2LzA0LzI3L2J1c2luZXNzL2Vjb25vbXkvaXJhbi13YXItZ2xvYmFsLWdyb3d0aC5odG1sIiwiY29udGVudFV1aWQiOiIwM2VlMjc5MS04MzNkLTQzNGYtYjJmYS0zNTg0ZDM5OWQ3MmQiLCJvcmlnaW5hbFVybCI6Imh0dHBzOi8vd3d3Lm55dGltZXMuY29tLzIwMjYvMDQvMjcvYnVzaW5lc3MvZWNvbm9teS9pcmFuLXdhci1nbG9iYWwtZ3Jvd3RoLmh0bWwifQ&amp;signature=AQAAAbf3tVmjRIakL__CcBo3Qrq_wMduI6iprVRunm1Jroqc&amp;gcReferrer=https%3A%2F%2Fwww.nytimes.com%2F2026%2F04%2F27%2Fbusiness%2Feconomy%2Firan-war-global-growth.html&amp;spaceId=1197802876&amp;uuid=TzuiD9FwiQf8cFgp2304\" target=\"_blank\" rel=\"noreferrer noopener\">gazdas\u00e1gi bizonytalans\u00e1gnak<\/a> \u00e9s a <a href=\"https:\/\/www.engadget.com\/ai\/microsoft-raises-prices-on-surface-pcs-due-to-skyrocketing-ram-costs-181648588.html\" target=\"_blank\" rel=\"noreferrer noopener\">RAM \u00e9s a t\u00e1rhely n\u00f6vekv\u0151<\/a> k\u00f6lts\u00e9gei.<\/p>\n\n\n\n<p><mark style=\"background-color:#9b51e0\" class=\"has-inline-color has-white-color\">Tov\u00e1bb a cikkre:<\/mark> <a href=\"https:\/\/www.engadget.com\/ar-vr\/images-of-samsungs-rumored-smart-glasses-have-leaked-184129483.html\" target=\"_blank\" rel=\"noreferrer noopener\">engadget.com<\/a> (Lawrence Bonk)<\/p>\n","protected":false},"excerpt":{"rendered":"<p>&#8222;Jinju&#8221; k\u00f3dnev\u0171ek, \u00e9s az \u00e1ruk 380 \u00e9s 500 doll\u00e1r k\u00f6z\u00f6tt mozoghat. Kisziv\u00e1rogtak k\u00e9pek \u00e9s r\u00e9szletek a Samsung hamarosan megjelen\u0151 okosszem\u00fcveg\u00e9r\u0151l.&hellip;<\/p>\n","protected":false},"author":1,"featured_media":7843,"comment_status":"closed","ping_status":"closed","sticky":false,"template":"","format":"standard","meta":{"footnotes":""},"categories":[57],"tags":[],"class_list":["post-7842","post","type-post","status-publish","format-standard","has-post-thumbnail","hentry","category-augmentacio"],"_links":{"self":[{"href":"https:\/\/digitalnews.hu\/index.php?rest_route=\/wp\/v2\/posts\/7842","targetHints":{"allow":["GET"]}}],"collection":[{"href":"https:\/\/digitalnews.hu\/index.php?rest_route=\/wp\/v2\/posts"}],"about":[{"href":"https:\/\/digitalnews.hu\/index.php?rest_route=\/wp\/v2\/types\/post"}],"author":[{"embeddable":true,"href":"https:\/\/digitalnews.hu\/index.php?rest_route=\/wp\/v2\/users\/1"}],"replies":[{"embeddable":true,"href":"https:\/\/digitalnews.hu\/index.php?rest_route=%2Fwp%2Fv2%2Fcomments&post=7842"}],"version-history":[{"count":1,"href":"https:\/\/digitalnews.hu\/index.php?rest_route=\/wp\/v2\/posts\/7842\/revisions"}],"predecessor-version":[{"id":7844,"href":"https:\/\/digitalnews.hu\/index.php?rest_route=\/wp\/v2\/posts\/7842\/revisions\/7844"}],"wp:featuredmedia":[{"embeddable":true,"href":"https:\/\/digitalnews.hu\/index.php?rest_route=\/wp\/v2\/media\/7843"}],"wp:attachment":[{"href":"https:\/\/digitalnews.hu\/index.php?rest_route=%2Fwp%2Fv2%2Fmedia&parent=7842"}],"wp:term":[{"taxonomy":"category","embeddable":true,"href":"https:\/\/digitalnews.hu\/index.php?rest_route=%2Fwp%2Fv2%2Fcategories&post=7842"},{"taxonomy":"post_tag","embeddable":true,"href":"https:\/\/digitalnews.hu\/index.php?rest_route=%2Fwp%2Fv2%2Ftags&post=7842"}],"curies":[{"name":"wp","href":"https:\/\/api.w.org\/{rel}","templated":true}]}}