{"id":7874,"date":"2026-05-01T21:11:07","date_gmt":"2026-05-01T19:11:07","guid":{"rendered":"https:\/\/digitalnews.hu\/?p=7874"},"modified":"2026-05-01T21:11:39","modified_gmt":"2026-05-01T19:11:39","slug":"keszulj-fel-tovabbi-agyszkennelo-fogyasztoi-kutyukre","status":"publish","type":"post","link":"https:\/\/digitalnews.hu\/?p=7874","title":{"rendered":"K\u00e9sz\u00fclj fel tov\u00e1bbi agyszkennel\u0151 viselhet\u0151 k\u00fcty\u00fckre"},"content":{"rendered":"\n<p>A nem invaz\u00edv agy-sz\u00e1m\u00edt\u00f3g\u00e9p interf\u00e9szeket gy\u00e1rt\u00f3 Neurable licencbe adja technol\u00f3gi\u00e1j\u00e1t, \u00e9s id\u00e9n \u00e9s j\u00f6v\u0151re \u00faj, harmadik f\u00e9lt\u0151l sz\u00e1rmaz\u00f3 hardverek \u201e\u00e1radat\u00e1t\u201d \u00edg\u00e9ri.<\/p>\n\n\n\n<p>A k\u00f6vetkez\u0151 k\u00fcty\u00fcamit a fejedre teszel, k\u00e9pes lehet az agyad szkennel\u00e9s\u00e9re. A Neurable , egy bostoni sz\u00e9khely\u0171 v\u00e1llalat, amely nem invaz\u00edv agyszkennel\u0151 technol\u00f3gi\u00e1j\u00e1t hardverekbe \u00e1gyazza be, hogy figyelemmel k\u00eds\u00e9rje a szem\u00e9ly koncentr\u00e1ci\u00f3s szintj\u00e9t, kedden bejelentette, hogy licencel\u00e9si platform modellre \u00e1ll \u00e1t. A harmadik felek tan\u00fas\u00edt\u00e1s\u00e1val a Neurable arra sz\u00e1m\u00edt, hogy technol\u00f3gi\u00e1ja id\u00e9n \u00e9s j\u00f6v\u0151re a fogyaszt\u00f3i k\u00fcty\u00fck \u201e\u00e1radat\u00e1ba\u201d ker\u00fcl.<\/p>\n\n\n\n<p>A <a href=\"https:\/\/go.skimresources.com\/?id=100099X1555751&amp;isjs=1&amp;jv=15.7.1&amp;sref=https%3A%2F%2Fwww.wired.com%2Fstory%2Fget-ready-for-more-brain-scanning-consumer-gadgets%2F%3Futm_source%3Dnl%26utm_brand%3Dwired%26utm_mailing%3DWIR_Daily_050126_UNPAID%26utm_campaign%3Daud-dev%26utm_medium%3Demail%26utm_content%3DWIR_Daily_050126_UNPAID%26bxid%3D6974b34cfc0f13d56d122cf8%26cndid%3D92894428%26hasha%3D5f43d269ab3ad0d85ae28760aa452bf8%26hashc%3D708eff842bf510173f1fc0818f2faf19b66ef2a5b32d972f302f8f807705c458%26esrc%3DMARTECH_ORDERFORM%26utm_term%3DWIR_DAILY_UNPAID&amp;url=https%3A%2F%2Fwww.neurable.com%2Fproducts%2Fmw75neurolt&amp;xs=1&amp;xtz=-120&amp;xuuid=b5f7aa08fc88facfaa9ca98d675a18de&amp;xcust=xid%3Afr1777661191443chj&amp;xjsf=other_click__auxclick%20%5B2%5D\" target=\"_blank\" rel=\"noreferrer noopener\">Neurable eddig egy fogyaszt\u00f3i min\u0151s\u00e9g\u0171 fejhallgat\u00f3ra \u00f6sszpontos\u00edtott<\/a> \u2013 amelyet a <a href=\"https:\/\/www.masterdynamic.com\/\" target=\"_blank\" rel=\"noreferrer noopener\">Master &amp; Dynamic<\/a> audio m\u00e1rk\u00e1val partners\u00e9gben k\u00e9sz\u00edtettek . Szerz\u0151d\u00e9sben \u00e1ll az Egyes\u00fclt \u00c1llamok V\u00e9delmi Miniszt\u00e9rium\u00e1val is, hogy megvizsg\u00e1lj\u00e1k, hogyan k\u00e9pes technol\u00f3gi\u00e1juk monitorozni a <a href=\"https:\/\/drive.google.com\/file\/d\/1m4zYEEg1wkRTKI2MPnzI_r-PoTKAAB0J\/view\" target=\"_blank\" rel=\"noreferrer noopener\">robban\u00e1s t\u00falnyom\u00e1s\u00e1t<\/a> , \u00e9s potenci\u00e1lisan seg\u00edteni az enyhe traum\u00e1s agys\u00e9r\u00fcl\u00e9sek diagnosztiz\u00e1l\u00e1s\u00e1ban katon\u00e1kn\u00e1l. A licencmodellel a Neurable technol\u00f3gi\u00e1j\u00e1nak tov\u00e1bbi felhaszn\u00e1l\u00e1s\u00e1t l\u00e1thatjuk a mindennapi fejre helyezett viselhet\u0151 eszk\u00f6z\u00f6kben.<\/p>\n\n\n\n<p>A fejhallgat\u00f3 be\u00e9p\u00edtett elektroencefalogr\u00e1f (EEG) \u00e9rz\u00e9kel\u0151ket haszn\u00e1l az agyhull\u00e1mok monitoroz\u00e1s\u00e1ra. Ezt az inform\u00e1ci\u00f3t egy t\u00e1rsalkalmaz\u00e1snak k\u00fcldik, amely tudatja a visel\u0151kkel, hogy mikor van sz\u00fcks\u00e9g\u00fck \u201eagysz\u00fcnetre\u201d, arra \u00f6szt\u00f6n\u00f6zve \u0151ket, hogy tartsanak egy kis leveg\u0151v\u00e9telt, miel\u0151tt ki\u00e9gn\u00e9nek a termel\u00e9kenys\u00e9g maximaliz\u00e1l\u00e1sa \u00e9rdek\u00e9ben. Az alkalmaz\u00e1s lehet\u0151v\u00e9 teszi a felhaszn\u00e1l\u00f3k sz\u00e1m\u00e1ra, hogy felfedezz\u00e9k kognit\u00edv felk\u00e9sz\u00fclts\u00e9g\u00fcket az adott napra, agyuk \u00e9letkor\u00e1t \u00e9s egy\u00e9b m\u00e9r\u0151sz\u00e1mokat, p\u00e9ld\u00e1ul a ment\u00e1lis regener\u00e1l\u00f3d\u00e1st, a kognit\u00edv megterhel\u00e9st \u00e9s a szorong\u00e1ssal szembeni ellen\u00e1ll\u00f3 k\u00e9pess\u00e9get. Emily Mullin, a WIRED munkat\u00e1rsa 2024-ben tesztelte az eredeti fejhallgat\u00f3t , b\u00e1r neh\u00e9znek tal\u00e1lta a Neurable algoritmusainak pontoss\u00e1g\u00e1nak ellen\u0151rz\u00e9s\u00e9t.<\/p>\n\n\n\n<p>A HP tulajdon\u00e1ban l\u00e9v\u0151 HyperX j\u00e1t\u00e9km\u00e1rka most piacra dob egy Neurable technol\u00f3gi\u00e1j\u00e1val ell\u00e1tott <a href=\"https:\/\/www.wired.com\/gallery\/best-gaming-headsets\/\" target=\"_blank\" rel=\"noreferrer noopener\">gamer headsetet<\/a> , amelynek c\u00e9lja az emberi teljes\u00edtm\u00e9ny jav\u00edt\u00e1sa az e-sport j\u00e1t\u00e9kok sor\u00e1n. A fejhallgat\u00f3k \u00e1ll\u00edt\u00f3lag seg\u00edtenek a visel\u0151iknek a legjobb teljes\u00edtm\u00e9ny el\u00e9r\u00e9s\u00e9hez sz\u00fcks\u00e9ges megfelel\u0151 lelki\u00e1llapotba ker\u00fclni. Ramses Alcaide, a Neurable t\u00e1rsalap\u00edt\u00f3ja \u00e9s vez\u00e9rigazgat\u00f3ja a WIRED-nek elmondta, hogy a v\u00e1llalat k\u00f6zz\u00e9tett <a href=\"https:\/\/drive.google.com\/file\/d\/1fg0VP3cyEvgcJrofkCkf9Cb4JntnzPhG\/view\" target=\"_blank\" rel=\"noreferrer noopener\">egy tanulm\u00e1nyt<\/a>, amely a Neurable technol\u00f3gi\u00e1j\u00e1t haszn\u00e1l\u00f3 j\u00e1t\u00e9kosok teljes\u00edtm\u00e9ny\u00e9nek javul\u00e1s\u00e1t mutatja be, r\u00f6videbb v\u00e1laszid\u0151vel az FPS j\u00e1t\u00e9kokban \u00e9s kism\u00e9rt\u00e9k\u0171 pontoss\u00e1gn\u00f6veked\u00e9ssel.<\/p>\n\n\n\n<p>A fejleszt\u00e9sek jelent\u00e9ktelennek t\u0171nhetnek, de az ezredm\u00e1sodpercek felbecs\u00fclhetetlenek az e-sport j\u00e1t\u00e9kok gyors temp\u00f3j\u00fa vil\u00e1g\u00e1ban. Alcaide szerint ez m\u00e1s ter\u00fcletekre is hasonl\u00f3an hasznosulhat: seg\u00edthet a di\u00e1koknak cs\u00f6kkenteni a szorong\u00e1st a vizsga el\u0151tt, m\u00edg a sportol\u00f3k kondicion\u00e1lhatj\u00e1k az idegeiket egy verseny vagy meccs el\u0151tt. A Neurable hardverf\u00fcggetlen; Alcaide szerint be\u00e9p\u00edthet\u0151 fejhallgat\u00f3kba, okosszem\u00fcvegekbe, sapk\u00e1kba vagy sisakokba. \u201eA technol\u00f3gia eg\u00e9sz ter\u00fclete \u00e9rinti az embert, de m\u00e9g nem \u00e9p\u00fclt be a platformunkba\u201d \u2013 mondja.<\/p>\n\n\n\n<p>Ahhoz hasonl\u00edtja ezt, amikor a Fitbit n\u00e9pszer\u0171v\u00e9 tette a csukl\u00f3n viselhet\u0151 pulzusm\u00e9r\u0151 \u00f6tlet\u00e9t. Kezdetben senki sem tudta, hogyan fogadj\u00e1k majd a viselhet\u0151 fitneszeszk\u00f6z\u00f6ket, de most m\u00e1r senki sem pislog, ha csukl\u00f3n viseli \u0151ket. Hamarosan senki sem fog k\u00e9tszer is gondolkodni az agyszkennel\u0151 technol\u00f3gia fejhallgat\u00f3ban val\u00f3 alkalmaz\u00e1s\u00e1n \u2013 vagy legal\u00e1bbis ez az \u00f6tlet. A Neurable technol\u00f3gi\u00e1ja \u201e l\u00e1thatatlan \u201d az ilyen t\u00edpus\u00fa k\u00fcty\u00fckben.<\/p>\n\n\n\n<p>Alcaide szerint a Neurable technol\u00f3gi\u00e1j\u00e1t licencel\u0151 v\u00e1llalatok integr\u00e1lhatj\u00e1k azt a megl\u00e9v\u0151 hardverekbe, \u00e9s a teljes felhaszn\u00e1l\u00f3i \u00e9lm\u00e9nyt ir\u00e1ny\u00edthatj\u00e1k a term\u00e9ktervez\u00e9st\u0151l a szoftver\u00e9lm\u00e9nyig; ezeket a term\u00e9keket \u201eNeurable AI \u00e1ltal m\u0171k\u00f6dtetve\u201d felirattal fogj\u00e1k hirdetni. A felhaszn\u00e1l\u00f3i adatok tov\u00e1bbra is a Neurable szervereire \u00e1ramlanak feldolgoz\u00e1sra, de a Neurable \u00e1ll\u00edtja be az adatv\u00e9delmi be\u00e1ll\u00edt\u00e1sokat. A felhaszn\u00e1l\u00f3i azonos\u00edt\u00f3k elk\u00fcl\u00f6n\u00fclnek az adatokt\u00f3l, \u00e9s b\u00e1r a partnerc\u00e9gek \u00fczemeltetik a felhaszn\u00e1l\u00f3val szembeni r\u00e9teget, a Neurable azt \u00e1ll\u00edtja, hogy megtartja az alapul szolg\u00e1l\u00f3 rendszer \u00e9s az adatkezel\u00e9s feletti ellen\u0151rz\u00e9st. A Neurable kor\u00e1bban azt nyilatkozta, hogy \u00fczleti modellje nem a felhaszn\u00e1l\u00f3i adatok \u00e9rt\u00e9kes\u00edt\u00e9se.<\/p>\n\n\n\n<p>\u201eValah\u00e1nyszor \u00faj technol\u00f3giai \u00e1tmenet t\u00f6rt\u00e9nik, mindig lesz n\u00e9mi szorong\u00e1s\u201d \u2013 mondja Alcaide. \u201eNagyon \u00f3vatosak voltunk az \u00e1tmenet sor\u00e1n. V\u00e9dj\u00fck az adatokat, \u00e9s a lehet\u0151 legetikusabban j\u00e1runk el.\u201d<\/p>\n\n\n\n<p>A <a href=\"https:\/\/www.wired.com\/story\/expired-tired-wired-wearables\/\" target=\"_blank\" rel=\"noreferrer noopener\">Neurable egyike a sz\u00e1mos agy-sz\u00e1m\u00edt\u00f3g\u00e9p interf\u00e9sz (BCI) technol\u00f3gi\u00e1val foglalkoz\u00f3 v\u00e1llalatnak<\/a> a n\u00f6vekv\u0151 kateg\u00f3ri\u00e1ban. Az <a href=\"https:\/\/elemindtech.com\/\" target=\"_blank\" rel=\"noreferrer noopener\">Elemind EEG<\/a>-ket haszn\u00e1l az alv\u00e1smin\u0151s\u00e9g jav\u00edt\u00e1s\u00e1ra, <a href=\"https:\/\/www.wired.com\/story\/this-beanie-is-designed-to-read-your-thoughts\/\" target=\"_blank\" rel=\"noreferrer noopener\">Sabi pedig a gondolatokat sz\u00f6vegg\u00e9 szeretn\u00e9 alak\u00edtani<\/a>. M\u00e9g az Apple is szabadalmat ny\u00fajtott be az EEG-\u00e9rz\u00e9kel\u0151s AirPods-okra, b\u00e1r ezek m\u00e9g nem kaphat\u00f3k.<\/p>\n\n\n\n<p><a href=\"https:\/\/www.bath.ac.uk\/research-institutes\/bath-institute-for-the-augmented-human\/\" target=\"_blank\" rel=\"noreferrer noopener\">Damien Coyle<\/a>, a Bathi Egyetem Kiterjesztett Emberi Int\u00e9zet\u00e9nek igazgat\u00f3ja szerint van potenci\u00e1l az ilyen t\u00edpus\u00fa BCI-kben, mivel az emberek nem \u00e9rtik, mikor nyer a teljes\u00edtm\u00e9ny\u00fck.<\/p>\n\n\n\n<p>\u201eK\u00fcl\u00f6n\u00f6sen a kiemelked\u0151 teljes\u00edtm\u00e9ny\u0171 e-j\u00e1t\u00e9kosok vagy j\u00e1t\u00e9kosok reakci\u00f3ideje milliszekundumokban m\u00e9rhet\u0151, \u00e9s a koncentr\u00e1ci\u00f3 vagy a reakci\u00f3k\u00e9pess\u00e9g, illetve annak hosszabb ideig tart\u00f3 fenntart\u00e1s\u00e1nak b\u00e1rmilyen apr\u00f3 javul\u00e1sa mindenk\u00e9ppen el\u0151ny\u00f6kkel j\u00e1r\u201d \u2013 mondja Coyle. \u201eHa ezt a munkaer\u0151piacon a nagy t\u00e9ttel j\u00e1r\u00f3 d\u00f6nt\u00e9shozatalra ford\u00edtjuk, az mindenk\u00e9ppen el\u0151ny\u00f6s lehet.\u201d<\/p>\n\n\n\n<p>Arr\u00f3l egyel\u0151re nincs inform\u00e1ci\u00f3, hogy pontosan mikor jelenik meg a HyperX Neurable headsetje. Alcaide szerint v\u00e1rhat\u00f3an m\u00e9g id\u00e9n bejelentenek n\u00e9h\u00e1ny Neurable partners\u00e9get, \u00e9s m\u00e9g t\u00f6bbet 2027-ben.<\/p>\n\n\n\n<p><mark style=\"background-color:#9b51e0\" class=\"has-inline-color has-white-color\">Tov\u00e1bb a cikkre:<\/mark> <a href=\"https:\/\/www.wired.com\/story\/get-ready-for-more-brain-scanning-consumer-gadgets\/?utm_source=nl&amp;utm_brand=wired&amp;utm_mailing=WIR_Daily_050126_UNPAID&amp;utm_campaign=aud-dev&amp;utm_medium=email&amp;utm_content=WIR_Daily_050126_UNPAID&amp;bxid=6974b34cfc0f13d56d122cf8&amp;cndid=92894428&amp;hasha=5f43d269ab3ad0d85ae28760aa452bf8&amp;hashc=708eff842bf510173f1fc0818f2faf19b66ef2a5b32d972f302f8f807705c458&amp;esrc=MARTECH_ORDERFORM&amp;utm_term=WIR_DAILY_UNPAID\" target=\"_blank\" rel=\"noreferrer noopener\">wired.com<\/a> (Julian Chokkattu)<\/p>\n","protected":false},"excerpt":{"rendered":"<p>A nem invaz\u00edv agy-sz\u00e1m\u00edt\u00f3g\u00e9p interf\u00e9szeket gy\u00e1rt\u00f3 Neurable licencbe adja technol\u00f3gi\u00e1j\u00e1t, \u00e9s id\u00e9n \u00e9s j\u00f6v\u0151re \u00faj, harmadik f\u00e9lt\u0151l sz\u00e1rmaz\u00f3 hardverek \u201e\u00e1radat\u00e1t\u201d&hellip;<\/p>\n","protected":false},"author":1,"featured_media":7875,"comment_status":"closed","ping_status":"closed","sticky":false,"template":"","format":"standard","meta":{"footnotes":""},"categories":[57],"tags":[],"class_list":["post-7874","post","type-post","status-publish","format-standard","has-post-thumbnail","hentry","category-augmentacio"],"_links":{"self":[{"href":"https:\/\/digitalnews.hu\/index.php?rest_route=\/wp\/v2\/posts\/7874","targetHints":{"allow":["GET"]}}],"collection":[{"href":"https:\/\/digitalnews.hu\/index.php?rest_route=\/wp\/v2\/posts"}],"about":[{"href":"https:\/\/digitalnews.hu\/index.php?rest_route=\/wp\/v2\/types\/post"}],"author":[{"embeddable":true,"href":"https:\/\/digitalnews.hu\/index.php?rest_route=\/wp\/v2\/users\/1"}],"replies":[{"embeddable":true,"href":"https:\/\/digitalnews.hu\/index.php?rest_route=%2Fwp%2Fv2%2Fcomments&post=7874"}],"version-history":[{"count":2,"href":"https:\/\/digitalnews.hu\/index.php?rest_route=\/wp\/v2\/posts\/7874\/revisions"}],"predecessor-version":[{"id":7877,"href":"https:\/\/digitalnews.hu\/index.php?rest_route=\/wp\/v2\/posts\/7874\/revisions\/7877"}],"wp:featuredmedia":[{"embeddable":true,"href":"https:\/\/digitalnews.hu\/index.php?rest_route=\/wp\/v2\/media\/7875"}],"wp:attachment":[{"href":"https:\/\/digitalnews.hu\/index.php?rest_route=%2Fwp%2Fv2%2Fmedia&parent=7874"}],"wp:term":[{"taxonomy":"category","embeddable":true,"href":"https:\/\/digitalnews.hu\/index.php?rest_route=%2Fwp%2Fv2%2Fcategories&post=7874"},{"taxonomy":"post_tag","embeddable":true,"href":"https:\/\/digitalnews.hu\/index.php?rest_route=%2Fwp%2Fv2%2Ftags&post=7874"}],"curies":[{"name":"wp","href":"https:\/\/api.w.org\/{rel}","templated":true}]}}