{"id":7887,"date":"2026-05-01T22:46:09","date_gmt":"2026-05-01T20:46:09","guid":{"rendered":"https:\/\/digitalnews.hu\/?p=7887"},"modified":"2026-05-02T00:47:23","modified_gmt":"2026-05-01T22:47:23","slug":"az-e-es-az-ibm-partnerseget-kotott-a-vallalati-ugynoki-mesterseges-intelligencia-teren","status":"publish","type":"post","link":"https:\/\/digitalnews.hu\/?p=7887","title":{"rendered":"Az e&amp; \u00e9s az IBM partners\u00e9get k\u00f6t\u00f6tt a v\u00e1llalati \u00fcgyn\u00f6ki mesters\u00e9ges intelligencia ter\u00e9n"},"content":{"rendered":"\n<p>Az egyes\u00fclt arab em\u00edrs\u00e9gekbeli e&amp; az IT-\u00f3ri\u00e1s IBM-mel egy\u00fcttm\u0171k\u00f6dve egy \u00fcgyn\u00f6ki AI-aj\u00e1nlatot vezetett be, amelynek c\u00e9lja, hogy az alkalmazottak \u00e9s az auditorok egy\u00e9rtelm\u0171, nyomon k\u00f6vethet\u0151 v\u00e1laszokat kapjanak a v\u00e1llalatir\u00e1ny\u00edt\u00e1si k\u00f6vetelm\u00e9nyekre.<\/p>\n\n\n\n<p>A sv\u00e1jci Davosban megrendezett Vil\u00e1ggazdas\u00e1gi F\u00f3rumon (WEF) bejelentett e&amp;E elmagyar\u00e1zta, hogy a mesters\u00e9ges intelligencia alap\u00fa megold\u00e1s az IBM Watsonx Orchestrate platformj\u00e1ra \u00e9p\u00fcl.<\/p>\n\n\n\n<p>A mesters\u00e9ges intelligencia alap\u00fa term\u00e9k t\u00f6bb mint 500 eszk\u00f6zt \u00e9s testreszabhat\u00f3, ter\u00fcletspecifikus \u00fcgyn\u00f6k\u00f6t k\u00edn\u00e1l az IBM-t\u0151l \u00e9s partnereit\u0151l, seg\u00edtve \u201eaz alkalmazottakat \u00e9s az auditorokat a jogi, szab\u00e1lyoz\u00e1si \u00e9s megfelel\u0151s\u00e9gi inform\u00e1ci\u00f3k gyors el\u00e9r\u00e9s\u00e9ben \u00e9s \u00e9rtelmez\u00e9s\u00e9ben\u201d.<\/p>\n\n\n\n<p>Az e&amp;, a Gulf Business Machines (GBM) \u00e9s az IBM nyolc h\u00e9ten bel\u00fcl k\u00f6z\u00f6sen bemutatta a koncepci\u00f3 bizony\u00edt\u00e1s\u00e1t, amely bemutatta, \u201ehogyan m\u0171k\u00f6dhet az \u00e1gensalap\u00fa mesters\u00e9ges intelligencia v\u00e1llalati szinten val\u00f3s k\u00f6r\u00fclm\u00e9nyek k\u00f6z\u00f6tt\u201d.<\/p>\n\n\n\n<p>Az IBM \u00fcgyf\u00e9lm\u00e9rn\u00f6ki csapata vezette az \u00fcgyn\u00f6ki AI-aj\u00e1nlat tervez\u00e9s\u00e9t \u00e9s integr\u00e1ci\u00f3j\u00e1t, a GBM pedig a projekt koordin\u00e1ci\u00f3j\u00e1n kereszt\u00fcl kezelte a megval\u00f3s\u00edt\u00e1st.<\/p>\n\n\n\n<p>A munka a mesters\u00e9ges intelligencia hagyom\u00e1nyos k\u00e9rd\u00e9s-felelek eszk\u00f6zein t\u00falmutat\u00f3 k\u00e9pess\u00e9geit mutatta be, \u201elehet\u0151v\u00e9 t\u00e9ve az \u00e9rvel\u00e9st \u00e9s a cselekv\u00e9st, mik\u00f6zben \u00f6sszhangban marad az e&amp; ir\u00e1ny\u00edt\u00e1si, kock\u00e1zatkezel\u00e9si \u00e9s megfelel\u0151s\u00e9gi keretrendszer\u00e9vel\u201d.<\/p>\n\n\n\n<p>A Milestone<br>e&amp; kijelentette, hogy az egy\u00fcttm\u0171k\u00f6d\u00e9s fontos m\u00e9rf\u00f6ldk\u00f6vet jelent a v\u00e1llalati mesters\u00e9ges intelligencia bevezet\u00e9s\u00e9ben, \u00e9s egy sk\u00e1l\u00e1zhat\u00f3 \u00e9s ellen\u0151rz\u00f6tt alapot teremt az \u00fcgyn\u00f6ki technol\u00f3gi\u00e1k szervezeten bel\u00fcli bevezet\u00e9s\u00e9hez.<\/p>\n\n\n\n<p>Hatem Dowidar vez\u00e9rigazgat\u00f3 ( a k\u00e9pen jobbra ) elmondta, hogy a c\u00e9g c\u00e9lja, hogy az elszigetelt haszn\u00e1lati eseteken t\u00fal a v\u00e1llalati szint\u0171, \u00fcgyn\u00f6ki mesters\u00e9ges intelligencia fel\u00e9 haladjon, amely \u201emegb\u00edzhat\u00f3, ir\u00e1ny\u00edtott \u00e9s m\u00e9lyen integr\u00e1lt a szervezet m\u0171k\u00f6d\u00e9s\u00e9be\u201d.<\/p>\n\n\n\n<p>Ana Paula Assis, az IBM EMEA \u00e9s \u00c1zsia-Csendes-\u00f3ce\u00e1ni t\u00e9rs\u00e9g\u00e9rt felel\u0151s aleln\u00f6ke \u00e9s eln\u00f6ke ( a k\u00e9pen balra ) hozz\u00e1tette, hogy \u201eaz ir\u00e1ny\u00edt\u00e1s \u00e9s az elsz\u00e1moltathat\u00f3s\u00e1g ugyanolyan fontoss\u00e1 v\u00e1lt, mint az intelligencia\u201d, mivel a szervezetek a mesters\u00e9ges intelligenci\u00e1val val\u00f3 k\u00eds\u00e9rletez\u00e9st\u0151l a m\u0171k\u00f6d\u00e9s\u00fckbe val\u00f3 be\u00e9p\u00edt\u00e9s\u00e9ig terjednek.<\/p>\n\n\n\n<p><mark style=\"background-color:#9b51e0\" class=\"has-inline-color has-white-color\">Tov\u00e1bb a cikkre:<\/mark> <a href=\"https:\/\/www.mobileworldlive.com\/ai-cloud\/e-ibm-partner-on-enterprise-agentic-ai\/\" target=\"_blank\" rel=\"noreferrer noopener\">mobileworldlive.com<\/a> (Kavit Majithia)<\/p>\n\n\n\n<h1 class=\"wp-block-heading\">Az e&amp; p\u00e9nzt pump\u00e1l egy \u00e1llami \u00e9rt\u00e9kpap\u00edr-startupba<\/h1>\n\n\n\n<p>Az Egyes\u00fclt Arab Em\u00edrs\u00e9gekben m\u0171k\u00f6d\u0151 e&amp; szolg\u00e1ltat\u00f3 10 milli\u00f3 doll\u00e1ros finansz\u00edroz\u00e1si k\u00f6rh\u00f6z csatlakozott a <a href=\"https:\/\/www.magiccube.co\/\" target=\"_blank\" rel=\"noreferrer noopener\">MagicCube<\/a> szoftverc\u00e9g sz\u00e1m\u00e1ra, mivel a startup c\u00e9lja, hogy fejlessze az \u00e1llami szint\u0171 posztkvantum biztons\u00e1got a mesters\u00e9ges intelligencia, az identit\u00e1s \u00e9s a fizet\u00e9sek ter\u00fclet\u00e9n.<\/p>\n\n\n\n<p>A szolg\u00e1ltat\u00f3 kijelentette, hogy a befektet\u00e9st az e&amp; capital csoportj\u00e1n kereszt\u00fcl hajtja v\u00e9gre, csatlakozva a Verifone fizet\u00e9si technol\u00f3giai v\u00e1llalathoz \u00e9s a megl\u00e9v\u0151 befektet\u0151kh\u00f6z, k\u00f6zt\u00fck a Bold Capital Partnershez \u00e9s a Mosaik Partnershez.<\/p>\n\n\n\n<p>A MagicCube kijelentette, hogy a finansz\u00edroz\u00e1sa \u00e9s az e&amp;-vel k\u00f6t\u00f6tt partners\u00e9g \u201eal\u00e1h\u00fazza a k\u00f6z\u00f6s k\u00fcldet\u00e9st\u201d, hogy szuver\u00e9n szint\u0171, hardvermentes biztons\u00e1got ny\u00fajtson, amely er\u0151s\u00edti a digit\u00e1lis bizalmat az eszk\u00f6z\u00f6k\u00f6n, a felh\u0151kben \u00e9s a joghat\u00f3s\u00e1gokban vil\u00e1gszerte.<\/p>\n\n\n\n<figure class=\"wp-block-image size-full\"><img loading=\"lazy\" decoding=\"async\" width=\"600\" height=\"401\" src=\"https:\/\/digitalnews.hu\/wp-content\/uploads\/2026\/05\/MagicCube-logo.jpg\" alt=\"\" class=\"wp-image-7929\"\/><\/figure>\n\n\n\n<p>A v\u00e1llalat egy semleges, szoftverk\u00f6zpont\u00fa bizalmi h\u00e1l\u00f3zatot biztos\u00edt, amely biztos\u00edtja a kritikus munkaterhel\u00e9seket a r\u00e9gi\u00f3k, eszk\u00f6z\u00f6k \u00e9s felh\u0151szolg\u00e1ltat\u00f3k k\u00f6z\u00f6tt. Kijelentette, hogy platformja fokozza a folytonoss\u00e1got \u00e9s a rugalmass\u00e1got, \u00e9s lehet\u0151v\u00e9 teszi, hogy a szolg\u00e1ltat\u00e1sok, bele\u00e9rtve a fizet\u00e9seket \u00e9s az identit\u00e1st, biztons\u00e1gban \u00e9s el\u00e9rhet\u0151s\u00e9gben maradjanak, mik\u00f6zben \u201eaz infrastrukt\u00fara \u00fatvonalai \u00e9s a szab\u00e1lyoz\u00e1si keretek fejl\u0151dnek\u201d.<\/p>\n\n\n\n<p>Megjegyezte, hogy a nemzetek \u00e9s a v\u00e1llalatok nagyobb hangs\u00falyt fektetnek a mesters\u00e9ges intelligencia modellek, a digit\u00e1lis identit\u00e1sok \u00e9s a hat\u00e1rokon \u00e1tny\u00fal\u00f3 adat\u00e1raml\u00e1s biztons\u00e1goss\u00e1 t\u00e9tel\u00e9re ir\u00e1nyul\u00f3 er\u0151fesz\u00edt\u00e9sek felgyors\u00edt\u00e1s\u00e1ra, \u00e9s az \u00d6b\u00f6l-t\u00e9rs\u00e9g a kapcsol\u00f3d\u00f3 infrastrukt\u00fara \u00e9s digit\u00e1lis innov\u00e1ci\u00f3 egyik f\u0151 k\u00f6zpontj\u00e1v\u00e1 v\u00e1lik.<\/p>\n\n\n\n<p>Eddy Farhat, az e&amp; Corporate Ventures \u00fcgyvezet\u0151 igazgat\u00f3ja szerint a MagicCube a digit\u00e1lis identit\u00e1s, a fizet\u00e9sek \u00e9s a mesters\u00e9ges intelligencia biztons\u00e1g\u00e1nak metsz\u00e9spontj\u00e1ban felmer\u00fcl\u0151, gyorsan n\u00f6vekv\u0151 ig\u00e9nyeket el\u00e9g\u00edti ki.<\/p>\n\n\n\n<p>\u201eAhogy egyre \u00e9rz\u00e9kenyebb munkaterhel\u00e9sek mozognak a felh\u0151- \u00e9s peremh\u00e1l\u00f3zatok k\u00f6z\u00f6tt, a szervezeteknek rugalmas, szoftveralap\u00fa biztons\u00e1gra van sz\u00fcks\u00e9g\u00fck, amely t\u00e1mogatja a rugalmass\u00e1got, a megfelel\u0151s\u00e9get \u00e9s a sk\u00e1l\u00e1zhat\u00f3s\u00e1got.\u201d<\/p>\n\n\n\n<p>Farhat hozz\u00e1tette, hogy \u201ea befektet\u00e9s t\u00fckr\u00f6zi az e&amp; azon t\u0151kef\u00f3kusz\u00e1t, hogy olyan technol\u00f3gi\u00e1kat t\u00e1mogasson, amelyek er\u0151s\u00edtik a megb\u00edzhat\u00f3 digit\u00e1lis infrastrukt\u00far\u00e1t \u00e9s \u00faj lehet\u0151s\u00e9geket nyitnak meg a gyorsan n\u00f6vekv\u0151 piacokon\u201d.<\/p>\n\n\n\n<p><mark style=\"background-color:#9b51e0\" class=\"has-inline-color has-white-color\">Tov\u00e1bb a cikkre:<\/mark> <a href=\"https:\/\/www.mobileworldlive.com\/operators\/e-pumps-cash-into-sovereign-security-start-up\/?ID=00QNz00000n06ScMAI&amp;JobID=2689886&amp;utm_source=sfmc&amp;utm_medium=email&amp;utm_campaign=MWL_20260429&amp;utm_content=https%3a%2f%2fwww.mobileworldlive.com%2foperators%2fe-pumps-cash-into-sovereign-security-start-up%2f\" target=\"_blank\" rel=\"noreferrer noopener\">mobileworldlive.com<\/a> (Kavit Majithia)<\/p>\n","protected":false},"excerpt":{"rendered":"<p>Az egyes\u00fclt arab em\u00edrs\u00e9gekbeli e&amp; az IT-\u00f3ri\u00e1s IBM-mel egy\u00fcttm\u0171k\u00f6dve egy \u00fcgyn\u00f6ki AI-aj\u00e1nlatot vezetett be, amelynek c\u00e9lja, hogy az alkalmazottak \u00e9s&hellip;<\/p>\n","protected":false},"author":1,"featured_media":7888,"comment_status":"closed","ping_status":"closed","sticky":false,"template":"","format":"standard","meta":{"footnotes":""},"categories":[14],"tags":[],"class_list":["post-7887","post","type-post","status-publish","format-standard","has-post-thumbnail","hentry","category-tavkozles"],"_links":{"self":[{"href":"https:\/\/digitalnews.hu\/index.php?rest_route=\/wp\/v2\/posts\/7887","targetHints":{"allow":["GET"]}}],"collection":[{"href":"https:\/\/digitalnews.hu\/index.php?rest_route=\/wp\/v2\/posts"}],"about":[{"href":"https:\/\/digitalnews.hu\/index.php?rest_route=\/wp\/v2\/types\/post"}],"author":[{"embeddable":true,"href":"https:\/\/digitalnews.hu\/index.php?rest_route=\/wp\/v2\/users\/1"}],"replies":[{"embeddable":true,"href":"https:\/\/digitalnews.hu\/index.php?rest_route=%2Fwp%2Fv2%2Fcomments&post=7887"}],"version-history":[{"count":3,"href":"https:\/\/digitalnews.hu\/index.php?rest_route=\/wp\/v2\/posts\/7887\/revisions"}],"predecessor-version":[{"id":7930,"href":"https:\/\/digitalnews.hu\/index.php?rest_route=\/wp\/v2\/posts\/7887\/revisions\/7930"}],"wp:featuredmedia":[{"embeddable":true,"href":"https:\/\/digitalnews.hu\/index.php?rest_route=\/wp\/v2\/media\/7888"}],"wp:attachment":[{"href":"https:\/\/digitalnews.hu\/index.php?rest_route=%2Fwp%2Fv2%2Fmedia&parent=7887"}],"wp:term":[{"taxonomy":"category","embeddable":true,"href":"https:\/\/digitalnews.hu\/index.php?rest_route=%2Fwp%2Fv2%2Fcategories&post=7887"},{"taxonomy":"post_tag","embeddable":true,"href":"https:\/\/digitalnews.hu\/index.php?rest_route=%2Fwp%2Fv2%2Ftags&post=7887"}],"curies":[{"name":"wp","href":"https:\/\/api.w.org\/{rel}","templated":true}]}}