{"id":7892,"date":"2026-05-01T22:54:23","date_gmt":"2026-05-01T20:54:23","guid":{"rendered":"https:\/\/digitalnews.hu\/?p=7892"},"modified":"2026-05-01T22:54:23","modified_gmt":"2026-05-01T20:54:23","slug":"a-pentagon-7-mesterseges-intelligencia-szerzodest-adott-ki-halozatepitesre","status":"publish","type":"post","link":"https:\/\/digitalnews.hu\/?p=7892","title":{"rendered":"A Pentagon 7 mesters\u00e9ges intelligencia-szerz\u0151d\u00e9st adott ki h\u00e1l\u00f3zat\u00e9p\u00edt\u00e9sre"},"content":{"rendered":"\n<p>Az Egyes\u00fclt \u00c1llamok Had\u00fcgyminiszt\u00e9riuma (DoW) meg\u00e1llapod\u00e1sokat k\u00f6t\u00f6tt a SpaceX-szel, az OpenAI-val, a Google-lel, az Nvidi\u00e1val, a Microsofttal, az Amazon Web Services-szel (AWS) \u00e9s a Reflectionnel fejlett mesters\u00e9ges intelligencia (MI) k\u00e9pess\u00e9gek telep\u00edt\u00e9s\u00e9r\u0151l titkos\u00edtott h\u00e1l\u00f3zatain, az Anthropic kiv\u00e9tel\u00e9vel.<\/p>\n\n\n\n<p>A c\u00e9geket integr\u00e1lj\u00e1k a Pentagon 6-os \u00e9s 7-es hat\u00e1sfok\u00fa k\u00f6rnyezeteibe, amelyek az amerikai hadsereg \u00e1ltal haszn\u00e1lt legmagasabb szint\u0171 min\u0151s\u00edtett felh\u0151k\u00f6rnyezetek, amelyek lehet\u0151v\u00e9 teszik a telep\u00edt\u00e9st \u00e9rz\u00e9keny, szigor\u00faan titkos felhaszn\u00e1l\u00e1si esetekben.<\/p>\n\n\n\n<p>Egy k\u00f6zlem\u00e9nyben a Pentagon kifejtette, hogy a meg\u00e1llapod\u00e1sok c\u00e9lja az adatszint\u00e9zis el\u0151seg\u00edt\u00e9se, a helyzetfelismer\u00e9s jav\u00edt\u00e1sa \u00e9s a d\u00f6nt\u00e9shozatal jav\u00edt\u00e1sa a komplex k\u00f6rnyezetben m\u0171k\u00f6d\u0151 katonai szem\u00e9lyzet sz\u00e1m\u00e1ra, az amerikai hadsereg \u201emesters\u00e9ges intelligencia \u00e1ltal vez\u00e9relt harcol\u00f3 er\u0151k\u00e9nt\u201d val\u00f3 pozicion\u00e1l\u00e1s\u00e1nak sz\u00e9lesebb k\u00f6r\u0171 er\u0151fesz\u00edt\u00e9seinek r\u00e9szek\u00e9nt.<\/p>\n\n\n\n<p>A Pentagon hangs\u00falyozta sz\u00e1nd\u00e9k\u00e1t, hogy elker\u00fclje az egyes sz\u00e1ll\u00edt\u00f3kra val\u00f3 t\u00falzott t\u00e1maszkod\u00e1st, kijelentve, hogy olyan architekt\u00far\u00e1t \u00e9p\u00edt, amely \u201emegakad\u00e1lyozza a mesters\u00e9ges intelligencia \u00e1ltali sz\u00e1ll\u00edt\u00f3f\u00fcgg\u0151s\u00e9get, \u00e9s hossz\u00fa t\u00e1v\u00fa rugalmass\u00e1got biztos\u00edt az Egyes\u00edtett Er\u0151k sz\u00e1m\u00e1ra\u201d.<\/p>\n\n\n\n<p>Az Anthropic leker\u00fclt a list\u00e1r\u00f3l, a c\u00e9g tov\u00e1bbra is vit\u00e1ban \u00e1ll a miniszt\u00e9riummal a katonai felhaszn\u00e1l\u00e1sra sz\u00e1nt mesters\u00e9ges intelligencia \u00e1ltal t\u00e1mogatott korl\u00e1tok \u00fcgy\u00e9ben. Az amerikai DoW id\u00e9n kor\u00e1bban feketelist\u00e1ra tette a mesters\u00e9ges intelligenci\u00e1val foglalkoz\u00f3 v\u00e1llalatot, mint ell\u00e1t\u00e1si l\u00e1nc kock\u00e1zat\u00e1t, miut\u00e1n az megtagadta a Pentagont\u00f3l a modelljeihez f\u0171z\u0151d\u0151 korl\u00e1tlan jogokat, b\u00e1r \u00e1ll\u00edt\u00f3lag m\u00e1s amerikai miniszt\u00e9riumok is hozz\u00e1f\u00e9r\u00e9st k\u00e9rnek a korl\u00e1tozott Mythos mesters\u00e9ges intelligencia modellhez.<\/p>\n\n\n\n<p>Donald Trump amerikai eln\u00f6k a m\u00falt h\u00e9ten azt nyilatkozta a CNBC-nek , hogy az Anthropic \u201ealakul\u00e1sban\u201d van a korm\u00e1nyzat n\u00e9zetei szerint, jelezve a katonai programokhoz val\u00f3 visszat\u00e9r\u00e9s lehet\u0151s\u00e9g\u00e9t, mik\u00f6zben a Pentagon igyekszik b\u0151v\u00edteni mesters\u00e9ges intelligencia besz\u00e1ll\u00edt\u00f3i b\u00e1zis\u00e1t.<\/p>\n\n\n\n<p>A miniszt\u00e9rium kiemelte a bels\u0151 GenAI.mil platform gyors elterjed\u00e9s\u00e9t is, amelyet \u00e1ll\u00edt\u00e1suk szerint az indul\u00e1st\u00f3l sz\u00e1m\u00edtott \u00f6t h\u00f3napon bel\u00fcl t\u00f6bb mint 1,3 milli\u00f3 alkalmazott haszn\u00e1lt. A platform t\u00f6bb t\u00edzmilli\u00f3 k\u00e9r\u00e9st dolgozott fel \u00e9s t\u00f6bb sz\u00e1zezer MI-\u00fcgyn\u00f6k\u00f6t telep\u00edtett, a DoW pedig azt \u00e1ll\u00edtotta, hogy a kor\u00e1bban h\u00f3napokig tart\u00f3 feladatok most napok alatt elv\u00e9gezhet\u0151k.<\/p>\n\n\n\n<p><mark style=\"background-color:#9b51e0\" class=\"has-inline-color has-white-color\">Tov\u00e1bb a cikkre:<\/mark> <a href=\"https:\/\/www.mobileworldlive.com\/ai-cloud\/pentagon-hands-out-7-ai-contracts-for-network-push\/\" target=\"_blank\" rel=\"noreferrer noopener\">mobileworldlive.com<\/a> (Amiya Johar)<\/p>\n","protected":false},"excerpt":{"rendered":"<p>Az Egyes\u00fclt \u00c1llamok Had\u00fcgyminiszt\u00e9riuma (DoW) meg\u00e1llapod\u00e1sokat k\u00f6t\u00f6tt a SpaceX-szel, az OpenAI-val, a Google-lel, az Nvidi\u00e1val, a Microsofttal, az Amazon Web&hellip;<\/p>\n","protected":false},"author":1,"featured_media":7893,"comment_status":"closed","ping_status":"closed","sticky":false,"template":"","format":"standard","meta":{"footnotes":""},"categories":[4],"tags":[],"class_list":["post-7892","post","type-post","status-publish","format-standard","has-post-thumbnail","hentry","category-ai-agi-chat-gpt-gemini"],"_links":{"self":[{"href":"https:\/\/digitalnews.hu\/index.php?rest_route=\/wp\/v2\/posts\/7892","targetHints":{"allow":["GET"]}}],"collection":[{"href":"https:\/\/digitalnews.hu\/index.php?rest_route=\/wp\/v2\/posts"}],"about":[{"href":"https:\/\/digitalnews.hu\/index.php?rest_route=\/wp\/v2\/types\/post"}],"author":[{"embeddable":true,"href":"https:\/\/digitalnews.hu\/index.php?rest_route=\/wp\/v2\/users\/1"}],"replies":[{"embeddable":true,"href":"https:\/\/digitalnews.hu\/index.php?rest_route=%2Fwp%2Fv2%2Fcomments&post=7892"}],"version-history":[{"count":1,"href":"https:\/\/digitalnews.hu\/index.php?rest_route=\/wp\/v2\/posts\/7892\/revisions"}],"predecessor-version":[{"id":7894,"href":"https:\/\/digitalnews.hu\/index.php?rest_route=\/wp\/v2\/posts\/7892\/revisions\/7894"}],"wp:featuredmedia":[{"embeddable":true,"href":"https:\/\/digitalnews.hu\/index.php?rest_route=\/wp\/v2\/media\/7893"}],"wp:attachment":[{"href":"https:\/\/digitalnews.hu\/index.php?rest_route=%2Fwp%2Fv2%2Fmedia&parent=7892"}],"wp:term":[{"taxonomy":"category","embeddable":true,"href":"https:\/\/digitalnews.hu\/index.php?rest_route=%2Fwp%2Fv2%2Fcategories&post=7892"},{"taxonomy":"post_tag","embeddable":true,"href":"https:\/\/digitalnews.hu\/index.php?rest_route=%2Fwp%2Fv2%2Ftags&post=7892"}],"curies":[{"name":"wp","href":"https:\/\/api.w.org\/{rel}","templated":true}]}}