{"id":7895,"date":"2026-05-01T23:04:07","date_gmt":"2026-05-01T21:04:07","guid":{"rendered":"https:\/\/digitalnews.hu\/?p=7895"},"modified":"2026-05-01T23:13:43","modified_gmt":"2026-05-01T21:13:43","slug":"az-uzemeltetoi-d2d-szolgaltatasok-kereskedelmi-forgalomba-hozatala-fele-haladnak","status":"publish","type":"post","link":"https:\/\/digitalnews.hu\/?p=7895","title":{"rendered":"Az \u00fczemeltet\u0151i D2D szolg\u00e1ltat\u00e1sok kereskedelmi forgalomba hozatala fel\u00e9 haladnak"},"content":{"rendered":"\n<p>A m\u0171holdas k\u00f6zvetlen eszk\u00f6zkapcsolat (D2D) a koncepci\u00f3bizony\u00edt\u00e1sb\u00f3l a korai kereskedelmi ter\u00fcletre l\u00e9p \u00e1t, a Counterpoint Research szerint az NTN-k\u00e9pes okostelefonok v\u00e1rhat\u00f3an a glob\u00e1lis sz\u00e1ll\u00edt\u00e1sok 46 sz\u00e1zal\u00e9k\u00e1t teszik majd ki 2030-ra.<\/p>\n\n\n\n<p>Az Omdia k\u00fcl\u00f6n arr\u00f3l sz\u00e1molt be, hogy 2026 m\u00e1rcius\u00e1ig az eur\u00f3pai mobilh\u00e1l\u00f3zat-\u00fczemeltet\u0151k t\u00f6bb mint 22 sz\u00e1zal\u00e9ka ind\u00edtott, tesztel vagy jelentett be D2D m\u0171holdas partners\u00e9geket.<\/p>\n\n\n\n<p>A Counterpoint megjegyezte, hogy a z\u00e1rtk\u00f6r\u0171 szolg\u00e1ltat\u00e1sok a r\u00f6vid t\u00e1v\u00fa piacot mozgatj\u00e1k, mivel a 3GPP NTN kih\u00edv\u00e1sokkal n\u00e9z szembe a chipset-felk\u00e9sz\u00fclts\u00e9g, az oper\u00e1tori tan\u00fas\u00edt\u00e1s \u00e9s a szolg\u00e1ltat\u00e1s \u00e9retts\u00e9ge ter\u00e9n.<\/p>\n\n\n\n<p>Az Apple, a Google \u00e9s a Huawei saj\u00e1t fejleszt\u00e9s\u0171 NTN implement\u00e1ci\u00f3kat folytat, m\u00edg a Samsung, a Xiaomi, az Oppo, a Honor \u00e9s a Vivo a 3GPP NTN-hez igazodott a sz\u00e9lesebb k\u00f6r\u0171 interoperabilit\u00e1s \u00e9rdek\u00e9ben. Az Apple tov\u00e1bbra is a vezet\u0151 OEM a m\u0171holdas sz\u00e1ll\u00edt\u00e1sokban, m\u00edg a Samsung az Android \u00f6kosziszt\u00e9ma \u00e9l\u00e9n \u00e1ll.<\/p>\n\n\n\n<p>Megjegyezte, hogy a jelenlegi 3GPP Release 17 felhaszn\u00e1l\u00e1si esetek az SOS-ra \u00e9s az \u00fczenetk\u00fcld\u00e9sre korl\u00e1toz\u00f3dnak. A t\u00f6meges k\u00f6z\u00e9pkateg\u00f3ri\u00e1s elterjed\u00e9s csak a Release 19-t\u0151l v\u00e1rhat\u00f3.<\/p>\n\n\n\n<p>A Qualcomm vezeti az Android chipk\u00e9szlet-gy\u00e1rt\u00f3kat a Snapdragon X80 \u00e9s X85 modemjeivel, a MediaTek, a Samsung, a Google \u00e9s a HiSilicon pedig fokozza a versenyt.<\/p>\n\n\n\n<p>\u201eAzok a szolg\u00e1ltat\u00f3k, amelyek ezt a korai f\u00e1zist a technol\u00f3gia tesztel\u00e9s\u00e9re \u00e9s partners\u00e9gek kialak\u00edt\u00e1s\u00e1ra haszn\u00e1lj\u00e1k, jobb helyzetben lesznek a 6G j\u00f6v\u0151j\u00e9re, amelyben a f\u00f6ldi \u00e9s nem f\u00f6ldi h\u00e1l\u00f3zatok m\u00e9lyen integr\u00e1l\u00f3dnak\u201d \u2013 jelentette ki Peter Richardson kutat\u00e1si aleln\u00f6k.<\/p>\n\n\n\n<p><strong>Europa<\/strong><br>Omdia megjegyezte, hogy az eur\u00f3pai szolg\u00e1ltat\u00f3k nagyr\u00e9szt a D2D szolg\u00e1ltat\u00e1sokra \u00f6sszpontos\u00edtanak, amelyek lehet\u0151v\u00e9 teszik a m\u00f3dos\u00edtatlan okostelefonok sz\u00e1m\u00e1ra, hogy a megl\u00e9v\u0151 mobiltechnol\u00f3gi\u00e1k seg\u00edts\u00e9g\u00e9vel k\u00f6zvetlen\u00fcl csatlakozzanak a m\u0171holdakhoz.<\/p>\n\n\n\n<p>A legt\u00f6bben a D2D-t lefedetts\u00e9g- \u00e9s ellen\u00e1ll\u00f3k\u00e9pess\u00e9g-n\u00f6vel\u0151k\u00e9nt, nem pedig \u00f6n\u00e1ll\u00f3 bev\u00e9teln\u00f6vel\u0151k\u00e9nt pozicion\u00e1lj\u00e1k, pr\u00e9mium csomagokba csomagolj\u00e1k, vagy fizet\u0151s kieg\u00e9sz\u00edt\u0151k\u00e9nt k\u00edn\u00e1lj\u00e1k.<\/p>\n\n\n\n<p>M\u00edg a <a href=\"https:\/\/www.mobileworldlive.com\/europe\/kyivstar-activates-starlink-d2d-in-europe-first\/\" target=\"_blank\" rel=\"noreferrer noopener\">Starlink<\/a> rendelkezik a leggyorsabb \u00fattal a korai telep\u00edt\u00e9shez, a szuverenit\u00e1si agg\u00e1lyok t\u00f6bbgy\u00e1rt\u00f3s strat\u00e9gi\u00e1kat vez\u00e9relnek.<\/p>\n\n\n\n<p>Az alternat\u00edv szolg\u00e1ltat\u00f3k, mint p\u00e9ld\u00e1ul a <a href=\"https:\/\/www.mobileworldlive.com\/vodafone\/vodafone-satellite-connect-europe-claim-ireland-video-call-first\/\" target=\"_blank\" rel=\"noreferrer noopener\">Satellite Connect Europe<\/a>, egyre vonz\u00f3bb\u00e1 v\u00e1lnak, mivel a szolg\u00e1ltat\u00f3k igyekeznek cs\u00f6kkenteni az egyetlen partnert\u0151l val\u00f3 hossz\u00fa t\u00e1v\u00fa f\u00fcgg\u0151s\u00e9get.<\/p>\n\n\n\n<p><strong>Monetiz\u00e1ci\u00f3<\/strong><br>B\u00e1r a D2D szolg\u00e1ltat\u00e1sok felbecs\u00fclhetetlen \u00e9rt\u00e9k\u0171ek a f\u00f6ldi kapcsolattal nem rendelkez\u0151 t\u00e1voli ter\u00fcleteken, vagy a katasztr\u00f3fa s\u00fajtotta ter\u00fcleteken, ahol a mobilszolg\u00e1ltat\u00e1sok nem m\u0171k\u00f6dnek, m\u00e9g nem tudni, hogy a mobilszolg\u00e1ltat\u00f3k <a href=\"https:\/\/www.mobileworldlive.com\/network-tech\/satellite-expert-says-d2d-services-are-lacking\/\" target=\"_blank\" rel=\"noreferrer noopener\">\u00fcgyfelei hajland\u00f3ak-e t\u00f6bbet fizetni<\/a>.<\/p>\n\n\n\n<p>Srini Gopalan, a T-Mobile amerikai vez\u00e9rigazgat\u00f3ja a v\u00e1llalat \u00e1prilis 29-i els\u0151 negyed\u00e9ves eredm\u00e9nybesz\u00e1mol\u00f3j\u00e1n kijelentette, hogy a forgalom nem volt olyan magas, mint amire a szolg\u00e1ltat\u00f3 eredetileg sz\u00e1m\u00edtott, amikor <a href=\"https:\/\/www.mobileworldlive.com\/t-mobile-us\/t-mobile-us-satellite-service-with-starlink-goes-nationwide\/\" target=\"_blank\" rel=\"noreferrer noopener\">tavaly bevezette a szolg\u00e1ltat\u00e1st<\/a> a Starlinkkel .<\/p>\n\n\n\n<p>\u201eDe ez egy nagyszer\u0171 kieg\u00e9sz\u00edt\u0151 term\u00e9k\u201d \u2013 mondta. \u201e\u00c9s ha a j\u00f6v\u0151re tekint\u00fcnk, t\u00f6bb m\u00e1s \u0171rszolg\u00e1ltat\u00f3t is l\u00e1tunk megjelenni.\u201d<\/p>\n\n\n\n<p><mark style=\"background-color:#9b51e0\" class=\"has-inline-color has-white-color\">Tov\u00e1bb a cikkre:<\/mark> <a href=\"https:\/\/www.mobileworldlive.com\/network-tech\/operator-d2d-services-shifting-to-commercialisation\/?ID=00QNz00000n06ScMAI&amp;JobID=2692615&amp;utm_source=sfmc&amp;utm_medium=email&amp;utm_campaign=MWL_20260501&amp;utm_content=https%3a%2f%2fwww.mobileworldlive.com%2fnetwork-tech%2foperator-d2d-services-shifting-to-commercialisation%2f\" target=\"_blank\" rel=\"noreferrer noopener\">mobileworldlive.com<\/a> (Michael Robuck)<\/p>\n\n\n\n<h1 class=\"wp-block-heading\">A Vodafone \u00e9s a Satellite Connect Europe azt \u00e1ll\u00edtja, hogy \u00cdrorsz\u00e1g volt az els\u0151 videoh\u00edv\u00e1s-gy\u00e1rt\u00f3<\/h1>\n\n\n\n<p>A Vodafone Ireland \u00e9s a Satellite Connect Europe v\u00e9grehajtotta az orsz\u00e1g els\u0151 m\u0171holdas mobil videoh\u00edv\u00e1s\u00e1t egy hagyom\u00e1nyos okostelefon seg\u00edts\u00e9g\u00e9vel, mik\u00f6zben a v\u00e1llalkoz\u00e1s Eur\u00f3pa-szerte b\u0151v\u00edti a kereskedelmi, k\u00f6zvetlen\u00fcl az eszk\u00f6zre ir\u00e1nyul\u00f3 (D2D) szolg\u00e1ltat\u00e1sokat.<\/p>\n\n\n\n<p>A h\u00edv\u00e1st Robert Ivers (a k\u00e9pen balra), a Vodafone Ireland m\u00e9rn\u00f6ke kezdem\u00e9nyezte a Mayo megyei Clare Island-i mobilh\u00e1l\u00f3zat holtz\u00f3n\u00e1j\u00e1b\u00f3l a v\u00e1llalat dublini vez\u00e9rigazgat\u00f3j\u00e1nak, Sabrina Casalt\u00e1nak (a k\u00e9pen jobbra) . Az oper\u00e1tor elmondta, hogy a kapcsolat egy AST SpaceMobile BlueBird m\u0171hold \u00e9s egy hagyom\u00e1nyos okostelefon seg\u00edts\u00e9g\u00e9vel j\u00f6tt l\u00e9tre.<\/p>\n\n\n\n<figure class=\"wp-block-image size-full\"><img loading=\"lazy\" decoding=\"async\" width=\"650\" height=\"400\" src=\"https:\/\/digitalnews.hu\/wp-content\/uploads\/2026\/05\/voda-650-ireland.avif\" alt=\"\" class=\"wp-image-7899\"\/><\/figure>\n\n\n\n<p>A k\u00eds\u00e9rlet c\u00e9lja, hogy seg\u00edtsen integr\u00e1lni a m\u0171holdas kapcsolatokat a megl\u00e9v\u0151 mobilh\u00e1l\u00f3zatokba, hogy \u00e1thidalja a vid\u00e9ki lefedetts\u00e9gi hi\u00e1nyoss\u00e1gokat, \u00e9s biztos\u00edtsa a szolg\u00e1ltat\u00e1s folytonoss\u00e1g\u00e1t a kies\u00e9sek idej\u00e9n, \u201ekieg\u00e9sz\u00edtve az eur\u00f3pai f\u00f6ldi mobilh\u00e1l\u00f3zatokat\u201d.<\/p>\n\n\n\n<p>Meredith Sharples, a Satellite Connect Europe \u00fcgyvezet\u0151 igazgat\u00f3ja szerint a felh\u00edv\u00e1s \u201e\u00fajabb l\u00e9p\u00e9st jelent\u201d a \u201emegl\u00e9v\u0151 h\u00e1l\u00f3zatok z\u00f6kken\u0151mentes kiterjeszt\u00e9se\u201d \u00e9s a \u201emegb\u00edzhat\u00f3, rugalmas lefedetts\u00e9g biztos\u00edt\u00e1sa azokon a ter\u00fcleteken, amelyeket a hagyom\u00e1nyos infrastrukt\u00fara \u00f6nmag\u00e1ban nem \u00e9r el\u201d fel\u00e9.<\/p>\n\n\n\n<p>Casalta hozz\u00e1tette, hogy a fejleszt\u00e9s azt mutatja, hogy a m\u0171holdas \u00e9s mobil h\u00e1l\u00f3zatok integr\u00e1ci\u00f3ja hogyan terjesztheti ki az \u00f6sszekapcsolhat\u00f3s\u00e1got \u201ea hagyom\u00e1nyos hat\u00e1rokon t\u00fal\u201d.<\/p>\n\n\n\n<p>A <a href=\"https:\/\/www.mobileworldlive.com\/europe\/vodafone-ast-team-on-europe-satellite-service\/\" target=\"_blank\" rel=\"noreferrer noopener\">Vodafone Csoport \u00e9s az AST SpaceMobile<\/a> \u00e1ltal tavaly elind\u00edtott Satellite Connect Europe szolg\u00e1ltat\u00e1s c\u00e9lja, hogy az eur\u00f3pai piacokon m\u0171k\u00f6d\u0151 mobilh\u00e1l\u00f3zat-\u00fczemeltet\u0151ket szolg\u00e1lja ki. A k\u00f6z\u00f6s v\u00e1llalat, amely kiz\u00e1r\u00f3lagos eur\u00f3pai hozz\u00e1f\u00e9r\u00e9ssel rendelkezik az AST SpaceMobile alacsony F\u00f6ld k\u00f6r\u00fcli p\u00e1ly\u00e1n kering\u0151 m\u0171holdkonstell\u00e1ci\u00f3j\u00e1hoz, az\u00f3ta olyan szolg\u00e1ltat\u00f3kkal k\u00f6t\u00f6tt partners\u00e9geket, mint a CK Hutchison, az Orange, a Telefonica \u00e9s a Sunrise.<\/p>\n\n\n\n<p>Az \u00edrorsz\u00e1gi teszt hasonl\u00f3 brit tev\u00e9kenys\u00e9get k\u00f6vet, ahol a Vodafone Group \u00e9s az AST SpaceMobile 2025 janu\u00e1rj\u00e1ban lebonyol\u00edtotta <a href=\"https:\/\/www.mobileworldlive.com\/vodafone\/vodafone-ast-spacemobile-claim-video-call-first\/\" target=\"_blank\" rel=\"noreferrer noopener\">a vil\u00e1g els\u0151 m\u0171holdas mobil videoh\u00edv\u00e1s\u00e1t<\/a> egy hagyom\u00e1nyos okostelefon seg\u00edts\u00e9g\u00e9vel, kapcsolatot teremtve Wales egy t\u00e1voli r\u00e9sz\u00e9r\u0151l a v\u00e1llalat brit k\u00f6zpontj\u00e1val.<\/p>\n\n\n\n<p><mark style=\"background-color:#9b51e0\" class=\"has-inline-color has-white-color\">Tov\u00e1bb a cikkre:<\/mark> <a href=\"https:\/\/www.mobileworldlive.com\/vodafone\/vodafone-satellite-connect-europe-claim-ireland-video-call-first\/\" target=\"_blank\" rel=\"noreferrer noopener\">mobileworldlive.com<\/a> (Amiya Johar)<\/p>\n\n\n\n<h1 class=\"wp-block-heading\">Az FCC friss\u00edti a m\u0171holdas szab\u00e1lyokat a sz\u00e9less\u00e1v\u00fa kapacit\u00e1s n\u00f6vel\u00e9se \u00e9rdek\u00e9ben<\/h1>\n\n\n\n<p>A Sz\u00f6vets\u00e9gi Kommunik\u00e1ci\u00f3s Bizotts\u00e1g (FCC) j\u00f3v\u00e1hagyta az \u00faj szab\u00e1lyokat, amelyek c\u00e9lja a m\u0171holdas sz\u00e9less\u00e1v\u00fa szolg\u00e1ltat\u00e1sok kapacit\u00e1s\u00e1nak h\u00e9tszeres\u00e9re val\u00f3 n\u00f6vel\u00e9se, ami a SpaceX Starlink szolg\u00e1ltat\u00e1s\u00e1nak kedvez.<\/p>\n\n\n\n<p>Az FCC h\u00e1rom biztos\u00e1nak egyhang\u00fa szavazata v\u00e9get vetett az 1990-es \u00e9vek v\u00e9g\u00e9re visszany\u00fal\u00f3 szab\u00e1lyoz\u00e1si keretnek, amely korl\u00e1tozta a m\u0171holdas rendszerek f\u00f6ldi berendez\u00e9sekhez \u00e9s onnan \u00e9rkez\u0151 energiamennyis\u00e9get.<\/p>\n\n\n\n<p>Az FCC jelent\u00e9se \u00e9s rendelete az egyen\u00e9rt\u00e9k\u0171 teljes\u00edtm\u00e9nyfluxus-s\u0171r\u0171s\u00e9g (EPFD) keretrendszert modern, teljes\u00edtm\u00e9nyalap\u00fa GSO-v\u00e9delmi krit\u00e9riumokkal v\u00e1ltja fel, amelyek figyelembe veszik a mai modern m\u0171holdas technol\u00f3gi\u00e1kban rejl\u0151 jobb spektrummegoszt\u00e1si lehet\u0151s\u00e9geket, bele\u00e9rtve az adapt\u00edv k\u00f3dol\u00e1s \u00e9s modul\u00e1ci\u00f3 (ACM) haszn\u00e1lat\u00e1t.<\/p>\n\n\n\n<p>Az FCC kijelentette, hogy az \u00faj keretrendszer az NGSO \u00e9s a GSO \u00fczemeltet\u0151i k\u00f6z\u00f6tti \u00f6nk\u00e9ntes, mag\u00e1njelleg\u0171 koordin\u00e1ci\u00f3s meg\u00e1llapod\u00e1sok r\u00e9v\u00e9n megsz\u00fcnteti a k\u00f6telez\u0151 EPFD-korl\u00e1tokat.<\/p>\n\n\n\n<p>Az FCC becsl\u00e9se szerint a v\u00e1ltoz\u00e1s t\u00f6bb mint 2 milli\u00e1rd doll\u00e1ros gazdas\u00e1gi hasznot \u00e9s ak\u00e1r h\u00e9tszeres\u00e9re n\u00f6velheti a felhaszn\u00e1lhat\u00f3 kapacit\u00e1st, potenci\u00e1lisan an\u00e9lk\u00fcl, hogy egyetlen tov\u00e1bbi m\u0171holdat is fel kellene bocs\u00e1tani.<\/p>\n\n\n\n<p>\u201eB\u00e1r a nagy sebess\u00e9g\u0171, k\u00f6vetkez\u0151 gener\u00e1ci\u00f3s m\u0171holdas szolg\u00e1ltat\u00e1sok m\u00e1r most is alapvet\u0151 \u00f6sszek\u00f6ttet\u00e9st biztos\u00edtanak orsz\u00e1gszerte, az amerikaiak most egy \u00fajabb nagy fejleszt\u00e9ssel n\u00e9znek szembe\u201d \u2013 jelentette ki Brendan Carr, az FCC eln\u00f6ke.<\/p>\n\n\n\n<p>A d\u00f6nt\u00e9s a SpaceX \u00e1ltal vezetett lobbitev\u00e9kenys\u00e9g cs\u00facspontja, amely azzal \u00e9rvelt, hogy az EPFD korl\u00e1toz\u00e1sok mesters\u00e9gesen korl\u00e1tozz\u00e1k a Starlink sebess\u00e9g\u00e9t.<\/p>\n\n\n\n<p>Az FCC 2026 janu\u00e1rj\u00e1ban r\u00e9szleges EPFD-mentess\u00e9get adott a <a href=\"https:\/\/www.mobileworldlive.com\/starlink\/spacex-takes-d2d-into-the-5g-era-on-next-gen-birds\/\" target=\"_blank\" rel=\"noreferrer noopener\">SpaceX-nek m\u00e1sodik gener\u00e1ci\u00f3s m\u0171holdjaira<\/a>. Az Amazon Kuiper, \u00faj nev\u00e9n Amazon LEO, hasonl\u00f3 mentess\u00e9get kapott febru\u00e1rban.<\/p>\n\n\n\n<p>A SpaceX m\u0171holdpolitik\u00e1\u00e9rt felel\u0151s aleln\u00f6ke, David Goldman \u00fcdv\u00f6z\u00f6lte az FCC X-szel kapcsolatos szavazat\u00e1t.<\/p>\n\n\n\n<p>\u201eAz FCC k\u00f6vetkez\u0151 gener\u00e1ci\u00f3s m\u0171holdas rendszerekre vonatkoz\u00f3 szab\u00e1lym\u00f3dos\u00edt\u00e1sa seg\u00edts\u00e9get ny\u00fajt majd azoknak, akiknek a legink\u00e1bb sz\u00fcks\u00e9g\u00fck van r\u00e1. Pontosan. Hatalmas!\u201d<\/p>\n\n\n\n<p>M\u00edg a Starlink szolg\u00e1ltat\u00e1s hat\u00e9konynak bizonyult a sz\u00e9less\u00e1v\u00fa szolg\u00e1ltat\u00e1sok ny\u00fajt\u00e1s\u00e1ban t\u00e1voli vagy vid\u00e9ki ter\u00fcleteken, Carr megjegyz\u00e9seiben megjegyezte, hogy a m\u0171holdas szolg\u00e1ltat\u00e1sok az \u00faj ir\u00e1nyelvek \u00e9rtelm\u00e9ben versenyre kelhetnek a hagyom\u00e1nyos szolg\u00e1ltat\u00f3kkal.<\/p>\n\n\n\n<p>\u201eA vezet\u00e9k n\u00e9lk\u00fcli szolg\u00e1ltat\u00f3k most versenyeznek az otthoni el\u0151fizet\u0151k\u00e9rt\u201d \u2013 jelentette ki. \u201eA k\u00e1belszolg\u00e1ltat\u00f3k versenyeznek a vezet\u00e9k n\u00e9lk\u00fcli \u00fcgyfelek\u00e9rt. A m\u0171holdas szolg\u00e1ltat\u00f3k pedig mind a k\u00e1beles, mind a vezet\u00e9k n\u00e9lk\u00fcli szolg\u00e1ltat\u00f3kkal versenyeznek.\u201d<\/p>\n\n\n\n<p>\u00cdgy folytatta: \u201eA mai FCC-d\u00f6nt\u00e9s fokozni fogja ezt a versenyt, mik\u00f6zben kiterjeszti orsz\u00e1gunk technol\u00f3giai vezet\u0151 szerep\u00e9t.\u201d<\/p>\n\n\n\n<p><mark style=\"background-color:#9b51e0\" class=\"has-inline-color has-white-color\">Tov\u00e1bb a cikkre:<\/mark> <a href=\"https:\/\/www.mobileworldlive.com\/starlink\/fcc-updates-satellite-rules-to-boost-broadband-capacity\/?ID=00QNz00000n06ScMAI&amp;JobID=2692615&amp;utm_source=sfmc&amp;utm_medium=email&amp;utm_campaign=MWL_20260501&amp;utm_content=Read+more\" target=\"_blank\" rel=\"noreferrer noopener\">mobileworldlive.com<\/a> (Michael Robuck)<\/p>\n","protected":false},"excerpt":{"rendered":"<p>A m\u0171holdas k\u00f6zvetlen eszk\u00f6zkapcsolat (D2D) a koncepci\u00f3bizony\u00edt\u00e1sb\u00f3l a korai kereskedelmi ter\u00fcletre l\u00e9p \u00e1t, a Counterpoint Research szerint az NTN-k\u00e9pes okostelefonok&hellip;<\/p>\n","protected":false},"author":1,"featured_media":7896,"comment_status":"closed","ping_status":"closed","sticky":false,"template":"","format":"standard","meta":{"footnotes":""},"categories":[14],"tags":[],"class_list":["post-7895","post","type-post","status-publish","format-standard","has-post-thumbnail","hentry","category-tavkozles"],"_links":{"self":[{"href":"https:\/\/digitalnews.hu\/index.php?rest_route=\/wp\/v2\/posts\/7895","targetHints":{"allow":["GET"]}}],"collection":[{"href":"https:\/\/digitalnews.hu\/index.php?rest_route=\/wp\/v2\/posts"}],"about":[{"href":"https:\/\/digitalnews.hu\/index.php?rest_route=\/wp\/v2\/types\/post"}],"author":[{"embeddable":true,"href":"https:\/\/digitalnews.hu\/index.php?rest_route=\/wp\/v2\/users\/1"}],"replies":[{"embeddable":true,"href":"https:\/\/digitalnews.hu\/index.php?rest_route=%2Fwp%2Fv2%2Fcomments&post=7895"}],"version-history":[{"count":4,"href":"https:\/\/digitalnews.hu\/index.php?rest_route=\/wp\/v2\/posts\/7895\/revisions"}],"predecessor-version":[{"id":7902,"href":"https:\/\/digitalnews.hu\/index.php?rest_route=\/wp\/v2\/posts\/7895\/revisions\/7902"}],"wp:featuredmedia":[{"embeddable":true,"href":"https:\/\/digitalnews.hu\/index.php?rest_route=\/wp\/v2\/media\/7896"}],"wp:attachment":[{"href":"https:\/\/digitalnews.hu\/index.php?rest_route=%2Fwp%2Fv2%2Fmedia&parent=7895"}],"wp:term":[{"taxonomy":"category","embeddable":true,"href":"https:\/\/digitalnews.hu\/index.php?rest_route=%2Fwp%2Fv2%2Fcategories&post=7895"},{"taxonomy":"post_tag","embeddable":true,"href":"https:\/\/digitalnews.hu\/index.php?rest_route=%2Fwp%2Fv2%2Ftags&post=7895"}],"curies":[{"name":"wp","href":"https:\/\/api.w.org\/{rel}","templated":true}]}}