{"id":7912,"date":"2026-05-02T00:05:22","date_gmt":"2026-05-01T22:05:22","guid":{"rendered":"https:\/\/digitalnews.hu\/?p=7912"},"modified":"2026-05-02T00:15:31","modified_gmt":"2026-05-01T22:15:31","slug":"valosag-exportalva-kiallitasmegnyito-kaposvarott","status":"publish","type":"post","link":"https:\/\/digitalnews.hu\/?p=7912","title":{"rendered":"\u201eVal\u00f3s\u00e1g export\u00e1lva\u201d &#8211; ki\u00e1ll\u00edt\u00e1smegnyit\u00f3 Kaposv\u00e1rott"},"content":{"rendered":"\n<p>Val\u00f3s\u00e1g export\u00e1lva \u2013 a Neumann J\u00e1nos Sz\u00e1m\u00edt\u00f3g\u00e9ptudom\u00e1nyi T\u00e1rsas\u00e1g Sz\u00e1m\u00edt\u00f3g\u00e9pes M\u0171v\u00e9szeti Szakoszt\u00e1ly \u00e9s a MATE Rippl-R\u00f3nai M\u0171v\u00e9szeti Int\u00e9zet oktat\u00f3inak \u00e9s hallgat\u00f3inak k\u00f6z\u00f6s ki\u00e1ll\u00edt\u00e1sa<\/p>\n\n\n\n<p>A t\u00e1rlat k\u00f6zponti gondolata a technol\u00f3giai k\u00f6zvet\u00edtetts\u00e9g, az a folyamat, ahogyan a digit\u00e1lis eszk\u00f6z\u00f6k \u00e1t\u00edrj\u00e1k a val\u00f3s\u00e1g \u00e9rz\u00e9kel\u00e9s\u00e9t \u00e9s megjelen\u00edt\u00e9s\u00e9t. A digit\u00e1lis k\u00e9palkot\u00e1s, a vide\u00f3, az anim\u00e1ci\u00f3, a generat\u00edv rendszerek \u00e9s az interakt\u00edv install\u00e1ci\u00f3k r\u00e9v\u00e9n a k\u00f6r\u00fcl\u00f6tt\u00fcnk l\u00e9v\u0151 vil\u00e1g egyre ink\u00e1bb adatokk\u00e1 ford\u00edthat\u00f3. A l\u00e1tv\u00e1ny szerkeszthet\u0151v\u00e9 v\u00e1lik, r\u00e9tegekre bonthat\u00f3, \u00fajrarendezhet\u0151, tulajdonk\u00e9ppen egyfajta kompozit-logika szerint \u00e9p\u00fcl fel, ahol k\u00fcl\u00f6nb\u00f6z\u0151 k\u00e9pi \u00e9s id\u0151beli elemek \u00e1llnak \u00f6ssze \u00faj eg\u00e9ssz\u00e9, \u00edgy a val\u00f3s\u00e1g \u00faj v\u00e1ltozatai j\u00f6nnek l\u00e9tre. A ki\u00e1ll\u00edt\u00e1s c\u00edme az alkot\u00f3i munkafolyamat utols\u00f3 l\u00e9p\u00e9s\u00e9re, az export\u00e1l\u00e1sra utal, arra a pillanatra, amikor a munka kil\u00e9p a szerkeszt\u0151fel\u00fcletb\u0151l, \u00e9s \u00f6n\u00e1ll\u00f3 m\u0171t\u00e1rggy\u00e1, \u201eval\u00f3s\u00e1goss\u00e1\u201d, hozz\u00e1f\u00e9rhet\u0151v\u00e9 v\u00e1lik.<\/p>\n\n\n\n<p>A megnyit\u00f3 id\u0151pontja: 2026. \u00e1prilis 16. 15.00 \u00f3ra, MATE M\u0171v\u00e9szeti Int\u00e9zet (7400 Kaposv\u00e1r, Bajcsy-Zsilinszky u. 10.)<br>Megtekinthet\u0151: 2026. m\u00e1jus 4-ig<br>K\u00f6sz\u00f6nt\u0151t mond: Dr. Hatos P\u00e1l int\u00e9zetigazgat\u00f3, MATE Rippl-R\u00f3nai M\u0171v\u00e9szeti Int\u00e9zet<br>Megnyitja: Prof. Gyenes Zsolt DLA<br>Kur\u00e1torok: Lieber Erzs\u00e9bet DLA, Ruzsa D\u00e9nes eln\u00f6k, NJSZT Sz\u00e1m\u00edt\u00f3g\u00e9pes M\u0171v\u00e9szeti Szakoszt\u00e1ly<br>T\u00e1rlatvezet\u00e9s: Gyenes Zsolt, Lieber Erzs\u00e9bet<\/p>\n\n\n\n<p><strong>Ki\u00e1ll\u00edt\u00f3 m\u0171v\u00e9szek:<\/strong><\/p>\n\n\n\n<p>B\u00e1lind \u00c1d\u00e1m\u2013Dob\u00f3 M\u00e1rton, B\u00e1lint Bertalan, Bordos L\u00e1szl\u00f3 Zsolt, Boz\u00f3ki Mara, Cs\u00edzy L\u00e1szl\u00f3, Falvay Anna, ifj. Ficzek Ferenc, G\u00e1bor \u00c9va M\u00e1ria, Gimesi Judit, Glav\u00e1novits Martin, Gyenes Zsolt, HA\u00e1sz \u00c1gnes, Her\u00e9di Gy\u0151z\u0151, Kelle Antal ArtFormer, K\u00e9pes G\u00e1bor, Kir\u00e1ly \u00c1gnes \u2013 Szente Szimonetta, Kocsis Roland \u2013 K\u00f6ves \u00c1d\u00e1m, ifj. Koff\u00e1n K\u00e1roly, Kov\u00e1cs Emese, Kozma P\u00e9ter, K\u00f6ml\u0151di Ferenc, L\u00e1ng Eszter, L\u00e9vay Jen\u0151, Lieber Erzs\u00e9bet, M\u00e9sz\u00e1ros Anna, NagyMoln\u00e1r \u2013 Nagy Kriszti\u00e1n \u00e9s Moln\u00e1r Csaba, Nagy Ol\u00edvia, Paczona M\u00e1rta \u00c9va, P\u00e9ter \u00c1gnes, Rofrits R\u00e9ka, Ruzsa D\u00e9nes, Sipos Aliz, Spitzer Fruzsina, Szatl\u00f3czki-T\u00f3th Dorina, Sz\u00e1nt\u00f3 Eszter, Tak\u00e1cs Bettina, Emilio Vela, Abdulrahman Zayed<\/p>\n\n\n\n<figure class=\"wp-block-image size-large\"><img loading=\"lazy\" decoding=\"async\" width=\"1024\" height=\"1024\" src=\"https:\/\/digitalnews.hu\/wp-content\/uploads\/2026\/05\/VALOSAG-EXPORTALVA-\u2013-Meghivo-1-1024x1024.jpg\" alt=\"\" class=\"wp-image-7913\" srcset=\"https:\/\/digitalnews.hu\/wp-content\/uploads\/2026\/05\/VALOSAG-EXPORTALVA-\u2013-Meghivo-1-1024x1024.jpg 1024w, https:\/\/digitalnews.hu\/wp-content\/uploads\/2026\/05\/VALOSAG-EXPORTALVA-\u2013-Meghivo-1-300x300.jpg 300w, https:\/\/digitalnews.hu\/wp-content\/uploads\/2026\/05\/VALOSAG-EXPORTALVA-\u2013-Meghivo-1-150x150.jpg 150w\" sizes=\"auto, (max-width: 1024px) 100vw, 1024px\" \/><\/figure>\n\n\n\n<p><mark style=\"background-color:#9b51e0\" class=\"has-inline-color has-white-color\">Tov\u00e1bb a cikkre:<\/mark> <a href=\"https:\/\/njszt.hu\/hu\/news\/2026-03-25\/valosag-exportalva-kiallitasmegnyito-kaposvarott?utm_source=brevo&amp;utm_campaign=NJSZT%20Hrlevl%2020260429%20-%20532&amp;utm_medium=email\" target=\"_blank\" rel=\"noreferrer noopener\">njszt.hu<\/a> (Dandoy Gabriella)<\/p>\n\n\n\n<h1 class=\"wp-block-heading\">Megrendelhet\u0151 a Pixel-f\u00e9ny architekt\u00far\u00e1k c\u00edm\u0171 kiadv\u00e1nyunk!<\/h1>\n\n\n\n<p>A szerz\u0151k: Spitzer Fruzsina \u00e9s Ruzsa D\u00e9nes, Sz\u00e1m\u00edt\u00f3g\u00e9pes M\u0171v\u00e9szeti Szakoszt\u00e1lyunk tagjai<\/p>\n\n\n\n<figure class=\"wp-block-image size-full\"><img loading=\"lazy\" decoding=\"async\" width=\"570\" height=\"321\" src=\"https:\/\/digitalnews.hu\/wp-content\/uploads\/2026\/05\/unnamed.jpg\" alt=\"\" class=\"wp-image-7919\"\/><\/figure>\n\n\n\n<p>A Magyar Informatika Napja 2026 konferenci\u00e1n mutatta be Ruzsa D\u00e9nes \u00e9s Spitzer Fruzsina a Pixel-f\u00e9ny Architekt\u00far\u00e1k c\u00edm\u0171 \u00faj k\u00f6tetet, amely az NJSZT Sz\u00e1m\u00edt\u00f3g\u00e9pes M\u0171v\u00e9szeti Szakoszt\u00e1ly\u00e1nak munk\u00e1i alapj\u00e1n t\u00e1rja fel a mesters\u00e9ges intelligencia \u00e9s a kort\u00e1rs sz\u00e1m\u00edt\u00f3g\u00e9pes elj\u00e1r\u00e1sok m\u0171v\u00e9szeti alkalmaz\u00e1sait, a T\u00e1rsas\u00e1g 2025-\u00f6s, nagy siker\u0171 B\u00e1thori utcai ki\u00e1ll\u00edt\u00e1s\u00e1ra \u00e9p\u00edtve. A ki\u00e1ll\u00edt\u00e1s f\u00e9nyobjektek, sz\u00e1m\u00edt\u00f3g\u00e9pes grafik\u00e1k, install\u00e1ci\u00f3k \u00e9s vide\u00f3munk\u00e1k bemutat\u00e1s\u00e1n kereszt\u00fcl v\u00e1zolt fel egy pillanatk\u00e9pet a hazai sz\u00e1m\u00edt\u00f3g\u00e9pes m\u0171v\u00e9szet egyik fontos k\u00f6z\u00f6ss\u00e9g\u00e9nek alkot\u00f3i \u00e9s elm\u00e9leti t\u00f6rekv\u00e9seir\u0151l \u2013 \u00e9s a k\u00f6tet mindezt h\u0171en adja vissza.<\/p>\n\n\n\n<figure class=\"wp-block-image size-large\"><img loading=\"lazy\" decoding=\"async\" width=\"600\" height=\"800\" src=\"https:\/\/digitalnews.hu\/wp-content\/uploads\/2026\/05\/pixel_konyv_kep-600x800.jpg\" alt=\"\" class=\"wp-image-7920\"\/><\/figure>\n\n\n\n<p>A k\u00f6tet c\u00edme kett\u0151s hangs\u00falyt jel\u00f6l ki. A pixel, a digit\u00e1lis k\u00e9p alapegys\u00e9ge, a k\u00e9pi variabilit\u00e1s, a modularit\u00e1s \u00e9s az algoritmikus szervez\u0151d\u00e9s embl\u00e9m\u00e1ja. A f\u00e9ny ezzel szemben a vizu\u00e1lis tapasztalat fenomenol\u00f3giai \u00e9s anyagi dimenzi\u00f3j\u00e1ra utal: arra a k\u00f6zegre, amelyben a digit\u00e1lis k\u00e9p megjelenik, \u00e9rz\u00e9kelhet\u0151v\u00e9 v\u00e1lik, \u00e9s gyakran kil\u00e9p a s\u00edkb\u00f3l, t\u00e9rbeliv\u00e9, \u00e9p\u00edt\u00e9szeti jelleg\u0171v\u00e9 alakul. Az architekt\u00fara ebben az \u00f6sszef\u00fcgg\u00e9sben a digit\u00e1lis k\u00e9pek, rendszerek \u00e9s m\u00e9diumok strutur\u00e1lis logik\u00e1j\u00e1t jel\u00f6li.: a sz\u00e1m\u00edt\u00f3g\u00e9pes m\u0171v\u00e9szet k\u00e9peket, tereket, id\u0151belis\u00e9geket \u00e9s interakci\u00f3kat szervez.<\/p>\n\n\n\n<p>A tartalomb\u00f3l:<\/p>\n\n\n\n<p>Pixel-f\u00e9ny architekt\u00far\u00e1k. Randev\u00fa az eszk\u00f6z-t\u00e1rs hibriddel &#8211; K\u00c9PES G\u00c1BOR<br>Anal\u00f3g versus digit\u00e1lis m\u00e9dia a k\u00e9pi variabilit\u00e1s \u00e9s modularit\u00e1s tekintet\u00e9ben &#8211; LIEBER ERZS\u00c9BET<br>N\u00e9h\u00e1ny gondolat a digit\u00e1lis m\u0171v\u00e9szetr\u0151l &#8211; L\u00c1NG ESZTER<br>Mesters\u00e9ges intelligencia. A vizu\u00e1lis m\u0171v\u00e9szetek \u00faj korszaka &#8211; K\u00d6ML\u0150DI FERENC<br>Mesters\u00e9ges pareidolia a m\u0171v\u00e9szetben &#8211; SPITZER FRUZSINA<br>A k\u00e9perny\u0151film mint a sz\u00e1m\u00edt\u00f3g\u00e9p-haszn\u00e1lat mozg\u00f3k\u00e9pi reflexi\u00f3ja &#8211; F\u00dcZI IZABELLA<br>Pixel-f\u00e9ny horizontok. Digit\u00e1lis t\u00e1jak \u00e9s adatvez\u00e9relt vil\u00e1gmodellek a kort\u00e1rs science-fiction filmben &#8211; RUZSA D\u00c9NES<br>CT a kort\u00e1rs hazai m\u0171v\u00e9szetben &#8211; GYENES ZSOLT<br>Tov\u00e1bb\u00e1 a ki\u00e1ll\u00edtott m\u0171alkot\u00e1sokr\u00f3l sz\u00f3l\u00f3 le\u00edr\u00e1sok.<\/p>\n\n\n\n<p><mark style=\"background-color:#9b51e0\" class=\"has-inline-color has-white-color\">Megrendelhet\u0151:<\/mark> <a href=\"https:\/\/njszt.hu\/hu\/webform\/megrendeles-spitzer-fruzsina-ruzsa-denes-pixel-feny-architekturak?utm_source=brevo&amp;utm_campaign=NJSZT%20Hrlevl%2020260429%20-%20532&amp;utm_medium=email\" target=\"_blank\" rel=\"noreferrer noopener\">njszt.hu<\/a><\/p>\n","protected":false},"excerpt":{"rendered":"<p>Val\u00f3s\u00e1g export\u00e1lva \u2013 a Neumann J\u00e1nos Sz\u00e1m\u00edt\u00f3g\u00e9ptudom\u00e1nyi T\u00e1rsas\u00e1g Sz\u00e1m\u00edt\u00f3g\u00e9pes M\u0171v\u00e9szeti Szakoszt\u00e1ly \u00e9s a MATE Rippl-R\u00f3nai M\u0171v\u00e9szeti Int\u00e9zet oktat\u00f3inak \u00e9s hallgat\u00f3inak&hellip;<\/p>\n","protected":false},"author":1,"featured_media":7917,"comment_status":"closed","ping_status":"closed","sticky":false,"template":"","format":"standard","meta":{"footnotes":""},"categories":[60],"tags":[],"class_list":["post-7912","post","type-post","status-publish","format-standard","has-post-thumbnail","hentry","category-ai-arts"],"_links":{"self":[{"href":"https:\/\/digitalnews.hu\/index.php?rest_route=\/wp\/v2\/posts\/7912","targetHints":{"allow":["GET"]}}],"collection":[{"href":"https:\/\/digitalnews.hu\/index.php?rest_route=\/wp\/v2\/posts"}],"about":[{"href":"https:\/\/digitalnews.hu\/index.php?rest_route=\/wp\/v2\/types\/post"}],"author":[{"embeddable":true,"href":"https:\/\/digitalnews.hu\/index.php?rest_route=\/wp\/v2\/users\/1"}],"replies":[{"embeddable":true,"href":"https:\/\/digitalnews.hu\/index.php?rest_route=%2Fwp%2Fv2%2Fcomments&post=7912"}],"version-history":[{"count":4,"href":"https:\/\/digitalnews.hu\/index.php?rest_route=\/wp\/v2\/posts\/7912\/revisions"}],"predecessor-version":[{"id":7923,"href":"https:\/\/digitalnews.hu\/index.php?rest_route=\/wp\/v2\/posts\/7912\/revisions\/7923"}],"wp:featuredmedia":[{"embeddable":true,"href":"https:\/\/digitalnews.hu\/index.php?rest_route=\/wp\/v2\/media\/7917"}],"wp:attachment":[{"href":"https:\/\/digitalnews.hu\/index.php?rest_route=%2Fwp%2Fv2%2Fmedia&parent=7912"}],"wp:term":[{"taxonomy":"category","embeddable":true,"href":"https:\/\/digitalnews.hu\/index.php?rest_route=%2Fwp%2Fv2%2Fcategories&post=7912"},{"taxonomy":"post_tag","embeddable":true,"href":"https:\/\/digitalnews.hu\/index.php?rest_route=%2Fwp%2Fv2%2Ftags&post=7912"}],"curies":[{"name":"wp","href":"https:\/\/api.w.org\/{rel}","templated":true}]}}