{"id":7924,"date":"2026-05-02T00:28:25","date_gmt":"2026-05-01T22:28:25","guid":{"rendered":"https:\/\/digitalnews.hu\/?p=7924"},"modified":"2026-05-02T00:28:25","modified_gmt":"2026-05-01T22:28:25","slug":"a-t-mobile-us-starlinkkel-es-optikai-kozos-vallalkozassal-erositi-a-szelessavu-halozatot","status":"publish","type":"post","link":"https:\/\/digitalnews.hu\/?p=7924","title":{"rendered":"A T-Mobile US Starlinkkel \u00e9s optikai k\u00f6z\u00f6s v\u00e1llalkoz\u00e1ssal er\u0151s\u00edti a sz\u00e9less\u00e1v\u00fa h\u00e1l\u00f3zatot"},"content":{"rendered":"\n<p>A T-Mobile US elind\u00edtotta a SuperBroadband nev\u0171 menedzselt \u00fczleti internetszolg\u00e1ltat\u00e1st, amely a SpaceX Starlink alacsony F\u00f6ld k\u00f6r\u00fcli p\u00e1ly\u00e1n kering\u0151 m\u0171holdflott\u00e1j\u00e1t \u00f6tv\u00f6zi orsz\u00e1gos 5G Advanced h\u00e1l\u00f3zat\u00e1val, \u00e9s k\u00e9t optikai k\u00f6z\u00f6s v\u00e1llalkoz\u00e1son (JV) kereszt\u00fcl fejlesztette vezet\u00e9kes vezet\u00e9k n\u00e9lk\u00fcli hozz\u00e1f\u00e9r\u00e9si szolg\u00e1ltat\u00e1s\u00e1t (FWA).<\/p>\n\n\n\n<p>Az egyidej\u0171 sz\u00e9less\u00e1v\u00fa \u00e1t\u00e1ll\u00e1sok jobb poz\u00edci\u00f3t biztos\u00edtanak a v\u00e1llalatnak, hogy versenyezzen a m\u00e1r megl\u00e9v\u0151 k\u00e1bel- \u00e9s optikai szolg\u00e1ltat\u00f3kkal, mivel azt \u00e1ll\u00edtotta, hogy a SuperBroadband az els\u0151 orsz\u00e1gos \u00fczleti szolg\u00e1ltat\u00e1s.<\/p>\n\n\n\n<p>A SuperBroadband teljes k\u00f6r\u0171en menedzselt szolg\u00e1ltat\u00e1sk\u00e9nt, egyetlen szerz\u0151d\u00e9sen \u00e9s sz\u00e1ml\u00e1n kereszt\u00fcl \u00e9rhet\u0151 el. Meghat\u00e1rozott szolg\u00e1ltat\u00e1si szinteket, p\u00e9nz\u00fcgyileg t\u00e1mogatott 99,99%-os \u00fczemid\u0151-garanci\u00e1t, valamint a T-Mobile for Business teljes k\u00f6r\u0171 t\u00e1mogat\u00e1s\u00e1t is tartalmazza.<\/p>\n\n\n\n<p>A T-Mobile \u00f6n\u00e1ll\u00f3 5G magja \u00e1ltal biztos\u00edtott szolg\u00e1ltat\u00e1s kett\u0151s \u00fatvonal\u00fa architekt\u00far\u00e1t haszn\u00e1l. Az Ericsson Cradlepoint routerek \u00e9s k\u00fclt\u00e9ri adapterek, amelyeket az Ericsson Enterprise Wireless Solutions NetCloud Manager platformj\u00e1n kereszt\u00fcl kezelnek, val\u00f3s id\u0151ben v\u00e1ltanak a forgalom k\u00f6z\u00f6tt az 5G \u00e9s a Starlink k\u00f6z\u00f6tt , manu\u00e1lis beavatkoz\u00e1s n\u00e9lk\u00fcl, ha az egyik \u00fatvonal leromlik.<\/p>\n\n\n\n<figure class=\"wp-block-image size-full\"><img loading=\"lazy\" decoding=\"async\" width=\"918\" height=\"482\" src=\"https:\/\/digitalnews.hu\/wp-content\/uploads\/2026\/05\/ericsson-cradlepoint.jpg\" alt=\"\" class=\"wp-image-7925\" srcset=\"https:\/\/digitalnews.hu\/wp-content\/uploads\/2026\/05\/ericsson-cradlepoint.jpg 918w, https:\/\/digitalnews.hu\/wp-content\/uploads\/2026\/05\/ericsson-cradlepoint-768x403.jpg 768w\" sizes=\"auto, (max-width: 918px) 100vw, 918px\" \/><\/figure>\n\n\n\n<p>A T-Mobile n\u00e9gy csomagon kereszt\u00fcl k\u00edn\u00e1lja a szolg\u00e1ltat\u00e1st kisv\u00e1llalkoz\u00e1sok, nagyv\u00e1llalatok, korm\u00e1nyzati szervek \u00e9s oktat\u00e1si int\u00e9zm\u00e9nyek sz\u00e1m\u00e1ra.<\/p>\n\n\n\n<p>Jason Fritch, a SpaceX Starlink v\u00e1llalati \u00e9rt\u00e9kes\u00edt\u00e9s\u00e9rt felel\u0151s aleln\u00f6ke kijelentette, hogy a Starlink \u00e9s a T-Mobile 5G integr\u00e1l\u00e1sa gyors, megb\u00edzhat\u00f3 sz\u00e9less\u00e1v\u00fa internetet biztos\u00edt a t\u00e1voli ter\u00fcleteken m\u0171k\u00f6d\u0151 v\u00e1llalkoz\u00e1soknak, gyors be\u00e1ll\u00edt\u00e1ssal.<\/p>\n\n\n\n<p>A LightShed elemz\u0151je, Walter Piecyk kijelentette, hogy az X Starlinkj\u00e9nek az 5G internetet haszn\u00e1l\u00f3 v\u00e1llalkoz\u00e1sok tartal\u00e9kak\u00e9nt val\u00f3 csomagol\u00e1sa j\u00f3 jel az \u00fczemeltet\u0151 \u00e9s a SpaceX k\u00f6z\u00f6tt.<\/p>\n\n\n\n<p>\u201e Az MVNO a k\u00f6vetkez\u0151 ?\u201d \u2013 tette k\u00f6zz\u00e9.<\/p>\n\n\n\n<p>Optikai offenz\u00edva<br>A c\u00e9g k\u00e9t optikai k\u00f6z\u00f6s v\u00e1llalkoz\u00e1st is nyilv\u00e1noss\u00e1gra hozott, amelyek kiemelik, hogy a mobilszolg\u00e1ltat\u00f3 a FWA sz\u00e9less\u00e1v\u00fa internetet hossz\u00fa t\u00e1v\u00fa n\u00f6veked\u00e9si pill\u00e9rnek tekinti.<\/p>\n\n\n\n<p>Az els\u0151, az Oak Hill Capital mag\u00e1nt\u0151ke-t\u00e1rsas\u00e1ggal 50\/50 ar\u00e1nyban l\u00e9trej\u00f6v\u0151 egy\u00fcttm\u0171k\u00f6d\u00e9s a GoNetspeed \u00e9s a Greenlight Networks egyes\u00fcl\u00e9s\u00e9t jelenti. Az Egyes\u00fclt \u00c1llamok \u00e9szakkeleti r\u00e9sz\u00e9nek k\u00e9t legnagyobb f\u00fcggetlen optikai k\u00e1beles szolg\u00e1ltat\u00f3ja egyetlen platformm\u00e1 v\u00e1lik, amely T-Fiber by T-Mobile n\u00e9ven m\u0171k\u00f6dik majd.<\/p>\n\n\n\n<p>Az egyes\u00edtett h\u00e1l\u00f3zat v\u00e1rhat\u00f3an t\u00f6bb mint 1,3 milli\u00f3 h\u00e1ztart\u00e1st fog el\u00e9rni nyolc amerikai \u00e1llamban 2026 v\u00e9g\u00e9re. A T-Mobile k\u00f6r\u00fclbel\u00fcl 2 milli\u00e1rd doll\u00e1rt fektet be a r\u00e9szesed\u00e9s megszerz\u00e9s\u00e9be, az \u00fczlet v\u00e1rhat\u00f3an 2027 els\u0151 fel\u00e9ben z\u00e1rul le.<\/p>\n\n\n\n<p>A Wren House glob\u00e1lis infrastruktur\u00e1lis befektet\u0151vel l\u00e9trehozott m\u00e1sodik k\u00f6z\u00f6s v\u00e1llalkoz\u00e1s k\u00f6z\u00e9ppontj\u00e1ban az i3 Broadband \u00e1ll, amely egy Illinois, Missouri \u00e9s Rhode Island egyes r\u00e9szeit kiszolg\u00e1l\u00f3 optikai k\u00e1beles szolg\u00e1ltat\u00f3.<\/p>\n\n\n\n<p>A T-Mobile k\u00f6r\u00fclbel\u00fcl 700 milli\u00f3 doll\u00e1rt fektet be 50 sz\u00e1zal\u00e9kos r\u00e9szesed\u00e9s\u00e9rt, a bez\u00e1r\u00e1st pedig 2026 m\u00e1sodik fel\u00e9re tervezik. A sz\u00e1loptikai v\u00e1llalat v\u00e1rhat\u00f3an az \u00e9v v\u00e9g\u00e9re k\u00f6r\u00fclbel\u00fcl 500 000 h\u00e1ztart\u00e1sban fogja haszn\u00e1lni az optikai k\u00e1beleket.<\/p>\n\n\n\n<p>Mindk\u00e9t meg\u00e1llapod\u00e1s a T-Mobile megl\u00e9v\u0151 optikai k\u00f6z\u00f6s v\u00e1llalkoz\u00e1sainak mint\u00e1j\u00e1t k\u00f6veti: nagykereskedelmi modellek, amelyek szerint a szolg\u00e1ltat\u00f3 megtartja az \u00e9ves szerz\u0151d\u00e9s n\u00e9lk\u00fcli \u00e9s \u00e1tl\u00e1that\u00f3 \u00e1rk\u00e9pz\u00e9si aj\u00e1nlat\u00e1t, mik\u00f6zben a h\u00e1l\u00f3zat ki\u00e9p\u00edt\u00e9s\u00e9t \u00e9s \u00fczemeltet\u00e9s\u00e9t a szakosodott partnerekre b\u00edzza.<\/p>\n\n\n\n<p>A T-Mobile n\u00e9gy egym\u00e1st k\u00f6vet\u0151 \u00e9vben a leggyorsabban n\u00f6vekv\u0151 sz\u00e9less\u00e1v\u00fa szolg\u00e1ltat\u00f3 az Egyes\u00fclt \u00c1llamokban, els\u0151sorban az 5G FWA-nak k\u00f6sz\u00f6nhet\u0151en azokon a ter\u00fcleteken, ahol korl\u00e1tozott kapacit\u00e1ssal rendelkezik.<\/p>\n\n\n\n<p>Kijelentett c\u00e9ljuk, hogy 2030-ra \u00f6sszesen 18-19 milli\u00f3 sz\u00e9less\u00e1v\u00fa el\u0151fizet\u0151t biztos\u00edtsanak, bele\u00e9rtve a 3-4 milli\u00f3 optikai k\u00e1beles el\u0151fizet\u0151t.<\/p>\n\n\n\n<p>Az eredm\u00e9nykimutat\u00e1sokkal foglalkoz\u00f3 elemz\u0151k rendszeresen megk\u00e9rd\u0151jelezik, hogy kifogy\u00f3ban van-e az FWA-szolg\u00e1ltat\u00e1sok ny\u00fajt\u00e1s\u00e1hoz sz\u00fcks\u00e9ges 5G-kapacit\u00e1s, amit a vezet\u0151k tagadnak.<\/p>\n\n\n\n<p>B\u00e1r a T-Mobile bet\u00f6rt az \u00fcvegsz\u00e1las sz\u00e9less\u00e1v\u00fa szolg\u00e1ltat\u00e1sok piac\u00e1ra, a jelenl\u00e9te l\u00e9nyegesen kisebb, mint a Verizon\u00e9 \u00e9s az AT&amp;T-\u00e9.<\/p>\n\n\n\n<p><mark style=\"background-color:#9b51e0\" class=\"has-inline-color has-white-color\">Tov\u00e1bb a cikkre:<\/mark> <a href=\"https:\/\/www.mobileworldlive.com\/t-mobile-us\/t-mobile-us-beefs-up-broadband-with-starlink-fibre-jv-deals\/?ID=00QNz00000n06ScMAI&amp;JobID=2690072&amp;utm_source=sfmc&amp;utm_medium=email&amp;utm_campaign=MWL_DI_20260429&amp;utm_content=https%3a%2f%2fwww.mobileworldlive.com%2ft-mobile-us%2ft-mobile-us-beefs-up-broadband-with-starlink-fibre-jv-deals%2f\" target=\"_blank\" rel=\"noreferrer noopener\">mobileworldlive.com<\/a> (Michael Robuck)<\/p>\n","protected":false},"excerpt":{"rendered":"<p>A T-Mobile US elind\u00edtotta a SuperBroadband nev\u0171 menedzselt \u00fczleti internetszolg\u00e1ltat\u00e1st, amely a SpaceX Starlink alacsony F\u00f6ld k\u00f6r\u00fcli p\u00e1ly\u00e1n kering\u0151 m\u0171holdflott\u00e1j\u00e1t&hellip;<\/p>\n","protected":false},"author":1,"featured_media":7926,"comment_status":"closed","ping_status":"closed","sticky":false,"template":"","format":"standard","meta":{"footnotes":""},"categories":[14],"tags":[],"class_list":["post-7924","post","type-post","status-publish","format-standard","has-post-thumbnail","hentry","category-tavkozles"],"_links":{"self":[{"href":"https:\/\/digitalnews.hu\/index.php?rest_route=\/wp\/v2\/posts\/7924","targetHints":{"allow":["GET"]}}],"collection":[{"href":"https:\/\/digitalnews.hu\/index.php?rest_route=\/wp\/v2\/posts"}],"about":[{"href":"https:\/\/digitalnews.hu\/index.php?rest_route=\/wp\/v2\/types\/post"}],"author":[{"embeddable":true,"href":"https:\/\/digitalnews.hu\/index.php?rest_route=\/wp\/v2\/users\/1"}],"replies":[{"embeddable":true,"href":"https:\/\/digitalnews.hu\/index.php?rest_route=%2Fwp%2Fv2%2Fcomments&post=7924"}],"version-history":[{"count":1,"href":"https:\/\/digitalnews.hu\/index.php?rest_route=\/wp\/v2\/posts\/7924\/revisions"}],"predecessor-version":[{"id":7927,"href":"https:\/\/digitalnews.hu\/index.php?rest_route=\/wp\/v2\/posts\/7924\/revisions\/7927"}],"wp:featuredmedia":[{"embeddable":true,"href":"https:\/\/digitalnews.hu\/index.php?rest_route=\/wp\/v2\/media\/7926"}],"wp:attachment":[{"href":"https:\/\/digitalnews.hu\/index.php?rest_route=%2Fwp%2Fv2%2Fmedia&parent=7924"}],"wp:term":[{"taxonomy":"category","embeddable":true,"href":"https:\/\/digitalnews.hu\/index.php?rest_route=%2Fwp%2Fv2%2Fcategories&post=7924"},{"taxonomy":"post_tag","embeddable":true,"href":"https:\/\/digitalnews.hu\/index.php?rest_route=%2Fwp%2Fv2%2Ftags&post=7924"}],"curies":[{"name":"wp","href":"https:\/\/api.w.org\/{rel}","templated":true}]}}