{"id":7937,"date":"2026-05-02T01:15:47","date_gmt":"2026-05-01T23:15:47","guid":{"rendered":"https:\/\/digitalnews.hu\/?p=7937"},"modified":"2026-05-02T01:15:47","modified_gmt":"2026-05-01T23:15:47","slug":"a-canal-biztositja-az-uefa-klubjogokat-europa-szerte","status":"publish","type":"post","link":"https:\/\/digitalnews.hu\/?p=7937","title":{"rendered":"A CANAL+ biztos\u00edtja az UEFA klubjogokat Eur\u00f3pa-szerte"},"content":{"rendered":"\n<p>A CANAL+ megszerezte az UEFA f\u00e9rfi klubversenyek k\u00f6zvet\u00edt\u00e9si jogait sz\u00e1mos eur\u00f3pai piacon n\u00e9gy szezonra, 2027\/28-t\u00f3l 2030\/31-ig.<\/p>\n\n\n\n<p>A csoport meg\u00faj\u00edtotta az UEFA Bajnokok Lig\u00e1ja 100%-\u00e1ra vonatkoz\u00f3 kiz\u00e1r\u00f3lagos jogokat Lengyelorsz\u00e1gban, m\u00edg Ausztri\u00e1ban az UEFA Eur\u00f3pa-lig\u00e1ra \u00e9s az UEFA Konferencia-lig\u00e1ra szerzett kiz\u00e1r\u00f3lagos jogokat.<\/p>\n\n\n\n<p>Sv\u00e1jcban a CANAL+ meg\u00faj\u00edtotta a jogokat az UEFA Bajnokok Lig\u00e1ja napi 1 m\u00e9rk\u0151z\u00e9s\u00e9nek, valamint az Eur\u00f3pa-liga vagy a Konferencia-liga francia nyelv\u0171 m\u00e9rk\u0151z\u00e9seinek k\u00f6zvet\u00edt\u00e9s\u00e9re, koexkluz\u00edv alapon.<\/p>\n\n\n\n<p>A m\u0171sorszolg\u00e1ltat\u00f3 Belgiumban is elind\u00edtja csatorn\u00e1j\u00e1t, miut\u00e1n kiz\u00e1r\u00f3lagos jogokat szerzett az orsz\u00e1gban zajl\u00f3 \u00f6sszes UEFA Bajnokok Lig\u00e1ja, Eur\u00f3pa Liga \u00e9s Konferencia Liga m\u00e9rk\u0151z\u00e9s k\u00f6zvet\u00edt\u00e9s\u00e9re.<\/p>\n\n\n\n<p>A meg\u00e1llapod\u00e1sok a CANAL+ nemr\u00e9giben meg\u00faj\u00edtott franciaorsz\u00e1gi kiz\u00e1r\u00f3lagos jogait k\u00f6vetik mindh\u00e1rom UEFA f\u00e9rfi klubversenyre a 2030\/31-es szezonig.<\/p>\n\n\n\n<p>Maxime Saada, a CANAL+ vez\u00e9rigazgat\u00f3ja szerint a belgiumi meg\u00e1llapod\u00e1s k\u00fcl\u00f6n\u00f6sen jelent\u0151s, meger\u0151s\u00edtve, hogy a CANAL+ csatorn\u00e1i az \u00faj jogokkal egy\u00fctt piacra l\u00e9pnek.<\/p>\n\n\n\n<p>Azt mondta, hogy a meg\u00e1llapod\u00e1sok a CANAL+-t \u201eaz UEFA f\u00e9rfi klubbajnoks\u00e1gok legnagyobb k\u00f6zvet\u00edt\u0151j\u00e9v\u00e9 teszik Eur\u00f3p\u00e1ban\u201d, \u00e9s t\u00e1gabb \u00e9rtelemben vil\u00e1gszerte, t\u00f6bb mint 50 orsz\u00e1gban rendelkeznek jogokkal.<\/p>\n\n\n\n<p>A m\u00e9rk\u0151z\u00e9sek \u00e9s a kiemelt pillanatok a CANAL+ csatorn\u00e1kon \u00e9s a CANAL+ alkalmaz\u00e1sban lesznek el\u00e9rhet\u0151k.<\/p>\n\n\n\n<p><mark style=\"background-color:#9b51e0\" class=\"has-inline-color has-white-color\">Tov\u00e1bb a cikkre:<\/mark> <a href=\"https:\/\/www.broadbandtvnews.com\/2026\/04\/30\/canal-secures-uefa-club-rights-across-europe\/?mc_cid=77415c4dc2&amp;mc_eid=815bee26e6\" target=\"_blank\" rel=\"noreferrer noopener\">broadbandtvnews.com<\/a> (Julian Clover) \u00e9s <a href=\"https:\/\/www.canalplus.hu\/\" target=\"_blank\" rel=\"noreferrer noopener\">canalplus.hu<\/a><\/p>\n","protected":false},"excerpt":{"rendered":"<p>A CANAL+ megszerezte az UEFA f\u00e9rfi klubversenyek k\u00f6zvet\u00edt\u00e9si jogait sz\u00e1mos eur\u00f3pai piacon n\u00e9gy szezonra, 2027\/28-t\u00f3l 2030\/31-ig. A csoport meg\u00faj\u00edtotta az&hellip;<\/p>\n","protected":false},"author":1,"featured_media":7938,"comment_status":"closed","ping_status":"closed","sticky":false,"template":"","format":"standard","meta":{"footnotes":""},"categories":[23],"tags":[],"class_list":["post-7937","post","type-post","status-publish","format-standard","has-post-thumbnail","hentry","category-media"],"_links":{"self":[{"href":"https:\/\/digitalnews.hu\/index.php?rest_route=\/wp\/v2\/posts\/7937","targetHints":{"allow":["GET"]}}],"collection":[{"href":"https:\/\/digitalnews.hu\/index.php?rest_route=\/wp\/v2\/posts"}],"about":[{"href":"https:\/\/digitalnews.hu\/index.php?rest_route=\/wp\/v2\/types\/post"}],"author":[{"embeddable":true,"href":"https:\/\/digitalnews.hu\/index.php?rest_route=\/wp\/v2\/users\/1"}],"replies":[{"embeddable":true,"href":"https:\/\/digitalnews.hu\/index.php?rest_route=%2Fwp%2Fv2%2Fcomments&post=7937"}],"version-history":[{"count":1,"href":"https:\/\/digitalnews.hu\/index.php?rest_route=\/wp\/v2\/posts\/7937\/revisions"}],"predecessor-version":[{"id":7939,"href":"https:\/\/digitalnews.hu\/index.php?rest_route=\/wp\/v2\/posts\/7937\/revisions\/7939"}],"wp:featuredmedia":[{"embeddable":true,"href":"https:\/\/digitalnews.hu\/index.php?rest_route=\/wp\/v2\/media\/7938"}],"wp:attachment":[{"href":"https:\/\/digitalnews.hu\/index.php?rest_route=%2Fwp%2Fv2%2Fmedia&parent=7937"}],"wp:term":[{"taxonomy":"category","embeddable":true,"href":"https:\/\/digitalnews.hu\/index.php?rest_route=%2Fwp%2Fv2%2Fcategories&post=7937"},{"taxonomy":"post_tag","embeddable":true,"href":"https:\/\/digitalnews.hu\/index.php?rest_route=%2Fwp%2Fv2%2Ftags&post=7937"}],"curies":[{"name":"wp","href":"https:\/\/api.w.org\/{rel}","templated":true}]}}