{"id":7944,"date":"2026-05-02T12:10:54","date_gmt":"2026-05-02T10:10:54","guid":{"rendered":"https:\/\/digitalnews.hu\/?p=7944"},"modified":"2026-05-02T12:10:54","modified_gmt":"2026-05-02T10:10:54","slug":"elvileg-24-evunk-van-meg-felebredni-de-valojaban-nehany-ev-alatt-eldol-a-sorsunk","status":"publish","type":"post","link":"https:\/\/digitalnews.hu\/?p=7944","title":{"rendered":"Elvileg 24 \u00e9v\u00fcnk van m\u00e9g fel\u00e9bredni, de val\u00f3j\u00e1ban n\u00e9h\u00e1ny \u00e9v alatt eld\u0151l a sorsunk"},"content":{"rendered":"\n<p>Nem 2050 a t\u00e9t, hanem a k\u00f6vetkez\u0151 n\u00e9h\u00e1ny \u00e9v: egy friss elemz\u00e9se szerint most d\u0151l el, hogy egy technol\u00f3giai aranykor, egy sz\u00e9tszakad\u00f3 vil\u00e1g, egy kl\u00edmafegyelmezett rendszer vagy egy brut\u00e1lisan egyenl\u0151tlen digit\u00e1lis rend fel\u00e9 fordulunk. A demogr\u00e1fia \u00e9s a kl\u00edmav\u00e1ltoz\u00e1s p\u00e1ly\u00e1ja m\u00e1r l\u00e1tszik, de a mesters\u00e9ges intelligencia, a geopolitika \u00e9s a t\u00e1rsadalmi fesz\u00fclts\u00e9gek olyan er\u0151ket szabad\u00edthatnak el, amelyek gy\u00f6keresen elt\u00e9r\u0151 j\u00f6v\u0151ket rajzolnak fel. A k\u00e9rd\u00e9s nem az, hogy mi v\u00e1r r\u00e1nk 2050-ben, hanem az, hogy ma melyik ir\u00e1nyba l\u00f6kj\u00fck el a vil\u00e1got.<br>Sz\u00e1mos filmet l\u00e1thattunk m\u00e1r arr\u00f3l, hogyan alakul a j\u00f6v\u0151nk, mit hoznak a nem is annyira t\u00e1voli \u00e9vtizedek. Nem felt\u00e9tlen\u00fcl kell vissza-, vagy el\u0151re szaladni az Isaac Asimov f\u00e9le Alap\u00edtv\u00e1nyig, de mindenki szeretn\u00e9 l\u00e1tni, merre haladunk, hogyan fogunk \u00e9lni, ha nem is \u201eHolnaput\u00e1n\u201d, de n\u00e9h\u00e1ny \u00e9vtized m\u00falva. A 2050-es \u00e9v tal\u00e1n ma m\u00e9g t\u00e1volinak t\u0171nhet, de a Boston Consulting Group (BCG) Henderson Int\u00e9zet\u00e9nek legfrissebb elemz\u00e9se szerint a k\u00f6vetkez\u0151 \u00f6t \u00e9v d\u00f6nt\u00e9sei alapvet\u0151en fogj\u00e1k meghat\u00e1rozni az ut\u00e1na k\u00f6vetkez\u0151 25 \u00e9vet.<\/p>\n\n\n\n<p>A glob\u00e1lis demogr\u00e1fiai folyamatok, K\u00edna \u00e9s az OECD-orsz\u00e1gok gyors el\u00f6reged\u00e9se, valamint a felmeleged\u00e9s \u00e9s ennek k\u00f6vetkezt\u00e9ben az egyre gyakoribb extr\u00e9m id\u0151j\u00e1r\u00e1si esem\u00e9nyek hat\u00e1sa a mez\u0151gazdas\u00e1gra \u00e9s a v\u00edzk\u00e9szletre olyan folyamatok, amelyek m\u00e1r most is j\u00f3l el\u0151re jelezhet\u0151 p\u00e1ly\u00e1n mozognak.<\/p>\n\n\n\n<p>Viszont a mesters\u00e9ges intelligencia (AI) robban\u00e1sszer\u0171 fejl\u0151d\u00e9se, a geopolitikai s\u00farl\u00f3d\u00e1sok \u00e9s a t\u00e1rsadalmi egyenl\u0151tlens\u00e9gek alakul\u00e1sa sz\u00e1mtalan, egym\u00e1st\u00f3l radik\u00e1lisan elt\u00e9r\u0151 v\u00e9gkifejletet tartogathat. Nagy k\u00e9rd\u00e9s, mit hoz az AI alakul\u00e1sa \u00e9s szab\u00e1lyoz\u00e1sa. A geopolitikai \u00e9s kereskedelmi fesz\u00fclts\u00e9gek fokoz\u00f3dnak, vagy enyh\u00fclnek? Tesznek-e \u00e9s mit tesznek a korm\u00e1nyok az egyre sz\u00e9lesed\u0151 t\u00e1rsadalmi egyenl\u0151tlens\u00e9gek kezel\u00e9s\u00e9nek \u00e9rdek\u00e9ben?<\/p>\n\n\n\n<p><strong>N\u00e9gy lehets\u00e9ges kimenetel<\/strong><br>A BCG Henderson Institute kutat\u00f3i egy \u00e9vsz\u00e1zadnyi adat \u00e9s t\u00f6bb mint sz\u00e1z megatrend elemz\u00e9se alapj\u00e1n n\u00e9gy lehets\u00e9ges forgat\u00f3k\u00f6nyvet v\u00e1zoltak fel 2050-re. B\u00e1r ezek n\u00e9hol a realit\u00e1s hat\u00e1rait s\u00farolj\u00e1k, m\u00e9gis hihet\u0151k. Nem j\u00f3slatokr\u00f3l van sz\u00f3, hanem olyan strat\u00e9giai eszk\u00f6z\u00f6kr\u0151l, amelyek seg\u00edtenek a vezet\u0151knek felk\u00e9sz\u00fclni a k\u00fcl\u00f6nb\u00f6z\u0151 j\u00f6v\u0151kre.<\/p>\n\n\n\n<ol class=\"wp-block-list\">\n<li><strong>Az AI-alap\u00fa b\u0151s\u00e9g kora: a technol\u00f3gia diadala \u00e9s a szabadid\u0151 korszaka<\/strong><\/li>\n<\/ol>\n\n\n\n<p>Ebben a j\u00f6v\u0151k\u00e9pben a mesters\u00e9ges intelligencia rohamos fejl\u0151d\u00e9se nem k\u00e1oszhoz, hanem egy \u00fajfajta glob\u00e1lis egy\u00fcttm\u0171k\u00f6d\u00e9shez vezetett 2050-re. Az \u00fat azonban r\u00f6g\u00f6s volt: a 2030-as \u00e9vekben puszt\u00edt\u00f3, AI-t\u00e1mogatott kibert\u00e1mad\u00e1sok (Compute Wars) \u00e9rt\u00e9k a kritikus infrastrukt\u00far\u00e1t, k\u00f3rh\u00e1zakat \u00e9s energia- \u00e9s k\u00f6zleked\u00e9si-h\u00e1l\u00f3zatokat b\u00e9n\u00edtva meg. Ez k\u00e9nyszer\u00edtette ki a 2035-\u00f6s Compute Ledger Treaty szerz\u0151d\u00e9st, amely szigor\u00fa \u00e1tl\u00e1that\u00f3s\u00e1gi \u00e9s etikai standardokat \u00e1ll\u00edtott az AI-fejleszt\u00e9s el\u00e9.<\/p>\n\n\n\n<p>E forgat\u00f3k\u00f6nyv szerint 2050-re a glob\u00e1lis GDP megh\u00e1romszoroz\u00f3dott, ami \u00e9vi 5 sz\u00e1zal\u00e9kos n\u00f6veked\u00e9st jelent. A n\u00f6veked\u00e9s oka nem a n\u00e9pess\u00e9gn\u00f6veked\u00e9s, hanem a sz\u00e1rnyal\u00f3 termel\u00e9kenys\u00e9g. Az AI-vez\u00e9relt \u00e1tt\u00f6r\u00e9sek megoldott\u00e1k az energiat\u00e1rol\u00e1s \u00e9s a h\u00e1l\u00f3zati hat\u00e9konys\u00e1g k\u00e9rd\u00e9s\u00e9t, b\u0151s\u00e9ges \u00e9s olcs\u00f3 meg\u00fajul\u00f3 energi\u00e1t biztos\u00edtva. Megjelentek az \u201eAI-only\u201d c\u00e9gek, amelyek emberi alkalmazottak n\u00e9lk\u00fcl, hiper-specializ\u00e1lt szoftver\u00e1gensek h\u00e1l\u00f3zatak\u00e9nt m\u0171k\u00f6dnek, minim\u00e1lis k\u00f6lts\u00e9ggel.<\/p>\n\n\n\n<p>Az \u201eeltelt 24\u201325 \u00e9v alatt\u201d a munka fogalma radik\u00e1lisan \u00e1talakult. Az \u00e1tlagos munkaid\u0151 25 sz\u00e1zal\u00e9kkal cs\u00f6kkent, \u00edgy a n\u00e9gynapos (s\u0151t, helyenk\u00e9nt a h\u00e1romnapos) munkah\u00e9t v\u00e1lt elfogadott\u00e1. Az emberek t\u00f6bbs\u00e9ge a gondoz\u00e1si \u00e9s szoci\u00e1lis ter\u00fcleteken, az AI-fel\u00fcgyelet\u00e9hez \u00e9s AI-hoz kapcsol\u00f3d\u00f3 d\u00f6nt\u00e9si szerepk\u00f6r\u00f6kben vagy manu\u00e1lis szakm\u00e1kban (mint a v\u00edzvezet\u00e9k-szerel\u00e9s) dolgozik, ahol az emberi hozz\u00e1\u00e9rt\u00e9s \u00e9s \u00edt\u00e9l\u0151k\u00e9pess\u00e9g m\u00e9g p\u00f3tolhatatlan. A legt\u00f6bb orsz\u00e1g robusztus j\u00f6vedelem-\u00fajraeloszt\u00e1si rendszereket \u00e9s kiterjesztett szoci\u00e1lis v\u00e9d\u0151h\u00e1l\u00f3t, egyes helyeken alapj\u00f6vedelemmel, tart fenn az AI-osztal\u00e9kokb\u00f3l. A 2024-es \u00e1tlagos 63 \u00e9let\u00e9vhez k\u00e9pest 2050-ben m\u00e1r 70 \u00e9vet \u00e9lhet\u00fcnk eg\u00e9szs\u00e9gben.<\/p>\n\n\n\n<p>De meleg van. A vil\u00e1g 2,2\u00b0C-kal melegebb az iparosod\u00e1s el\u0151tti szintn\u00e9l, b\u00e1r a kibocs\u00e1t\u00e1sok gyorsan cs\u00f6kkennek. Az AI-t\u00e1mogatott sz\u00e9n-dioxid-kivon\u00e1si technol\u00f3gi\u00e1k \u00e9s a glob\u00e1lis sz\u00e9n-dioxid-piac megkezdte a l\u00e9gk\u00f6r megtiszt\u00edt\u00e1s\u00e1t, \u00edgy a vil\u00e1g k\u00e9sve ugyan, de egy hiteles nett\u00f3 z\u00e9r\u00f3 kibocs\u00e1t\u00e1si p\u00e1ly\u00e1ra \u00e1llt.<\/p>\n\n\n\n<ol start=\"2\" class=\"wp-block-list\">\n<li><strong>Blokkok harca: geopolitikai fagy \u00e9s \u00e1llamkapitalizmus<\/strong><br><\/li>\n<\/ol>\n\n\n\n<p>Ebben a szcen\u00e1ri\u00f3ban a bizalmatlans\u00e1g \u00e9s a biztons\u00e1g ir\u00e1nti v\u00e1gy fel\u00fcl\u00edrta a glob\u00e1lis egy\u00fcttm\u0171k\u00f6d\u00e9st. A vil\u00e1g egym\u00e1st\u00f3l gazdas\u00e1gilag elszigetelt, merev blokkokra szakadt sz\u00e9t, ahol az \u00f6nell\u00e1t\u00e1s az els\u0151dleges priorit\u00e1s. A 2020-as \u00e9vek v\u00e9g\u00e9n eszkal\u00e1l\u00f3d\u00f3 v\u00e1mh\u00e1bor\u00fak \u00e9s exportkorl\u00e1toz\u00e1sok a mag\u00e1nszektort a blokkokon bel\u00fcli m\u0171k\u00f6d\u00e9sre k\u00e9nyszer\u00edtett\u00e9k.<\/p>\n\n\n\n<p>A gazdas\u00e1gi n\u00f6veked\u00e9s lelassult (\u00e9vi 1,8 sz\u00e1zal\u00e9k), a vil\u00e1gkereskedelem pedig a hidegh\u00e1bor\u00fas szintekre, a GDP 35 sz\u00e1zal\u00e9k\u00e1ra esett vissza. A v\u00e9delmi kiad\u00e1sok a glob\u00e1lis GDP 7,0 sz\u00e1zal\u00e9k\u00e1ra ugrottak. Elmos\u00f3dott a hat\u00e1r a korm\u00e1nyok \u00e9s a v\u00e1llalatok k\u00f6z\u00f6tt; az \u00e1llamkapitalizmus v\u00e1lt norm\u00e1v\u00e1, az innov\u00e1ci\u00f3 pedig szinte kiz\u00e1r\u00f3lag a katonai \u00e9s kett\u0151s felhaszn\u00e1l\u00e1s\u00fa technol\u00f3gi\u00e1kra f\u00f3kusz\u00e1l. A multinacion\u00e1lis v\u00e1llalatok szinte elt\u0171ntek: vagy egyetlen blokkhoz igazodtak, vagy sz\u00e9testek region\u00e1lis vegyesv\u00e1llalatok h\u00e1l\u00f3zat\u00e1ra.<\/p>\n\n\n\n<p>Az \u00e9letsz\u00ednvonal stagn\u00e1l, az alapvet\u0151 cikkek dr\u00e1g\u00e1k, \u00e9s sok helyen \u00e9lelmiszer- vagy v\u00edzhi\u00e1ny l\u00e9p fel. A munka hazafias k\u00f6teless\u00e9g, a szabads\u00e1gjogok pedig csorbultak: 2050-ben a orsz\u00e1goknak csup\u00e1n 25 sz\u00e1zal\u00e9ka tekinthet\u0151 demokr\u00e1ci\u00e1nak (szemben a 2024-es 49 sz\u00e1zal\u00e9kkal). A glob\u00e1lis boldogs\u00e1gindex 10 sz\u00e1zal\u00e9kkal cs\u00f6kkent. Ebben a vil\u00e1gban a Glob\u00e1lis D\u00e9l orsz\u00e1gai (India, Braz\u00edlia, Indon\u00e9zia) kapnak k\u00fcl\u00f6nleges szerepet. Pragmatikusan egyens\u00falyoznak a blokkok k\u00f6z\u00f6tt, kihaszn\u00e1lva fiatal munkaerej\u00fcket \u00e9s er\u0151forr\u00e1saikat, amikkel a vil\u00e1ggazdas\u00e1g \u00faj motorj\u00e1v\u00e1 v\u00e1lnak.<\/p>\n\n\n\n<p>A nemzetk\u00f6zi kl\u00edmav\u00e9delmi egy\u00fcttm\u0171k\u00f6d\u00e9s \u00f6sszeomlott. A h\u0151m\u00e9rs\u00e9klet-emelked\u00e9s el\u00e9ri a 2,1\u00b0C-ot, \u00e9s a p\u00e1lya 2100-ra a 3,5\u00b0C fel\u00e9 mutat. A k\u00f6rnyezet is geopolitikai harct\u00e9rr\u00e9 v\u00e1lt: a blokkok a region\u00e1lis alkalmazkod\u00e1sra f\u00f3kusz\u00e1lnak, \u00e9s ak\u00e1r geo-engineering technik\u00e1kkal is pr\u00f3b\u00e1lnak relat\u00edv el\u0151nyt szerezni, magyar\u00e1n region\u00e1lisan pr\u00f3b\u00e1lj\u00e1k befoly\u00e1solni az id\u0151j\u00e1r\u00e1st (pl. felh\u0151-magvas\u00edt\u00e1ssal), hogy lok\u00e1lis el\u0151ny\u00f6ket szerezzenek, ak\u00e1r a szomsz\u00e9daik k\u00e1r\u00e1ra.<\/p>\n\n\n\n<ol start=\"3\" class=\"wp-block-list\">\n<li><strong>Kl\u00edmakoal\u00edci\u00f3: Ellen\u00e1ll\u00f3k\u00e9pess\u00e9g minden\u00e1ron<\/strong><\/li>\n<\/ol>\n\n\n\n<p>Eszerint a forgat\u00f3k\u00f6nyv szerint a korm\u00e1nyok \u00e9s a polg\u00e1rok a kl\u00edmav\u00e9delmet \u00e9s a t\u00e1rsadalmi ellen\u00e1ll\u00f3k\u00e9pess\u00e9get helyezt\u00e9k a n\u00f6veked\u00e9s el\u00e9, a szakpolitikai d\u00f6nt\u00e9sekt\u0151l az infrastrukt\u00fara-fejleszt\u00e9seken \u00e1t eg\u00e9szen a fogyaszt\u00e1si szok\u00e1sokig. A fordulatot a 2020-as \u00e9vek v\u00e9g\u00e9nek puszt\u00edt\u00f3 term\u00e9szeti katasztr\u00f3f\u00e1i \u2013 mint a New York vagy Szingap\u00far kritikus infrastrukt\u00far\u00e1j\u00e1t megb\u00e9n\u00edt\u00f3 \u00e1rvizek \u2013 hozt\u00e1k el, amelyek nyom\u00e1n az \u00e1llampolg\u00e1ri nyom\u00e1s kik\u00e9nyszer\u00edtette a glob\u00e1lis \u00f6sszefog\u00e1st.<\/p>\n\n\n\n<p>Az ad\u00f3k magasak, a fogyaszt\u00f3i \u00e9s v\u00e1llalati k\u00f6lt\u00e9sek visszafogottak. A korm\u00e1nyok a j\u00f6vedelemad\u00f3z\u00e1sr\u00f3l a fogyaszt\u00e1s-alap\u00fa ad\u00f3z\u00e1sra \u00e1llnak \u00e1t (sz\u00e9n-dioxid-alap\u00fa \u00e1fa), ami heves politikai vit\u00e1kat \u00e9s t\u00e1rsadalmi tiltakoz\u00e1sokat v\u00e1lt ki az igazs\u00e1goss\u00e1g nev\u00e9ben.<\/p>\n\n\n\n<p>L\u00e9trej\u00f6tt egy nemzetk\u00f6zi \u201ekl\u00edmaklub\u201d, ahol a tagok egys\u00e9ges sz\u00e9n-dioxid-\u00e1raz\u00e1st \u00e9s hat\u00e1rmenti kiigaz\u00edt\u00f3 mechanizmusokat alkalmaznak. 2050-re a sz\u00e9n-dioxid \u00e1ra tonn\u00e1nk\u00e9nt 300 doll\u00e1rra emelkedett. A GDP n\u00f6veked\u00e9se m\u00e9rs\u00e9kelt (\u00e9vi 2,5 sz\u00e1zal\u00e9k), az innov\u00e1ci\u00f3 pedig a dekarboniz\u00e1ci\u00f3ra, az \u00faj anyagokra \u00e9s az alacsony kibocs\u00e1t\u00e1s\u00fa mez\u0151gazdas\u00e1g el\u00e9r\u00e9s\u00e9re ir\u00e1nyul. Az energiaell\u00e1t\u00e1sban a nem kezelt fosszilis t\u00fczel\u0151anyagok ar\u00e1nya 81-r\u0151l 35 sz\u00e1zal\u00e9kra zuhant, az \u00e1ramtermel\u00e9s pedig szinte teljesen tiszta forr\u00e1sokb\u00f3l sz\u00e1rmazik.<\/p>\n\n\n\n<p>A n\u00e9gy lehets\u00e9ges forgat\u00f3k\u00f6nyvben szerepl\u0151 \u201e\u00faj vil\u00e1gok\u201d k\u00f6z\u00fcl ez a legbefogad\u00f3bb: a sz\u00e9ls\u0151s\u00e9ges szeg\u00e9nys\u00e9gben \u00e9l\u0151k ar\u00e1nya 4 sz\u00e1zal\u00e9kra felez\u0151d\u00f6tt 2025-h\u00f6z k\u00e9pest, de a gener\u00e1ci\u00f3s fesz\u00fclts\u00e9gek komolyak. Az el\u00f6reged\u0151 t\u00e1rsadalmak egyre nagyobb terhet r\u00f3nak a nemzeti k\u00f6lts\u00e9gvet\u00e9sekre, \u00e9s er\u0151s\u00edtik a gener\u00e1ci\u00f3k k\u00f6z\u00f6tti fesz\u00fclts\u00e9geket. Az el\u00f6reged\u0151 n\u00e9pess\u00e9g \u00e9s a magas ad\u00f3k miatt a fejlett orsz\u00e1gokban a munkak\u00e9pes kor\u00faak rendelkez\u00e9sre \u00e1ll\u00f3 j\u00f6vedelme jelent\u0151sen cs\u00f6kkent a nyugd\u00edjasok\u00e9hoz k\u00e9pest. A munkaer\u0151hi\u00e1ny kr\u00f3nikus, amit a korm\u00e1nyok k\u00e9tl\u00e9pcs\u0151s migr\u00e1ci\u00f3s rendszerekkel pr\u00f3b\u00e1lnak kezelni.<\/p>\n\n\n\n<p>A befogad\u00e1s mellett ez a j\u00f6v\u0151 a \u201ek\u00f6rnyezeti sikert\u00f6rt\u00e9net\u201d forgat\u00f3k\u00f6nyve: a glob\u00e1lis felmeleged\u00e9st siker\u00fclt 1,8\u00b0C-on stabiliz\u00e1lni. B\u00e1r a mindennapok sor\u00e1n sokan frusztr\u00e1ltak a magas k\u00f6lts\u00e9gek \u00e9s a lassabb n\u00f6veked\u00e9s miatt, a vil\u00e1g elker\u00fclte a kl\u00edmakatasztr\u00f3fa legrosszabb forgat\u00f3k\u00f6nyveit.<\/p>\n\n\n\n<ol start=\"4\" class=\"wp-block-list\">\n<li><strong>Digit\u00e1lis Darwinizmus: A technol\u00f3giai elit uralma<\/strong><\/li>\n<\/ol>\n\n\n\n<p>Ebben a vil\u00e1gban az int\u00e9zm\u00e9nyek visszah\u00faz\u00f3dtak, \u00e9s a szab\u00e1lyozatlan innov\u00e1ci\u00f3 a legr\u00e1termettebbek \u2013 vagy a leggazdagabbak \u2013 t\u00fal\u00e9l\u00e9s\u00e9t hozta el. A korm\u00e1nyok a 2020-as \u00e9vek v\u00e9g\u00e9n versengve gyeng\u00edtett\u00e9k az AI-szab\u00e1lyoz\u00e1st, hogy magukhoz vonzz\u00e1k a tech-\u00f3ri\u00e1sokat, ami v\u00e9g\u00fcl a tech-elit \u00e9s befektet\u0151ik t\u00fals\u00faly\u00e1hoz vezetett.<\/p>\n\n\n\n<p>A gazdas\u00e1gi n\u00f6veked\u00e9s magas (\u00e9vi 4,0 sz\u00e1zal\u00e9k), a vil\u00e1gkereskedelem pedig \u00e9l\u00e9nk (61 sz\u00e1zal\u00e9kos kereskedelem-GDP ar\u00e1ny). Azonban az egyenl\u0151tlens\u00e9g soha nem l\u00e1tott m\u00e9rt\u00e9k\u0171: a leggazdagabb 1 sz\u00e1zal\u00e9k birtokolja a glob\u00e1lis vagyon k\u00f6zel fel\u00e9t. Az innov\u00e1ci\u00f3 m\u00e1r nem ny\u00edlt, hanem a megav\u00e1llalatok \u00e1ltal szigor\u00faan \u0151rz\u00f6tt mag\u00e1ntulajdon. Megjelentek a privatiz\u00e1lt k\u00f6zszolg\u00e1ltat\u00e1sok, ahol a tehet\u0151sebbek, \u00e9lve a pr\u00e9mium csomagokkal, gyorsabb t\u0171zolt\u00f3- vagy ment\u0151ell\u00e1t\u00e1st v\u00e1s\u00e1rolhatnak.<\/p>\n\n\n\n<p>A v\u00e9delmi kiad\u00e1sok magasak, a GDP 4 sz\u00e1zal\u00e9k\u00e1t teszik ki a 2024-es 2,4 sz\u00e1zal\u00e9khoz k\u00e9pest, egy kor\u00e1bbi fegyverkez\u00e9si verseny \u00f6r\u00f6ks\u00e9gek\u00e9nt, amelyet az AI, a biotechnol\u00f3gia \u00e9s az \u0171rrendszerek szab\u00e1lyozatlan technol\u00f3giai fejl\u0151d\u00e9se ind\u00edtott el, elmosva a hat\u00e1rt a civil \u00e9s a katonai k\u00e9pess\u00e9gek k\u00f6z\u00f6tt.<\/p>\n\n\n\n<p>El\u0151ret\u00f6r \u00e9s kett\u0151s hat\u00e1ssal jelentkezik a kvantum sz\u00e1m\u00edt\u00e1stechnika. A technol\u00f3gia \u00e9vekkel r\u00f6vid\u00edti le, gyors\u00edtja fel a gy\u00f3gyszerkutat\u00e1st, de k\u00e9pes felt\u00f6rni a jelenlegi legbiztons\u00e1gosabb titkos\u00edt\u00e1sokat is, ami utat nyit az \u00faj t\u00edpus\u00fa kiberhadvisel\u00e9s \u00e9s k\u00e9mked\u00e9s fel\u00e9. A munka vil\u00e1ga bizonytalan \u00e9s stresszes, a t\u00f6bbs\u00e9g sz\u00e1m\u00e1ra a \u201egig economy\u201d (platformalap\u00fa alkalmi munka) \u00e9s az algoritmikus fel\u00fcgyelet a val\u00f3s\u00e1g.<\/p>\n\n\n\n<p>A digit\u00e1lis f\u00fcgg\u0151s\u00e9g n\u00e9peg\u00e9szs\u00e9g\u00fcgyi v\u00e1ls\u00e1gg\u00e1 v\u00e1lt, mivel sokan AI-gener\u00e1lt virtu\u00e1lis vil\u00e1gokba menek\u00fclnek a val\u00f3s\u00e1g el\u0151l, ami t\u00f6meges addikci\u00f3t okoz \u00e9s ennek az \u00e9ves k\u00f6lts\u00e9ge a becsl\u00e9sek szerint a glob\u00e1lis GDP 2 sz\u00e1zal\u00e9k\u00e1t is el\u00e9rheti. A demokr\u00e1cia visszaszorult, a n\u00e9pess\u00e9g mind\u00f6ssze 30 sz\u00e1zal\u00e9ka \u00e9l demokratikus orsz\u00e1gokban. A sz\u00e9ls\u0151s\u00e9ges szeg\u00e9nys\u00e9g 12 sz\u00e1zal\u00e9kra emelkedett, az eg\u00e9szs\u00e9gben t\u00f6lt\u00f6tt \u00e9vek sz\u00e1ma nem, hogy nem n\u0151tt, hanem 62 \u00e9vre cs\u00f6kkent.<\/p>\n\n\n\n<p>Ez a legs\u00f6t\u00e9tebb v\u00e1ltozat k\u00f6rnyezeti szempontb\u00f3l: a h\u0151m\u00e9rs\u00e9klet 2,5\u00b0C-kal n\u0151tt. Az Amazonas-es\u0151erd\u0151, az egyik legfontosabb \u00f6kosziszt\u00e9ma, visszaford\u00edthatatlanul szavannaszer\u0171 t\u00e1jj\u00e1 alakult, ami jelent\u0151s \u00e9ghajlati kileng\u00e9seket ind\u00edtott el. A region\u00e1lis monszunmint\u00e1zatok \u00e1trendez\u0151dtek, s\u00falyos asz\u00e1lyokat \u00e9s term\u00e9skies\u00e9st okozva D\u00e9l-Amerika-szerte, tovagy\u0171r\u0171z\u0151 hat\u00e1sokkal a glob\u00e1lis \u00e9lelmiszer- \u00e9s nyersanyagpiacokon. Az \u00e9lelmiszer\u00e1rak t\u00f6rt\u00e9nelmi cs\u00facsra emelkedtek, \u00e9s humanit\u00e1rius v\u00e1ls\u00e1ghoz vezettek. A koordin\u00e1lt dekarboniz\u00e1ci\u00f3 helyett a vezet\u0151k az alkalmazkod\u00e1sra f\u00f3kusz\u00e1lnak, de azt is csak a gazdagok sz\u00e1m\u00e1ra biztos\u00edtj\u00e1k.<\/p>\n\n\n\n<p><strong>Lehets\u00e9ges sokkok, vagyis a \u201eFekete Hatty\u00fak\u201d<\/strong><br>A fenti forgat\u00f3k\u00f6nyvek a legval\u00f3sz\u00edn\u0171bb tartom\u00e1nyokat fedik le, de l\u00e9teznek alacsony val\u00f3sz\u00edn\u0171s\u00e9g\u0171, de hatalmas hat\u00e1s\u00fa esem\u00e9nyek is, \u00fagynevezett Fekete Hatty\u00fak, amelyek b\u00e1rmelyik j\u00f6v\u0151k\u00e9pet felforgathatj\u00e1k. Ilyen p\u00e9ld\u00e1ul:<\/p>\n\n\n\n<ul class=\"wp-block-list\">\n<li>Az AI Szingularit\u00e1s: amikor az AI k\u00e9pess\u00e9gei meghaladj\u00e1k az emberi \u00e9rtelmet, \u00e9s a mesters\u00e9ges intelligencia \u00f6n\u00e1ll\u00f3, kontroll\u00e1lhatatlan fejl\u0151d\u00e9si ciklusba kezd.<\/li>\n\n\n\n<li>\u0170rh\u00e1bor\u00fa: a m\u0171holdas rendszerek megsemmis\u00fcl\u00e9se megb\u00e9n\u00edtan\u00e1 a glob\u00e1lis logisztik\u00e1t \u00e9s kommunik\u00e1ci\u00f3t, visszavetve a vil\u00e1got a pap\u00edralap\u00fa t\u00e9rk\u00e9pek \u00e9s az anal\u00f3g r\u00e1di\u00f3z\u00e1s kor\u00e1ba.<\/li>\n\n\n\n<li>Kereskedelmileg m\u0171k\u00f6d\u0151 nukle\u00e1ris magf\u00fazi\u00f3: ha siker\u00fclne megval\u00f3s\u00edtani, a f\u00fazi\u00f3s energia korl\u00e1tlan, tiszta \u00e9s olcs\u00f3 forr\u00e1st biztos\u00edtana, feloldva a n\u00f6veked\u00e9s \u00e9s a k\u00f6rnyezetv\u00e9delem k\u00f6z\u00f6tti ellent\u00e9tet.<\/li>\n\n\n\n<li>Agy-sz\u00e1m\u00edt\u00f3g\u00e9p interf\u00e9sz (Brain-Computer Interface): Ez megteremthetn\u00e9 a \u201ehibrid munkav\u00e1llal\u00f3k\u201d kasztj\u00e1t, ahol az alkalmaz\u00e1s felt\u00e9tele nem a tapasztalat lenne, hanem hogy az ember milyen technol\u00f3gi\u00e1kkal van \u201efelturb\u00f3zva\u201d.<br><\/li>\n<\/ul>\n\n\n\n<p><strong>\u00d6t l\u00e9p\u00e9s, amit nem fogsz megb\u00e1nni<\/strong><\/p>\n\n\n\n<p>Ugyan ma nem lehet tudni, hogy melyik j\u00f6v\u0151 v\u00e1lik val\u00f3ra, a tanulm\u00e1ny \u00f6t olyan strat\u00e9giai l\u00e9p\u00e9st javasol, amik b\u00e1rmelyik forgat\u00f3k\u00f6nyv eset\u00e9n m\u0171k\u00f6dnek.<\/p>\n\n\n\n<ul class=\"wp-block-list\">\n<li>A struktur\u00e1lis ellen\u00e1ll\u00f3k\u00e9pess\u00e9g n\u00f6vel\u00e9se: a hat\u00e9konys\u00e1g helyett az ellen\u00e1ll\u00f3k\u00e9pess\u00e9gre kell f\u00f3kusz\u00e1lni: diverzifik\u00e1ljuk az ell\u00e1t\u00e1si l\u00e1ncokat, biztos\u00edtsuk a kulcsfontoss\u00e1g\u00fa er\u0151forr\u00e1sokat, kezelj\u00fck a kl\u00edmakock\u00e1zatokat, \u00e9s er\u0151s\u00edts\u00fck a p\u00e9nz\u00fcgyi rugalmass\u00e1gukat.<\/li>\n\n\n\n<li>A tehets\u00e9gstrat\u00e9gia \u00fajragondol\u00e1sa: fel kell k\u00e9sz\u00fclni az el\u00f6reged\u0151 munkaer\u0151re \u00e9s az ember-g\u00e9p egy\u00fcttm\u0171k\u00f6d\u00e9s \u00faj modelljeire, mint p\u00e9ld\u00e1ul az \u00e1gens AI.<\/li>\n\n\n\n<li>Digit\u00e1lis rugalmass\u00e1g \u00e9s bizalom \u00e9p\u00edt\u00e9se: az AI \u00e9s m\u00e1s technol\u00f3gi\u00e1k gyors fejl\u0151d\u00e9se miatt a szervezeteknek rugalmas, modul\u00e1ris IT- \u00e9s adatarchitekt\u00far\u00e1kat kell ki\u00e9p\u00edteni\u00fck, mik\u00f6zben kiemelt figyelmet kell ford\u00edtaniuk az adatok hiteless\u00e9g\u00e9re, a kiberbiztons\u00e1gra \u00e9s a bizalomra.<\/li>\n\n\n\n<li>Az el\u0151rejelz\u00e9si k\u00e9pess\u00e9gek meger\u0151s\u00edt\u00e9se: a szervezeteknek fejleszteni\u00fck kell az el\u0151rejelz\u00e9si k\u00e9pess\u00e9geiket \u00e9s akt\u00edv szerepet kell v\u00e1llalniuk a szab\u00e1lyoz\u00e1si trendek alak\u00edt\u00e1s\u00e1ban.<\/li>\n\n\n\n<li>Sz\u00e9lesebb t\u00e1rsadalmi szerepv\u00e1llal\u00e1s: az \u00f6reged\u0151 t\u00e1rsadalmak, a kl\u00edmav\u00e1ls\u00e1g \u00e9s az int\u00e9zm\u00e9nyi bizonytalans\u00e1g k\u00f6zepette a v\u00e1llalatoknak egyre nagyobb felel\u0151ss\u00e9get kell v\u00e1llalniuk a dolgoz\u00f3k j\u00f3ll\u00e9t\u00e9\u00e9rt, a helyi k\u00f6z\u00f6ss\u00e9gek meger\u0151s\u00edt\u00e9s\u00e9\u00e9rt, \u00e9s a v\u00e1ls\u00e1gkezel\u00e9sben, ami hossz\u00fa t\u00e1von bizalmat \u00e9s versenyel\u0151nyt hoz sz\u00e1mukra.<\/li>\n<\/ul>\n\n\n\n<p>A BCG Henderson Int\u00e9zete szerint a 2050-es vil\u00e1g nem a t\u00e1voli j\u00f6v\u0151, hanem a jelen d\u00f6nt\u00e9seinek eredm\u00e9nye. A lehets\u00e9ges forgat\u00f3k\u00f6nyvek felv\u00e1zol\u00e1s\u00e1nak pedig nem a j\u00f3sl\u00e1s, hanem a \u201ej\u00f6v\u0151\u00e9rz\u00e9kel\u00e9s\u201d er\u0151s\u00edt\u00e9se a c\u00e9lja, hogy a vezet\u0151k a bizonytalans\u00e1g k\u00f6zepette is id\u0151ben felismerj\u00e9k a felbukkan\u00f3 mint\u00e1zatokat.<\/p>\n\n\n\n<p><mark style=\"background-color:#9b51e0\" class=\"has-inline-color has-white-color\">Tov\u00e1bb a cikkre:<\/mark> <a href=\"https:\/\/index.hu\/gazdasag\/2026\/04\/27\/jovokep-mesterseges-intelligencia-ai-globalis-ter-globalis-felmelegedes-munkaeropiac-technologia-digitalis-darwinizmus\/\" target=\"_blank\" rel=\"noreferrer noopener\">index.hu<\/a> (Kasz\u00e1s G\u00e1bor)<\/p>\n","protected":false},"excerpt":{"rendered":"<p>Nem 2050 a t\u00e9t, hanem a k\u00f6vetkez\u0151 n\u00e9h\u00e1ny \u00e9v: egy friss elemz\u00e9se szerint most d\u0151l el, hogy egy technol\u00f3giai aranykor,&hellip;<\/p>\n","protected":false},"author":1,"featured_media":7945,"comment_status":"closed","ping_status":"closed","sticky":false,"template":"","format":"standard","meta":{"footnotes":""},"categories":[4],"tags":[],"class_list":["post-7944","post","type-post","status-publish","format-standard","has-post-thumbnail","hentry","category-ai-agi-chat-gpt-gemini"],"_links":{"self":[{"href":"https:\/\/digitalnews.hu\/index.php?rest_route=\/wp\/v2\/posts\/7944","targetHints":{"allow":["GET"]}}],"collection":[{"href":"https:\/\/digitalnews.hu\/index.php?rest_route=\/wp\/v2\/posts"}],"about":[{"href":"https:\/\/digitalnews.hu\/index.php?rest_route=\/wp\/v2\/types\/post"}],"author":[{"embeddable":true,"href":"https:\/\/digitalnews.hu\/index.php?rest_route=\/wp\/v2\/users\/1"}],"replies":[{"embeddable":true,"href":"https:\/\/digitalnews.hu\/index.php?rest_route=%2Fwp%2Fv2%2Fcomments&post=7944"}],"version-history":[{"count":1,"href":"https:\/\/digitalnews.hu\/index.php?rest_route=\/wp\/v2\/posts\/7944\/revisions"}],"predecessor-version":[{"id":7946,"href":"https:\/\/digitalnews.hu\/index.php?rest_route=\/wp\/v2\/posts\/7944\/revisions\/7946"}],"wp:featuredmedia":[{"embeddable":true,"href":"https:\/\/digitalnews.hu\/index.php?rest_route=\/wp\/v2\/media\/7945"}],"wp:attachment":[{"href":"https:\/\/digitalnews.hu\/index.php?rest_route=%2Fwp%2Fv2%2Fmedia&parent=7944"}],"wp:term":[{"taxonomy":"category","embeddable":true,"href":"https:\/\/digitalnews.hu\/index.php?rest_route=%2Fwp%2Fv2%2Fcategories&post=7944"},{"taxonomy":"post_tag","embeddable":true,"href":"https:\/\/digitalnews.hu\/index.php?rest_route=%2Fwp%2Fv2%2Ftags&post=7944"}],"curies":[{"name":"wp","href":"https:\/\/api.w.org\/{rel}","templated":true}]}}