{"id":9767,"date":"2026-08-30T13:34:16","date_gmt":"2026-08-30T11:34:16","guid":{"rendered":"https:\/\/digitalnews.hu\/?p=9767"},"modified":"2026-08-30T13:34:16","modified_gmt":"2026-08-30T11:34:16","slug":"lassan-tobb-ubuntu-fut-windows-11-en-mint-nativan-telepitve","status":"publish","type":"post","link":"https:\/\/digitalnews.hu\/?p=9767","title":{"rendered":"Lassan t\u00f6bb Ubuntu fut Windows 11-en, mint nat\u00edvan telep\u00edtve"},"content":{"rendered":"\n<p class=\"wp-block-paragraph\">A Canonical m\u00e9rn\u00f6ki r\u00e9szleg\u00e9nek aleln\u00f6ke szerint rengeteg \u00fcgyf\u00e9l v\u00e1lasztja a WSL-t a k\u00f6zvetlen telep\u00edt\u00e9s helyett.<\/p>\n\n\n\n<p class=\"wp-block-paragraph\">A <a href=\"https:\/\/www.windowslatest.com\/2026\/08\/16\/ubuntu-is-growing-faster-on-windows-11-than-on-native-linux-pcs-says-canonical\/\" target=\"_blank\" rel=\"noopener\">Windows Latest<\/a> friss riportja arr\u00f3l sz\u00e1mot be, hogy Jon Seager, a Canonical m\u00e9rn\u00f6ki r\u00e9szleg\u00e9nek aleln\u00f6ke, a <a href=\"https:\/\/newsletter.pragmaticengineer.com\/p\/ubuntu-and-ai\" target=\"_blank\" rel=\"noopener\">The Pragmatic Engineer<\/a> sz\u00e1m\u00e1ra adott interj\u00faban arr\u00f3l besz\u00e9lt, hogy az elm\u00falt egy \u00e9vben az Ubuntu WSL-es felhaszn\u00e1l\u00f3inak n\u00f6veked\u00e9se &#8222;jelent\u0151sen magasabb&#8221; volt a nat\u00edv Ubuntu Linux n\u00f6veked\u00e9s\u00e9n\u00e9l. Ez ugyanakkor m\u00e9g semmi, ugyanis a szakember \u00fagy l\u00e1tja, hogy a k\u00f6vetkez\u0151 h\u00f3napokban m\u00e1r t\u00f6bb Ubuntu futhat WSL-en, mint nat\u00edvan telep\u00edtve.<\/p>\n\n\n\n<p class=\"wp-block-paragraph\">A Microsoft eredetileg az\u00e9rt k\u00e9sz\u00edtette a Windows Subsystem for Linuxot (WSL), hogy a Windows alatt dolgoz\u00f3 fejleszt\u0151k Linuxos eszk\u00f6z\u00f6ket is haszn\u00e1lhassanak. Ez teh\u00e1t alapvet\u0151en sz\u00fcks\u00e9gtelenn\u00e9 teszi az Ubuntu nat\u00edv telep\u00edt\u00e9s\u00e9t, ha megfelelnek azok a szolg\u00e1ltat\u00e1sok, amit az Ubuntu WSL verzi\u00f3ja k\u00edn\u00e1l. Ezt az ir\u00e1nyt a Canonical annyira komolyan veszi, hogy egyszerre koncentr\u00e1lnak a hagyom\u00e1nyos, illetve a Windows 11 WSL-en kereszt\u00fcl Ubuntu terjeszt\u00e9s\u00e9re.<\/p>\n\n\n\n<p class=\"wp-block-paragraph\">A jelens\u00e9g m\u00f6g\u00f6tt egy\u00e9bk\u00e9nt Jon Seager szerint a fejleszt\u0151k ig\u00e9nyei \u00e1llnak. Ez alatt azt kell \u00e9rteni, hogy a Canonical rendszeresen tal\u00e1lkozik olyan \u00fcgyfelekkel, akiknek a munkahely\u00fck Windowsos g\u00e9pet biztos\u00edt, mik\u00f6zben a g\u00e9pi tanul\u00e1ssal kapcsolatos feladataikhoz Linuxos k\u00f6rnyezetre van sz\u00fcks\u00e9g\u00fck, vagy jobban mondva ez lenne az optim\u00e1lis hozz\u00e1.<\/p>\n\n\n\n<p class=\"wp-block-paragraph\">A Canonical itt kihaszn\u00e1lja, hogy WSL-lel ehhez m\u00e1r nem kell k\u00fcl\u00f6n Linuxot telep\u00edteni a PC-re, \u00edgy mell\u0151zhet\u0151 a dual boot vagy a virtu\u00e1lis g\u00e9p. Teh\u00e1t a Windows marad a v\u00e1llalat \u00e1ltal t\u00e1mogatott asztali k\u00f6rnyezet, mik\u00f6zben a fejleszt\u0151 Ubuntu alatt haszn\u00e1lhatja a megszokott Linuxos eszk\u00f6z\u00f6ket. Mindezt azt teszi lehet\u0151v\u00e9, hogy a m\u00e1sodik gener\u00e1ci\u00f3 \u00f3ta a WSL m\u00e1r nem egyszer\u0171 kompatibilit\u00e1si r\u00e9teg, hanem val\u00f3di Linux kernelt haszn\u00e1l, \u00e9s a Microsoft is igyekszik fejleszteni a Windows \u00e9s Linux egym\u00e1s melletti \u00e1ltal\u00e1nos haszn\u00e1lhat\u00f3s\u00e1g\u00e1t.<\/p>\n\n\n\n<p class=\"wp-block-paragraph\">Ironikus m\u00f3don ebb\u0151l a legnagyobb hasznot a Microsoft h\u00fazza, ugyanis l\u00e1that\u00f3, hogy sokan nem szeretn\u00e9nek v\u00e1lasztani a k\u00e9t oper\u00e1ci\u00f3s rendszer k\u00f6z\u00f6tt, \u00edgy keresik azt az optim\u00e1lis k\u00f6rnyezetet, amivel mindent megkapnak. Ezen sokat seg\u00edtett az id\u00e9n megjelent WSL Containers k\u00e9pess\u00e9g, amivel m\u00e1r Linuxos kont\u00e9nerek is futtathat\u00f3k Windows alatt.<\/p>\n\n\n\n<p class=\"wp-block-paragraph\">Mindez a Canonical sz\u00e1m\u00e1ra is j\u00f3, mert v\u00e9geredm\u00e9nyben arra f\u00f3kusz\u00e1lnak, hogy min\u00e9l t\u00f6bb felhaszn\u00e1l\u00f3hoz jusson el az Ubuntu, \u00e9s strat\u00e9giailag nem k\u00fcl\u00f6n\u00f6sebben sz\u00e1m\u00edt, hogy ez nat\u00edvan vagy Windows 11-en bel\u00fcl t\u00f6rt\u00e9nik meg.<\/p>\n\n\n\n<p class=\"wp-block-paragraph\"><mark style=\"background-color:#9b51e0\" class=\"has-inline-color has-white-color\">Tov\u00e1bb a cikkre:<\/mark> <a href=\"https:\/\/prohardver.hu\/hir\/ubuntu_lassan_tobb_fut_windows_11_mint_nativ.html\" target=\"_blank\" rel=\"noopener\">prohardver.hu<\/a> (Abu85)<\/p>\n","protected":false},"excerpt":{"rendered":"<p>A Canonical m\u00e9rn\u00f6ki r\u00e9szleg\u00e9nek aleln\u00f6ke szerint rengeteg \u00fcgyf\u00e9l v\u00e1lasztja a WSL-t a k\u00f6zvetlen telep\u00edt\u00e9s helyett. A Windows Latest friss riportja&hellip;<\/p>\n","protected":false},"author":1,"featured_media":9768,"comment_status":"closed","ping_status":"closed","sticky":false,"template":"","format":"standard","meta":{"footnotes":""},"categories":[14],"tags":[],"class_list":["post-9767","post","type-post","status-publish","format-standard","has-post-thumbnail","hentry","category-tavkozles"],"_links":{"self":[{"href":"https:\/\/digitalnews.hu\/index.php?rest_route=\/wp\/v2\/posts\/9767","targetHints":{"allow":["GET"]}}],"collection":[{"href":"https:\/\/digitalnews.hu\/index.php?rest_route=\/wp\/v2\/posts"}],"about":[{"href":"https:\/\/digitalnews.hu\/index.php?rest_route=\/wp\/v2\/types\/post"}],"author":[{"embeddable":true,"href":"https:\/\/digitalnews.hu\/index.php?rest_route=\/wp\/v2\/users\/1"}],"replies":[{"embeddable":true,"href":"https:\/\/digitalnews.hu\/index.php?rest_route=%2Fwp%2Fv2%2Fcomments&post=9767"}],"version-history":[{"count":1,"href":"https:\/\/digitalnews.hu\/index.php?rest_route=\/wp\/v2\/posts\/9767\/revisions"}],"predecessor-version":[{"id":9769,"href":"https:\/\/digitalnews.hu\/index.php?rest_route=\/wp\/v2\/posts\/9767\/revisions\/9769"}],"wp:featuredmedia":[{"embeddable":true,"href":"https:\/\/digitalnews.hu\/index.php?rest_route=\/wp\/v2\/media\/9768"}],"wp:attachment":[{"href":"https:\/\/digitalnews.hu\/index.php?rest_route=%2Fwp%2Fv2%2Fmedia&parent=9767"}],"wp:term":[{"taxonomy":"category","embeddable":true,"href":"https:\/\/digitalnews.hu\/index.php?rest_route=%2Fwp%2Fv2%2Fcategories&post=9767"},{"taxonomy":"post_tag","embeddable":true,"href":"https:\/\/digitalnews.hu\/index.php?rest_route=%2Fwp%2Fv2%2Ftags&post=9767"}],"curies":[{"name":"wp","href":"https:\/\/api.w.org\/{rel}","templated":true}]}}