{"id":9787,"date":"2026-09-02T08:14:48","date_gmt":"2026-09-02T06:14:48","guid":{"rendered":"https:\/\/digitalnews.hu\/?p=9787"},"modified":"2026-09-02T08:14:48","modified_gmt":"2026-09-02T06:14:48","slug":"nagyon-hasznos-ujitast-kapott-a-messenger","status":"publish","type":"post","link":"https:\/\/digitalnews.hu\/?p=9787","title":{"rendered":"Nagyon hasznos \u00faj\u00edt\u00e1st kapott a Messenger"},"content":{"rendered":"\n<p class=\"wp-block-paragraph\">K\u00f6nnyebb lett a fot\u00f3k k\u00fcld\u00e9se a Messengerben, mutatjuk, hogyan m\u0171k\u00f6dik.<\/p>\n\n\n\n<p class=\"wp-block-paragraph\">Hasznos apr\u00f3s\u00e1ggal b\u0151v\u00fclt a Messenger alkalmaz\u00e1s: a frissen let\u00f6lt\u00f6tt fot\u00f3i imm\u00e1ron javaslatk\u00e9nt is megjelennek a besz\u00e9lget\u00e9sekben, \u00edgy nem kell felt\u00e9tlen\u00fcl kikeresnie a gal\u00e9ria opci\u00f3n bel\u00fcl a k\u00fcldeni k\u00edv\u00e1nt fot\u00f3t.<\/p>\n\n\n\n<p class=\"wp-block-paragraph\">Tapasztalataink szerint a forr\u00e1s nem sz\u00e1m\u00edt: lehet egy Facebookr\u00f3l, egy weboldalr\u00f3l, vagy \u00e9pp egy m\u00e1sik besz\u00e9lget\u00e9sb\u0151l lementett fot\u00f3 is, az mindenk\u00e9pp megjelenik az \u00e9ppen megnyitott besz\u00e9lget\u00e9sben.<\/p>\n\n\n\n<p class=\"wp-block-paragraph\">A k\u00e9p el\u0151n\u00e9zet\u00e9re koppintva a k\u00fcld\u00e9s el\u0151tti szerkeszt\u0151men\u00fc ny\u00edlik meg, itt m\u00e9g a szokott m\u00f3don lehet finom\u00edtani a fot\u00f3t, vagy azonnal be is k\u00fcldheti azt a cseveg\u00e9sbe.<\/p>\n\n\n\n<p class=\"wp-block-paragraph\">Az \u00fajdons\u00e1got egyel\u0151re csak a Messenger androidos v\u00e1ltozat\u00e1ban tudtuk kipr\u00f3b\u00e1lni, az iPhone-on \u00fagy t\u0171nik, egyel\u0151re nem tette el\u00e9rhet\u0151v\u00e9 a Meta.<\/p>\n\n\n\n<p class=\"wp-block-paragraph\"><mark style=\"background-color:#9b51e0\" class=\"has-inline-color has-white-color\">Tov\u00e1bb a cikkre:<\/mark> <a href=\"https:\/\/hvg.hu\/tudomany\/20260831_meta-messenger-uj-funkcio-foto-bekuldese\" target=\"_blank\" rel=\"noopener\">hvg.hu<\/a><\/p>\n","protected":false},"excerpt":{"rendered":"<p>K\u00f6nnyebb lett a fot\u00f3k k\u00fcld\u00e9se a Messengerben, mutatjuk, hogyan m\u0171k\u00f6dik. Hasznos apr\u00f3s\u00e1ggal b\u0151v\u00fclt a Messenger alkalmaz\u00e1s: a frissen let\u00f6lt\u00f6tt fot\u00f3i&hellip;<\/p>\n","protected":false},"author":1,"featured_media":9788,"comment_status":"closed","ping_status":"closed","sticky":false,"template":"","format":"standard","meta":{"footnotes":""},"categories":[55],"tags":[],"class_list":["post-9787","post","type-post","status-publish","format-standard","has-post-thumbnail","hentry","category-social-media"],"_links":{"self":[{"href":"https:\/\/digitalnews.hu\/index.php?rest_route=\/wp\/v2\/posts\/9787","targetHints":{"allow":["GET"]}}],"collection":[{"href":"https:\/\/digitalnews.hu\/index.php?rest_route=\/wp\/v2\/posts"}],"about":[{"href":"https:\/\/digitalnews.hu\/index.php?rest_route=\/wp\/v2\/types\/post"}],"author":[{"embeddable":true,"href":"https:\/\/digitalnews.hu\/index.php?rest_route=\/wp\/v2\/users\/1"}],"replies":[{"embeddable":true,"href":"https:\/\/digitalnews.hu\/index.php?rest_route=%2Fwp%2Fv2%2Fcomments&post=9787"}],"version-history":[{"count":1,"href":"https:\/\/digitalnews.hu\/index.php?rest_route=\/wp\/v2\/posts\/9787\/revisions"}],"predecessor-version":[{"id":9789,"href":"https:\/\/digitalnews.hu\/index.php?rest_route=\/wp\/v2\/posts\/9787\/revisions\/9789"}],"wp:featuredmedia":[{"embeddable":true,"href":"https:\/\/digitalnews.hu\/index.php?rest_route=\/wp\/v2\/media\/9788"}],"wp:attachment":[{"href":"https:\/\/digitalnews.hu\/index.php?rest_route=%2Fwp%2Fv2%2Fmedia&parent=9787"}],"wp:term":[{"taxonomy":"category","embeddable":true,"href":"https:\/\/digitalnews.hu\/index.php?rest_route=%2Fwp%2Fv2%2Fcategories&post=9787"},{"taxonomy":"post_tag","embeddable":true,"href":"https:\/\/digitalnews.hu\/index.php?rest_route=%2Fwp%2Fv2%2Ftags&post=9787"}],"curies":[{"name":"wp","href":"https:\/\/api.w.org\/{rel}","templated":true}]}}