{"id":9790,"date":"2026-09-02T23:45:21","date_gmt":"2026-09-02T21:45:21","guid":{"rendered":"https:\/\/digitalnews.hu\/?p=9790"},"modified":"2026-09-02T23:46:55","modified_gmt":"2026-09-02T21:46:55","slug":"europaban-elsokent-allapodott-meg-a-4ig-es-a-spacex","status":"publish","type":"post","link":"https:\/\/digitalnews.hu\/?p=9790","title":{"rendered":"Eur\u00f3p\u00e1ban els\u0151k\u00e9nt \u00e1llapodott meg a 4iG \u00e9s a SpaceX"},"content":{"rendered":"\n<p class=\"wp-block-paragraph\">Eur\u00f3p\u00e1ban els\u0151k\u00e9nt k\u00f6t\u00f6tt meg\u00e1llapod\u00e1st a 4iG Csoport \u00e9s a SpaceX a Starlink Mobile \u00e9s a nemzetbiztons\u00e1gi c\u00e9lokat szolg\u00e1l\u00f3 Sovereign Solutions bevezet\u00e9s\u00e9r\u0151l. A m\u0171holdas technol\u00f3gia Magyarorsz\u00e1gon \u00e9s a Nyugat-Balk\u00e1non eg\u00e9sz\u00edtheti ki a f\u00f6ldi mobilh\u00e1l\u00f3zatokat, a v\u00e9dett kommunik\u00e1ci\u00f3s szolg\u00e1ltat\u00e1s pedig a tervek szerint 2027-ben indulhat el.<\/p>\n\n\n\n<p class=\"wp-block-paragraph\">A 4iG Csoport \u00e9s a SpaceX meg\u00e1llapod\u00e1sokat k\u00f6t\u00f6tt az eur\u00f3pai kommunik\u00e1ci\u00f3s h\u00e1l\u00f3zatok megb\u00edzhat\u00f3s\u00e1g\u00e1nak \u00e9s ellen\u00e1ll\u00f3 k\u00e9pess\u00e9g\u00e9nek er\u0151s\u00edt\u00e9s\u00e9r\u0151l. A dokumentumokat a texasi Bastropban J\u00e1szai Gell\u00e9rt, a 4iG eln\u00f6k-vez\u00e9rigazgat\u00f3ja \u00e9s Gwynne Shotwell, a SpaceX eln\u00f6ke \u00e9s operat\u00edv igazgat\u00f3ja \u00edrta al\u00e1.<\/p>\n\n\n\n<p class=\"wp-block-paragraph\">Az egy\u00fcttm\u0171k\u00f6d\u00e9s Eur\u00f3p\u00e1ban els\u0151k\u00e9nt kapcsolja \u00f6ssze a kereskedelmi c\u00e9l\u00fa m\u0171hold-mobil szolg\u00e1ltat\u00e1st a szuver\u00e9n \u00e9s v\u00e9dett m\u0171holdas kommunik\u00e1ci\u00f3s megold\u00e1sokkal.<\/p>\n\n\n\n<p class=\"wp-block-paragraph\">A Starlink Mobile a 4iG Csoport magyarorsz\u00e1gi \u00e9s nyugat-balk\u00e1ni t\u00e1vk\u00f6zl\u00e9si v\u00e1llalatainak f\u00f6ldi mobilh\u00e1l\u00f3zatait eg\u00e9sz\u00edti ki azokon a ter\u00fcleteken, ahol a hagyom\u00e1nyos lefedetts\u00e9g korl\u00e1tozott vagy egy\u00e1ltal\u00e1n nem \u00e9rhet\u0151 el. A Starlink alacsony F\u00f6ld k\u00f6r\u00fcli p\u00e1ly\u00e1n m\u0171k\u00f6d\u0151 m\u0171holdjaihoz az LTE-kompatibilis mobiltelefonok k\u00fcl\u00f6n m\u0171holdas v\u00e9gberendez\u00e9s n\u00e9lk\u00fcl kapcsol\u00f3dhatnak.<\/p>\n\n\n\n<p class=\"wp-block-paragraph\">A kereskedelmi szolg\u00e1ltat\u00e1st els\u0151 l\u00e9p\u00e9sben Magyarorsz\u00e1gon \u00e9s Alb\u00e1ni\u00e1ban vezetik be.<\/p>\n\n\n\n<p class=\"wp-block-paragraph\">A technol\u00f3gia k\u00fcl\u00f6n\u00f6sen a hegyvid\u00e9ki t\u00e9rs\u00e9gekben \u00e9s a part menti vizeken jav\u00edthatja a mobilkommunik\u00e1ci\u00f3 el\u00e9rhet\u0151s\u00e9g\u00e9t. A bevezet\u00e9s pontos \u00fctemez\u00e9se az egyes piacok szab\u00e1lyoz\u00e1si, m\u0171szaki \u00e9s kereskedelmi felt\u00e9teleit\u0151l f\u00fcgg.<\/p>\n\n\n\n<p class=\"wp-block-paragraph\">A Starlink Mobile rendk\u00edv\u00fcli helyzetekben \u00e9s a f\u00f6ldi mobilh\u00e1l\u00f3zatok \u00e1tmeneti kies\u00e9sekor is seg\u00edthet fenntartani az \u00fcgyfelek kapcsolat\u00e1t, valamint t\u00e1mogathatja a k\u00f6zszolg\u00e1ltat\u00e1sok \u00e9s a kritikus infrastrukt\u00far\u00e1k m\u0171k\u00f6d\u00e9s\u00e9hez sz\u00fcks\u00e9ges kommunik\u00e1ci\u00f3t.<\/p>\n\n\n\n<p class=\"wp-block-paragraph\">Az egy\u00fcttm\u0171k\u00f6d\u00e9s k\u00e9s\u0151bb a Starlink Mobile V2 technol\u00f3gi\u00e1ra is kiterjed. A k\u00f6vetkez\u0151 gener\u00e1ci\u00f3s, 5G-alap\u00fa nem f\u00f6ldi h\u00e1l\u00f3zati k\u00e9pess\u00e9geket biztos\u00edt\u00f3 rendszer a SpaceX glob\u00e1lis, 2 GHz-es els\u0151bbs\u00e9gi frekvenciahaszn\u00e1lati jogosults\u00e1gaira \u00e9p\u00fcl. A szolg\u00e1ltat\u00e1s Magyarorsz\u00e1gon, Alb\u00e1ni\u00e1ban, Montenegr\u00f3ban \u00e9s \u00c9szak-Maced\u00f3ni\u00e1ban indulhat el. A V2 k\u00f6zvetlen\u00fcl a mobiltelefonokon teheti el\u00e9rhet\u0151v\u00e9 a nagy sebess\u00e9g\u0171, sz\u00e9less\u00e1v\u00fa adatkapcsolatot.<\/p>\n\n\n\n<p class=\"wp-block-paragraph\">A m\u00e1sik meg\u00e1llapod\u00e1s a Sovereign Solutions nev\u0171, nemzetbiztons\u00e1gi c\u00e9lokra kialak\u00edtott szolg\u00e1ltat\u00e1sra vonatkozik. Ennek keret\u00e9ben a 4iG \u0170r \u00e9s V\u00e9delmi Technol\u00f3gi\u00e1k Zrt. \u00e9s a SpaceX olyan integr\u00e1lt megold\u00e1st fejleszt, amely a kib\u0151v\u00edtett m\u0171holdas kommunik\u00e1ci\u00f3s k\u00e9pess\u00e9geket v\u00e9gpontt\u00f3l v\u00e9gpontig v\u00e9dett adatkommunik\u00e1ci\u00f3val egyes\u00edti. A tervek szerint 2027-ben elindul\u00f3 szolg\u00e1ltat\u00e1s sz\u00e9less\u00e1v\u00fa \u00f6sszek\u00f6ttet\u00e9st, valamint v\u00e9dett \u00e9s szuver\u00e9n h\u00e1l\u00f3zati infrastrukt\u00far\u00e1t biztos\u00edt.<\/p>\n\n\n\n<p class=\"wp-block-paragraph\">J\u00e1szai Gell\u00e9rt szerint az egy\u00fcttm\u0171k\u00f6d\u00e9s c\u00e9lja, hogy a h\u00e1l\u00f3zati kapcsol\u00f3d\u00e1s mindenki sz\u00e1m\u00e1ra \u00e9s mindenhol el\u00e9rhet\u0151 legyen. Gwynne Shotwell kiemelte, hogy a 4iG a Starlink Mobile \u00e9s a k\u00f6vetkez\u0151 gener\u00e1ci\u00f3s V2 technol\u00f3gia bevezet\u00e9s\u00e9vel k\u00f6zvetlen m\u0171hold-mobil \u00f6sszek\u00f6ttet\u00e9st biztos\u00edthat a Magyarorsz\u00e1gon \u00e9s a Nyugat-Balk\u00e1non \u00e9l\u0151knek, mik\u00f6zben Magyarorsz\u00e1g a Sovereign Solutions eur\u00f3pai bevezet\u00e9s\u00e9nek \u00e9lvonal\u00e1ba ker\u00fclhet.<\/p>\n\n\n\n<p class=\"wp-block-paragraph\"><mark style=\"background-color:#9b51e0\" class=\"has-inline-color has-white-color\">Tov\u00e1bb a cikkre:<\/mark> <a href=\"https:\/\/www.portfolio.hu\/befektetes\/20260902\/europaban-elsokent-allapodott-meg-a-4ig-es-a-spacex-859810\" target=\"_blank\" rel=\"noopener\">portfolio.hu<\/a><\/p>\n\n\n\n<h1 class=\"wp-block-heading\">J\u00f6n a Starlink Mobile a 4iG le\u00e1nyv\u00e1llalatokhoz<\/h1>\n\n\n\n<p class=\"wp-block-paragraph\">\u00daj egy\u00fcttm\u0171k\u00f6d\u00e9si meg\u00e1llapod\u00e1st \u00edrt al\u00e1 Elon Musk \u0171ripari c\u00e9ge, a SpaceX \u00e9s a magyar 4iG Csoport a Starlink m\u0171holdflott\u00e1j\u00e1n kereszt\u00fcl ny\u00fajtott, mobilh\u00e1l\u00f3zati kieg\u00e9sz\u00edt\u0151, illetve v\u00e9dett m\u0171holdas kommunik\u00e1ci\u00f3s szolg\u00e1ltat\u00e1sok ny\u00fajt\u00e1s\u00e1r\u00f3l.<br>A f\u00f6ldi mobilh\u00e1l\u00f3zatokat kieg\u00e9sz\u00edt\u0151 m\u0171holdas kommunik\u00e1ci\u00f3s szolg\u00e1ltat\u00e1sokr\u00f3l sz\u00f3l\u00f3 meg\u00e1llapod\u00e1st \u00edrt al\u00e1 a h\u00e9t elej\u00e9n Texasban a 4iG Csoport \u00e9s a SpaceX. Az egy\u00fcttm\u0171k\u00f6d\u00e9s r\u00e9szek\u00e9nt a magyar c\u00e9g telekommunik\u00e1ci\u00f3s le\u00e1nyv\u00e1llalatain\u00e1l bevezetik a Starlink Mobile szolg\u00e1ltat\u00e1s mellett a Sovereign Solutions alapokra helyezett, els\u0151sorban nemzetbiztons\u00e1gi c\u00e9lokra kialak\u00edtott m\u0171holdas kommunik\u00e1ci\u00f3s szolg\u00e1ltat\u00e1st.<\/p>\n\n\n\n<p class=\"wp-block-paragraph\">A k\u00e9t megold\u00e1s k\u00f6z\u00fcl a Starlink Mobile konstrukci\u00f3 eredend\u0151 c\u00e9lja az, hogy a f\u00f6ldi mobilh\u00e1l\u00f3zatokat kieg\u00e9sz\u00edtve olyan t\u00e9rs\u00e9gekben is lehet\u0151v\u00e9 tegye a mobilkommunik\u00e1ci\u00f3t, ahol a hagyom\u00e1nyos, f\u00f6ldi h\u00e1l\u00f3zati lefedetts\u00e9g korl\u00e1tozott vagy nem \u00e1ll rendelkez\u00e9sre. A c\u00e9gcsoport szerdai k\u00f6zlem\u00e9nye szerint a szolg\u00e1ltat\u00e1s el\u0151sz\u00f6r Magyarorsz\u00e1gon, a One Magyarorsz\u00e1g, illetve Alb\u00e1ni\u00e1ban a helyi 4iG-\u00e9rdekelts\u00e9g h\u00e1l\u00f3zat\u00e1ban lesz el\u00e9rhet\u0151, amint adott\u00e1 v\u00e1lnak ehhez a szab\u00e1lyoz\u00e1si, m\u0171szaki \u00e9s kereskedelmi felt\u00e9telek.<\/p>\n\n\n\n<p class=\"wp-block-paragraph\"><strong>Nem kell hozz\u00e1 rak\u00e9tatudom\u00e1ny<\/strong><\/p>\n\n\n\n<p class=\"wp-block-paragraph\">Az \u00fagynevezett direct to cell (D2C) technol\u00f3gia a kor\u00e1bbi mobil m\u0171holdas kommunik\u00e1ci\u00f3s megold\u00e1sokt\u00f3l teljesen elt\u00e9r\u0151 topol\u00f3gi\u00e1val m\u0171k\u00f6dik. Az alacsony F\u00f6ld k\u00f6r\u00fcli p\u00e1ly\u00e1n elhelyezked\u0151 m\u0171holdflotta \u00e9s a mobilk\u00e9sz\u00fcl\u00e9k itt a f\u00f6ldi h\u00e1l\u00f3zatokn\u00e1l is haszn\u00e1lt spektrumon kommunik\u00e1l egym\u00e1ssal, vagyis nem sz\u00fcks\u00e9ges egyedi \u00e9s dr\u00e1ga vev\u0151egys\u00e9g a m\u0171holdas szolg\u00e1ltat\u00e1s ig\u00e9nybe v\u00e9tel\u00e9hez.<\/p>\n\n\n\n<figure class=\"wp-block-image size-full\"><img loading=\"lazy\" decoding=\"async\" width=\"800\" height=\"447\" src=\"https:\/\/digitalnews.hu\/wp-content\/uploads\/2026\/09\/starlink_dts.jpg\" alt=\"\" class=\"wp-image-9791\" srcset=\"https:\/\/digitalnews.hu\/wp-content\/uploads\/2026\/09\/starlink_dts.jpg 800w, https:\/\/digitalnews.hu\/wp-content\/uploads\/2026\/09\/starlink_dts-768x429.jpg 768w\" sizes=\"auto, (max-width: 800px) 100vw, 800px\" \/><figcaption class=\"wp-element-caption\">Starlink m\u0171hold a DTC-c\u00e9l\u00fa antennamodulokkal<\/figcaption><\/figure>\n\n\n\n<p class=\"wp-block-paragraph\">B\u00e1r a technol\u00f3gia els\u0151 gener\u00e1ci\u00f3ja a korl\u00e1tozott spektrumer\u0151forr\u00e1sokb\u00f3l fakad\u00f3an els\u0151sorban seg\u00e9lyh\u00edv\u00e1sra, SMS-k\u00fcld\u00e9sre \u00e9s fogad\u00e1sra valamint alapvet\u0151, kis s\u00e1vsz\u00e9less\u00e9gig\u00e9ny\u0171 adatkapcsolatra haszn\u00e1lhat\u00f3, fontos, hogy ez a h\u00e1l\u00f3zat a seg\u00e9lyh\u00edv\u00e1sokra dedik\u00e1lt m\u0171holdas megold\u00e1sokt\u00f3l (mint p\u00e9ld\u00e1ul az Apple iPhone-jain \u00e9s okos\u00f3r\u00e1in kereszt\u00fcl haszn\u00e1lhat\u00f3 v\u00e9szhelyzeti m\u0171holdas kapcsolat) teljesen f\u00fcggetlen\u00fcl m\u0171k\u00f6dik, a Starlink m\u0171holdjai e tekintetben \u00e9ppen olyan b\u00e1zis\u00e1llom\u00e1snak sz\u00e1m\u00edtanak a k\u00e9sz\u00fcl\u00e9k sz\u00e1m\u00e1ra, mint a f\u00f6ldi cell\u00e1k.<\/p>\n\n\n\n<p class=\"wp-block-paragraph\">A SpaceX-szel a vil\u00e1gon els\u0151k\u00e9nt a Deutsche Telekom amerikai le\u00e1nyv\u00e1llalata, a T-Mobile US k\u00f6t\u00f6tt meg\u00e1llapod\u00e1st a Starlink Mobile integr\u00e1ci\u00f3r\u00f3l, melynek k\u00f6sz\u00f6nhet\u0151en a mobilc\u00e9g szolg\u00e1ltat\u00e1s-lefedetts\u00e9ge 2025-ben t\u00f6bb mint 1,3 milli\u00f3 n\u00e9gyzetkilom\u00e9ternyi ter\u00fclettel n\u0151tt az Egyes\u00fclt \u00c1llamokban.<\/p>\n\n\n\n<p class=\"wp-block-paragraph\">A sikeres b\u00e9taprogramot majd a tavaly ny\u00e1ri kereskedelmi bevezet\u00e9st a Deutsche Telekom nagyszab\u00e1s\u00fa, 10 eur\u00f3pai orsz\u00e1gra kiterjed\u0151 egy\u00fcttm\u0171k\u00f6d\u00e9si meg\u00e1llapod\u00e1s\u00e1nak bejelent\u00e9se k\u00f6vette Barcelon\u00e1ban a 2026-os Mobile World Congressen.<\/p>\n\n\n\n<p class=\"wp-block-paragraph\">A n\u00e9met t\u00e1vk\u00f6zl\u00e9si multi ugyanakkor csak 2028-ban vezeti be a kereskedelmi szolg\u00e1ltat\u00e1st, egyr\u00e9szt mivel az eur\u00f3pai (spektrum)szab\u00e1lyoz\u00e1si k\u00f6rnyezet ekkor m\u00e1r a v\u00e1rakoz\u00e1sok szerint harmoniz\u00e1ltan kezeli majd az orsz\u00e1ghat\u00e1rokon \u00e1t\u00edvel\u0151 D2C -szolg\u00e1ltat\u00e1sokat, m\u00e1sr\u00e9szt a DT-csoport m\u00e1r eleve a fejlettebb, nagyobb kapacit\u00e1s\u00fa, m\u00e9g csak teszt\u00fczemben m\u0171k\u00f6d\u0151 V2 h\u00e1l\u00f3zaton k\u00edv\u00e1nja elind\u00edtani a szolg\u00e1ltat\u00e1st.<\/p>\n\n\n\n<p class=\"wp-block-paragraph\">A 4iG \u00e9s a SpaceX k\u00f6zt k\u00f6t\u00f6tt egy\u00fcttm\u0171k\u00f6d\u00e9s a k\u00f6zlem\u00e9ny szerint szint\u00e9n kiterjed a Starlink Mobile V2 j\u00f6v\u0151beni bevezet\u00e9s\u00e9re.<\/p>\n\n\n\n<p class=\"wp-block-paragraph\"><strong>Eur\u00f3p\u00e1nak kev\u00e9sb\u00e9 vonz\u00f3<\/strong><\/p>\n\n\n\n<p class=\"wp-block-paragraph\">A Starlink Mobile kereskedelmi bevezet\u00e9s\u00e9t tekintve ez eur\u00f3pai orsz\u00e1gok k\u00f6z\u00fcl Sv\u00e1jc \u00e9s Nagy-Britannia j\u00e1r az \u00e9len, emellett Olaszorsz\u00e1gban \u00e9s Spanyolorsz\u00e1gban \u00e1ll teszt vagy bevezet\u00e9s alatt a technol\u00f3gia.<\/p>\n\n\n\n<p class=\"wp-block-paragraph\">Az uni\u00f3s tag\u00e1llamok oper\u00e1torai j\u00f3r\u00e9szt a fent eml\u00edtett, a D2C-kapcsolat szab\u00e1lyoz\u00e1si kih\u00edv\u00e1sait kezel\u0151 EU-s harmoniz\u00e1ci\u00f3 lez\u00e1r\u00e1s\u00e1ra v\u00e1rnak, de a Starlink Mobile v\u00e9lhet\u0151en ez ut\u00e1n is csak korl\u00e1tozottan ny\u00fajt majd hozz\u00e1adott \u00e9rt\u00e9ket a kontinensen a f\u00f6ldi h\u00e1l\u00f3zatokhoz k\u00e9pest, tekintve, hogy az EU-ban a mobilh\u00e1l\u00f3zatok \u00fczemeltet\u0151i j\u00f3val kevesebb vakfoltot hagytak a t\u00e9rk\u00e9pen, mint az Egyes\u00fclt \u00c1llamokban.<\/p>\n\n\n\n<p class=\"wp-block-paragraph\">Ett\u0151l f\u00fcggetlen\u00fcl az EU-ban is el\u0151fordulhatnak olyan ter\u00fcletek, ahol a D2C kapcsolat sz\u00f3 szerint \u00e9letet menthet, illetve k\u00f6lts\u00e9gtakar\u00e9kosan b\u0151v\u00edthet\u0151 vele a h\u00e1l\u00f3zat lefedetts\u00e9ge. Ilyen p\u00e9ld\u00e1ul a g\u00f6r\u00f6g szigetvil\u00e1g, ahol a lakott szigetek sz\u00e1ma illetve ar\u00e1nya messze a legmagasabb Eur\u00f3p\u00e1ban &#8211; ezeknek a f\u00f6ldrajzi ter\u00fcleteknek az ell\u00e1t\u00e1s\u00e1ra pedig ide\u00e1lis megold\u00e1s lehet a m\u0171holdas technol\u00f3gia.<\/p>\n\n\n\n<p class=\"wp-block-paragraph\"><mark style=\"background-color:#9b51e0\" class=\"has-inline-color has-white-color\">Tov\u00e1bb a cikkre:<\/mark> <a href=\"https:\/\/www.hwsw.hu\/hirek\/70975\/4ig-csoport-one-spacex-starlink-mobile-direct-to-cell-partnerseg.html\" target=\"_blank\" rel=\"noopener\">hwsw.hu<\/a> (Koi Tam\u00e1s)<\/p>\n","protected":false},"excerpt":{"rendered":"<p>Eur\u00f3p\u00e1ban els\u0151k\u00e9nt k\u00f6t\u00f6tt meg\u00e1llapod\u00e1st a 4iG Csoport \u00e9s a SpaceX a Starlink Mobile \u00e9s a nemzetbiztons\u00e1gi c\u00e9lokat szolg\u00e1l\u00f3 Sovereign Solutions&hellip;<\/p>\n","protected":false},"author":1,"featured_media":9794,"comment_status":"closed","ping_status":"closed","sticky":false,"template":"","format":"standard","meta":{"footnotes":""},"categories":[14],"tags":[],"class_list":["post-9790","post","type-post","status-publish","format-standard","has-post-thumbnail","hentry","category-tavkozles"],"_links":{"self":[{"href":"https:\/\/digitalnews.hu\/index.php?rest_route=\/wp\/v2\/posts\/9790","targetHints":{"allow":["GET"]}}],"collection":[{"href":"https:\/\/digitalnews.hu\/index.php?rest_route=\/wp\/v2\/posts"}],"about":[{"href":"https:\/\/digitalnews.hu\/index.php?rest_route=\/wp\/v2\/types\/post"}],"author":[{"embeddable":true,"href":"https:\/\/digitalnews.hu\/index.php?rest_route=\/wp\/v2\/users\/1"}],"replies":[{"embeddable":true,"href":"https:\/\/digitalnews.hu\/index.php?rest_route=%2Fwp%2Fv2%2Fcomments&post=9790"}],"version-history":[{"count":1,"href":"https:\/\/digitalnews.hu\/index.php?rest_route=\/wp\/v2\/posts\/9790\/revisions"}],"predecessor-version":[{"id":9793,"href":"https:\/\/digitalnews.hu\/index.php?rest_route=\/wp\/v2\/posts\/9790\/revisions\/9793"}],"wp:featuredmedia":[{"embeddable":true,"href":"https:\/\/digitalnews.hu\/index.php?rest_route=\/wp\/v2\/media\/9794"}],"wp:attachment":[{"href":"https:\/\/digitalnews.hu\/index.php?rest_route=%2Fwp%2Fv2%2Fmedia&parent=9790"}],"wp:term":[{"taxonomy":"category","embeddable":true,"href":"https:\/\/digitalnews.hu\/index.php?rest_route=%2Fwp%2Fv2%2Fcategories&post=9790"},{"taxonomy":"post_tag","embeddable":true,"href":"https:\/\/digitalnews.hu\/index.php?rest_route=%2Fwp%2Fv2%2Ftags&post=9790"}],"curies":[{"name":"wp","href":"https:\/\/api.w.org\/{rel}","templated":true}]}}