{"id":9798,"date":"2026-09-03T00:07:12","date_gmt":"2026-09-02T22:07:12","guid":{"rendered":"https:\/\/digitalnews.hu\/?p=9798"},"modified":"2026-09-03T00:07:12","modified_gmt":"2026-09-02T22:07:12","slug":"valtozott-a-mesterseges-intelligencia-rendszerek-felugyelete-magyarorszagon","status":"publish","type":"post","link":"https:\/\/digitalnews.hu\/?p=9798","title":{"rendered":"V\u00e1ltozott a mesters\u00e9ges intelligencia rendszerek fel\u00fcgyelete Magyarorsz\u00e1gon"},"content":{"rendered":"\n<p class=\"wp-block-paragraph\">Az MI piacfel\u00fcgyeleti hat\u00f3s\u00e1gi feladatok &#8211; hivatalosan is &#8211; \u00e1tker\u00fcltek a tudom\u00e1nyos \u00e9s technol\u00f3giai miniszterhez, miut\u00e1n a <a href=\"https:\/\/magyarkozlony.hu\/hivatalos-lapok\/EoGBfInXCyOWfcBiM2vn6a8dd69de3ebb\/dokumentumok\/63e781ed79f909649946634ed8f194c55799d783\/letoltes\" target=\"_blank\" rel=\"noopener\">Magyar K\u00f6zl\u00f6ny augusztus 31-i sz\u00e1m\u00e1ban<\/a> megjelent a Korm\u00e1ny 139\/2026. (VIII. 31.) Korm. rendelete a Korm\u00e1ny tagjainak feladat- \u00e9s hat\u00e1sk\u00f6r\u00e9r\u0151l sz\u00f3l\u00f3 90\/2026. (V. 13.) Korm. rendelet m\u00f3dos\u00edt\u00e1s\u00e1r\u00f3l \u00e9s a m\u00f3dos\u00edt\u00e1s alapj\u00e1n a mesters\u00e9ges intelligenci\u00e1val kapcsolatos v\u00e1llalkoz\u00e1sfejleszt\u00e9si feladatok tekintet\u00e9ben a tudom\u00e1nyos \u00e9s technol\u00f3giai miniszter lett a v\u00e1llalkoz\u00e1sfejleszt\u00e9s\u00e9rt felel\u0151s miniszter (L\u00e1sd 90\/2026. (V. 13.) Korm. rendelet \u00faj 168\/A. \u00a7-\u00e1t.)<\/p>\n\n\n\n<p class=\"wp-block-paragraph\">Ahogy arr\u00f3l <a href=\"https:\/\/gdpr.blog.hu\/2026\/09\/02\/a_mesterseges_intelligencia_rendszerek_hatosagi_felugyelete_magyarorszagon_maris_valtozhat\" target=\"_blank\" rel=\"noopener\">kor\u00e1bban \u00edrtam<\/a>, az Eur\u00f3pai Uni\u00f3 mesters\u00e9ges intelligenci\u00e1r\u00f3l sz\u00f3l\u00f3 rendelet\u00e9nek magyarorsz\u00e1gi v\u00e9grehajt\u00e1s\u00e1r\u00f3l sz\u00f3l\u00f3 <a href=\"https:\/\/gdpr.blog.hu\/2025\/11\/05\/az_eu_mesterseges_intelligencia_rendeletenek_vegrehajtasa_magyarorszagon\" target=\"_blank\" rel=\"noopener\">2025. \u00e9vi LXXV. t\u00f6rv\u00e9ny<\/a> (&#8222;MI t\u00f6rv\u00e9ny&#8221;) alapj\u00e1n kiadott &#8211; az Eur\u00f3pai Uni\u00f3 mesters\u00e9ges intelligenci\u00e1r\u00f3l sz\u00f3l\u00f3 rendelet\u00e9nek magyarorsz\u00e1gi v\u00e9grehajt\u00e1s\u00e1r\u00f3l sz\u00f3l\u00f3 <a href=\"https:\/\/net.jogtar.hu\/jogszabaly?docid=a2500075.tv\" target=\"_blank\" rel=\"noopener\">2025. \u00e9vi LXXV. t\u00f6rv\u00e9ny<\/a> v\u00e9grehajt\u00e1s\u00e1r\u00f3l sz\u00f3l\u00f3 <a href=\"https:\/\/net.jogtar.hu\/jogszabaly?docid=a2500344.kor\" target=\"_blank\" rel=\"noopener\">344\/2025. (X. 31.) Korm. rendelettel<\/a> (&#8222;MI Korm. rendelet&#8221;) t\u00f6rt\u00e9nt meg a bejelent\u0151 \u00e9s a piacfel\u00fcgyeleti hat\u00f3s\u00e1gok, valamint az egyed\u00fcli kapcsolattart\u00f3 pont kijel\u00f6l\u00e9se. Az MI Korm. rendeletben a v\u00e1llalkoz\u00e1sfejleszt\u00e9s\u00e9rt felel\u0151s minisztert jel\u00f6lt\u00e9k ki az MI Rendelet 70. cikk (1) bekezd\u00e9se szerinti piacfel\u00fcgyeleti hat\u00f3s\u00e1g (MI piacfel\u00fcgyeleti hat\u00f3s\u00e1g) feladatainak, valamint az MI Rendelet 70. cikk (2) bekezd\u00e9se szerinti egyed\u00fcli kapcsolattart\u00f3 pont feladatainak ell\u00e1t\u00e1s\u00e1ra. Kor\u00e1bban a v\u00e1llalkoz\u00e1sfejleszt\u00e9s\u00e9rt felel\u0151s miniszternek a nemzetgazdas\u00e1gi miniszter min\u0151s\u00fclt, majd az \u00faj Korm\u00e1ny megalakul\u00e1sa ut\u00e1n a gazdas\u00e1gi \u00e9s energetikai miniszter lett a v\u00e1llalkoz\u00e1sfejleszt\u00e9s\u00e9rt felel\u0151s miniszter, \u00edgy az MI piacfel\u00fcgyelete is ehhez a miniszt\u00e9riumhoz ker\u00fclt. Ezen a fel\u00e1ll\u00e1son m\u00f3dos\u00edt a Korm\u00e1ny tagjainak feladat- \u00e9s hat\u00e1sk\u00f6r\u00e9r\u0151l sz\u00f3l\u00f3 90\/2026. (V. 13.) Korm. rendelet m\u00f3dos\u00edt\u00e1sa, amely <strong>a mesters\u00e9ges intelligenci\u00e1val kapcsolatos v\u00e1llalkoz\u00e1sfejleszt\u00e9si feladatok tekintet\u00e9ben a Korm\u00e1ny v\u00e1llalkoz\u00e1sfejleszt\u00e9s\u00e9rt felel\u0151s tagjak\u00e9nt a tudom\u00e1nyos \u00e9s technol\u00f3giai minisztert jel\u00f6li ki, \u00edgy a miniszterhez ker\u00fclnek az MI piacfel\u00fcgyeleti feladatok is.<\/strong><\/p>\n\n\n\n<p class=\"wp-block-paragraph\">A mostani jogszab\u00e1lyv\u00e1ltoz\u00e1s l\u00e9nyeg\u00e9ben a de facto m\u00e1r l\u00e9tez\u0151 helyzetet teszi egy\u00e9rtelm\u0171v\u00e9, hiszen a <a href=\"https:\/\/mihivatal.gov.hu\/rolunk\" target=\"_blank\" rel=\"noopener\">Hat\u00f3s\u00e1g honlapja<\/a> &#8211; m\u00e1r a Korm\u00e1ny tagjainak feladat- \u00e9s hat\u00e1sk\u00f6r\u00e9re vonatkoz\u00f3 rendelet m\u00f3dos\u00edt\u00e1sa el\u0151tt is &#8211; azt tartalmazta, hogy &#8222;a Hat\u00f3s\u00e1g a Tudom\u00e1nyos \u00e9s Technol\u00f3giai Miniszt\u00e9rium szervezeti egys\u00e9gek\u00e9nt m\u0171k\u00f6dik.&#8221;<\/p>\n\n\n\n<p class=\"wp-block-paragraph\"><mark style=\"background-color:#9b51e0\" class=\"has-inline-color has-white-color\">Tov\u00e1bb a cikkre:<\/mark> <a href=\"https:\/\/gdpr.blog.hu\/2026\/09\/02\/valtozott_a_mesterseges_intelligencia_rendszerek_felugyelete_magyarorszagon\" target=\"_blank\" rel=\"noopener\">gdpr.blog.hu<\/a> (P\u00f3k L\u00e1szl\u00f3)<\/p>\n","protected":false},"excerpt":{"rendered":"<p>Az MI piacfel\u00fcgyeleti hat\u00f3s\u00e1gi feladatok &#8211; hivatalosan is &#8211; \u00e1tker\u00fcltek a tudom\u00e1nyos \u00e9s technol\u00f3giai miniszterhez, miut\u00e1n a Magyar K\u00f6zl\u00f6ny augusztus&hellip;<\/p>\n","protected":false},"author":1,"featured_media":9799,"comment_status":"closed","ping_status":"closed","sticky":false,"template":"","format":"standard","meta":{"footnotes":""},"categories":[4],"tags":[],"class_list":["post-9798","post","type-post","status-publish","format-standard","has-post-thumbnail","hentry","category-ai-agi-chat-gpt-gemini"],"_links":{"self":[{"href":"https:\/\/digitalnews.hu\/index.php?rest_route=\/wp\/v2\/posts\/9798","targetHints":{"allow":["GET"]}}],"collection":[{"href":"https:\/\/digitalnews.hu\/index.php?rest_route=\/wp\/v2\/posts"}],"about":[{"href":"https:\/\/digitalnews.hu\/index.php?rest_route=\/wp\/v2\/types\/post"}],"author":[{"embeddable":true,"href":"https:\/\/digitalnews.hu\/index.php?rest_route=\/wp\/v2\/users\/1"}],"replies":[{"embeddable":true,"href":"https:\/\/digitalnews.hu\/index.php?rest_route=%2Fwp%2Fv2%2Fcomments&post=9798"}],"version-history":[{"count":1,"href":"https:\/\/digitalnews.hu\/index.php?rest_route=\/wp\/v2\/posts\/9798\/revisions"}],"predecessor-version":[{"id":9800,"href":"https:\/\/digitalnews.hu\/index.php?rest_route=\/wp\/v2\/posts\/9798\/revisions\/9800"}],"wp:featuredmedia":[{"embeddable":true,"href":"https:\/\/digitalnews.hu\/index.php?rest_route=\/wp\/v2\/media\/9799"}],"wp:attachment":[{"href":"https:\/\/digitalnews.hu\/index.php?rest_route=%2Fwp%2Fv2%2Fmedia&parent=9798"}],"wp:term":[{"taxonomy":"category","embeddable":true,"href":"https:\/\/digitalnews.hu\/index.php?rest_route=%2Fwp%2Fv2%2Fcategories&post=9798"},{"taxonomy":"post_tag","embeddable":true,"href":"https:\/\/digitalnews.hu\/index.php?rest_route=%2Fwp%2Fv2%2Ftags&post=9798"}],"curies":[{"name":"wp","href":"https:\/\/api.w.org\/{rel}","templated":true}]}}