{"id":9801,"date":"2026-09-03T00:22:03","date_gmt":"2026-09-02T22:22:03","guid":{"rendered":"https:\/\/digitalnews.hu\/?p=9801"},"modified":"2026-09-03T00:22:03","modified_gmt":"2026-09-02T22:22:03","slug":"kiderult-az-online-vasarlas-sotet-titka-igy-csaljak-lepre-a-gyanutlan-magyarokat-a-webaruhazak","status":"publish","type":"post","link":"https:\/\/digitalnews.hu\/?p=9801","title":{"rendered":"Kider\u00fclt az online v\u00e1s\u00e1rl\u00e1s s\u00f6t\u00e9t titka: \u00edgy csalj\u00e1k l\u00e9pre a gyan\u00fatlan magyarokat a web\u00e1ruh\u00e1zak"},"content":{"rendered":"\n<p class=\"wp-block-paragraph\">Soha nem volt m\u00e9g ilyen egyszer\u0171 n\u00e9h\u00e1ny kattint\u00e1ssal ruh\u00e1t rendelni egy t\u00e1vol-keleti piact\u00e9rr\u0151l, el\u0151fizetni egy digit\u00e1lis szolg\u00e1ltat\u00e1sra vagy egy influenszer aj\u00e1nl\u00e1s\u00e1ra megv\u00e1s\u00e1rolni egy term\u00e9ket. Mik\u00f6zben a v\u00e1s\u00e1rl\u00e1s egyre gyorsabb\u00e1 v\u00e1lik, a fogyaszt\u00f3 sz\u00e1m\u00e1ra egyre t\u00f6bb a csapda. Vajon val\u00f3di akci\u00f3t l\u00e1t? Ink\u00e1bb fizetett aj\u00e1nl\u00e1ssal tal\u00e1lkozott? Megb\u00edzhat\u00f3 keresked\u0151t\u0151l rendel vagy \u00e9ppen egy tudatosan megtervezett online fel\u00fclet tereli egy olyan d\u00f6nt\u00e9s fel\u00e9, amelyet eredetileg nem akart meghozni? Az Eur\u00f3pai Uni\u00f3 ez\u00e9rt 2030-ig jelent\u0151sen meger\u0151s\u00edten\u00e9 a fogyaszt\u00f3v\u00e9delmet, a R\u00e9gi\u00f3k Eur\u00f3pai Bizotts\u00e1ga (CoR) pedig m\u00e9g nagyobb szerepet adna ebben a helyi \u00e9s region\u00e1lis szerepl\u0151knek. A P\u00e9nzcentrum online k\u00f6vette a kapcsol\u00f3d\u00f3, legut\u00f3bbi plen\u00e1ris \u00fcl\u00e9st, ahol t\u00f6bbek k\u00f6z\u00f6tt arra kerest\u00fck a v\u00e1laszt, milyen probl\u00e9m\u00e1kkal tal\u00e1lkozhat ma egy magyar v\u00e1s\u00e1rl\u00f3 az interneten, mit jelentenek a \u201es\u00f6t\u00e9t mint\u00e1k\u201d, hogyan v\u00e1ltoznak az online el\u00e1ll\u00e1s szab\u00e1lyai.<\/p>\n\n\n\n<p class=\"wp-block-paragraph\">B\u00e1r a fogyaszt\u00f3v\u00e9delem hagyom\u00e1nyos k\u00e9rd\u00e9sei nem t\u0171ntek el, az online kereskedelem terjed\u00e9se olyan helyzeteket teremtett, amelyekre nem felt\u00e9tlen\u00fcl k\u00e9sz\u00fclt fel a kor\u00e1bbi szab\u00e1lyoz\u00e1s. A gyakorlat azt mutatja, hogy a probl\u00e9ma m\u00e1r sokszor a v\u00e1s\u00e1rl\u00e1s el\u0151tt elkezd\u0151dik. Egy weboldal p\u00e9ld\u00e1ul visszasz\u00e1ml\u00e1l\u00f3 \u00f3r\u00e1val s\u00fcrgethet, vagy \u00e9pp azt \u00e1ll\u00edthatja, hogy m\u00e1r csak n\u00e9h\u00e1ny darab maradt az adott term\u00e9kb\u0151l. L\u00e1tv\u00e1nyosan kiemelheti a dr\u00e1g\u00e1bb csomagot, mik\u00f6zben az olcs\u00f3bb lehet\u0151s\u00e9get elrejti, vagy sokkal egyszer\u0171bb\u00e9 teheti egy el\u0151fizet\u00e9s elind\u00edt\u00e1s\u00e1t, mint annak lemond\u00e1s\u00e1t. Ezek egy r\u00e9sze az \u00fagynevezett \u201edark pattern\u201d magyarul \u201es\u00f6t\u00e9t minta\u201d k\u00f6r\u00e9be tartozhat, amelyek olyan digit\u00e1lis tervez\u00e9si megold\u00e1sok, amelyek a felhaszn\u00e1l\u00f3t egy bizonyos d\u00f6nt\u00e9s fel\u00e9 terelik.<\/p>\n\n\n\n<p class=\"wp-block-paragraph\">A probl\u00e9ma s\u00faly\u00e1t j\u00f3l mutatja, hogy az Eur\u00f3pai Bizotts\u00e1g \u00e1ltal el\u0151k\u00e9sz\u00edtett Digit\u00e1lis m\u00e9lt\u00e1nyoss\u00e1gi jogszab\u00e1ly (Digital Fairness Act, r\u00f6viden DFA) tervezete k\u00fcl\u00f6n foglalkozna t\u00f6bbek k\u00f6z\u00f6tt a m\u00e1r eml\u00edtett s\u00f6t\u00e9t mint\u00e1kkal, a digit\u00e1lis szolg\u00e1ltat\u00e1sok addikt\u00edv kialak\u00edt\u00e1s\u00e1val, a tisztess\u00e9gtelen szem\u00e9lyre szab\u00e1ssal, a megt\u00e9veszt\u0151 influenszer-marketinggel, az \u00e1rak kommunik\u00e1ci\u00f3j\u00e1val \u00e9s a digit\u00e1lis szerz\u0151d\u00e9sekkel. A kapcsol\u00f3d\u00f3 hivatalos, teljes jogalkot\u00e1si tervezet m\u00e9g nem jelent meg, de a Fogyaszt\u00f3v\u00e9delmi Egy\u00fcttm\u0171k\u00f6d\u00e9si Rendelet fel\u00fclvizsg\u00e1lat\u00e1val egy\u00fctt 2026 v\u00e9g\u00e9re v\u00e1rhat\u00f3.<\/p>\n\n\n\n<p class=\"wp-block-paragraph\"><strong>A magyar v\u00e1s\u00e1rl\u00f3 ak\u00e1r naponta tal\u00e1lkozhat ezekkel<\/strong><\/p>\n\n\n\n<p class=\"wp-block-paragraph\">Vegy\u00fcnk egy h\u00e9tk\u00f6znapi p\u00e9ld\u00e1t! Kin\u00e9z\u00fcnk egy term\u00e9ket egy web\u00e1ruh\u00e1zban. A k\u00e9perny\u0151 szerint az akci\u00f3 hamarosan lej\u00e1r, a term\u00e9kb\u0151l pedig m\u00e1r csak kett\u0151 maradt. A fizet\u00e9s el\u0151tt felugrik m\u00e9g egy aj\u00e1nlat, majd egy el\u0151re kipip\u00e1lt vagy felt\u0171n\u0151en aj\u00e1nlott szolg\u00e1ltat\u00e1s. K\u00f6zben azt is l\u00e1tjuk, hogy m\u00e1s v\u00e1s\u00e1rl\u00f3k \u00f6tcsillagos \u00e9rt\u00e9kel\u00e9seket adtak a term\u00e9kre. Csakhogy fogyaszt\u00f3k\u00e9nt nem felt\u00e9tlen\u00fcl tudjuk, hogy val\u00f3ban elfogy-e a k\u00e9szlet, t\u00e9nyleg v\u00e9get \u00e9r-e az akci\u00f3, mennyire hitelesek a v\u00e9lem\u00e9nyek, \u00e9s nem fizetett egy\u00fcttm\u0171k\u00f6d\u00e9s \u00e1ll-e egy k\u00f6z\u00f6ss\u00e9gi m\u00e9di\u00e1ban l\u00e1tott aj\u00e1nl\u00e1s m\u00f6g\u00f6tt.<\/p>\n\n\n\n<p class=\"wp-block-paragraph\">A probl\u00e9ma m\u00e9g \u00f6sszetettebb, ha a term\u00e9k egy online piact\u00e9rr\u0151l \u00e9rkezik. A v\u00e1s\u00e1rl\u00f3 sz\u00e1m\u00e1ra sokszor az sem egy\u00e9rtelm\u0171, hogy mag\u00e1t\u00f3l a platformt\u00f3l, egy eur\u00f3pai keresked\u0151t\u0151l vagy egy EU-n k\u00edv\u00fcli v\u00e1llalkoz\u00e1st\u00f3l v\u00e1s\u00e1rol. M\u00e1rpedig amikor probl\u00e9ma ad\u00f3dik, ennek komoly jelent\u0151s\u00e9ge lehet. Az EU sz\u00e1m\u00e1ra ugyanis hangs\u00falyosan komoly kih\u00edv\u00e1ss\u00e1 v\u00e1lt az Uni\u00f3n k\u00edv\u00fclr\u0151l \u00e9rkez\u0151 olcs\u00f3 \u00e1ruk mennyis\u00e9ge. A legut\u00f3bbi, fellelhet\u0151 adatok alapj\u00e1n 2024-ben mintegy 4,6 milli\u00e1rd, 150 eur\u00f3n\u00e1l alacsonyabb \u00e9rt\u00e9k\u0171 k\u00fcldem\u00e9ny \u00e9rkezett az uni\u00f3s piacra, ami naponta k\u00f6r\u00fclbel\u00fcl 12 milli\u00f3 csomagot jelentett. Teh\u00e1t nagyj\u00e1b\u00f3l k\u00e9tszer annyit, mint egy \u00e9vvel kor\u00e1bban. Az ilyen term\u00e9kek k\u00f6z\u00f6tt r\u00e1ad\u00e1sul olyan \u00e1ruk is megjelenhetnek, amelyek nem felelnek meg az eur\u00f3pai biztons\u00e1gi k\u00f6vetelm\u00e9nyeknek, ami egyszerre jelenthet kock\u00e1zatot a v\u00e1s\u00e1rl\u00f3knak \u00e9s versenyh\u00e1tr\u00e1nyt azoknak az eur\u00f3pai v\u00e1llalkoz\u00e1soknak, amelyeknek be kell tartaniuk az uni\u00f3s el\u0151\u00edr\u00e1sokat.<\/p>\n\n\n\n<p class=\"wp-block-paragraph\">S\u0151t, a vesz\u00e9lyes term\u00e9kekkel kapcsolatos uni\u00f3s riaszt\u00e1sok sz\u00e1ma 2025-ben rekordot d\u00f6nt\u00f6tt. A nem \u00e9lelmiszer jelleg\u0171, vesz\u00e9lyes fogyaszt\u00f3i term\u00e9kekhez kapcsol\u00f3d\u00f3 Safety Gate, az Eur\u00f3pai Uni\u00f3 gyorsriaszt\u00e1si rendszer\u00e9ben tavaly \u00f6sszese 4671 riaszt\u00e1st regisztr\u00e1ltak, ami 13 sz\u00e1zal\u00e9kkal t\u00f6bb az el\u0151z\u0151 \u00e9vin\u00e9l. A bejelent\u00e9sek t\u00f6bb mint fel\u00e9t a kozmetikumok \u00e9s a j\u00e1t\u00e9kok adt\u00e1k.<\/p>\n\n\n\n<p class=\"wp-block-paragraph\"><strong>Amikor egy influenszer aj\u00e1nlja, akkor megvessz\u00fck?<\/strong><\/p>\n\n\n\n<p class=\"wp-block-paragraph\">A jelenlegi szab\u00e1lyoz\u00e1si- \u00e9s gazdas\u00e1gi k\u00f6rnyezetet tov\u00e1bb bonyol\u00edtja, hogy a fogyaszt\u00f3v\u00e9delem \u00faj frontj\u00e1t a k\u00f6z\u00f6ss\u00e9gi m\u00e9dia jelenti \u00e9s \u00e9vr\u0151l-\u00e9vre nagyobb teret h\u00f3d\u00edt. A jelens\u00e9g Magyarorsz\u00e1gon sem elm\u00e9leti probl\u00e9ma. A Nemzeti Kereskedelmi \u00e9s Fogyaszt\u00f3v\u00e9delmi Hat\u00f3s\u00e1g \u00e9s a Gazdas\u00e1gi Versenyhivatal (NKFH) 2026 tavasz\u00e1n p\u00e9ld\u00e1ul egy nemzetk\u00f6zi ellen\u0151rz\u00e9s r\u00e9szek\u00e9nt vizsg\u00e1lta influenszerek tev\u00e9kenys\u00e9g\u00e9t. A hat\u00f3s\u00e1gok t\u00f6bbek k\u00f6z\u00f6tt azt ellen\u0151rizt\u00e9k, megfelel\u0151en jel\u00f6lik-e a kereskedelmi kommunik\u00e1ci\u00f3t, valamint \u00e1tl\u00e1that\u00f3-e a mesters\u00e9ges intelligenci\u00e1val l\u00e9trehozott tartalom haszn\u00e1lata.<\/p>\n\n\n\n<p class=\"wp-block-paragraph\">Az ellen\u0151rz\u00e9s ugyan javul\u00e1st mutatott a kor\u00e1bbi \u00e9vekhez k\u00e9pest, a hat\u00f3s\u00e1gok azonban tov\u00e1bbra is tal\u00e1ltak hi\u00e1nyoss\u00e1gokat. El\u0151fordult, hogy a rekl\u00e1mjel\u00f6l\u00e9s hi\u00e1nyzott vagy nem volt kell\u0151en felt\u0171n\u0151, a tartalomk\u00e9sz\u00edt\u0151k saj\u00e1t term\u00e9keik n\u00e9pszer\u0171s\u00edt\u00e9s\u00e9t nem jel\u00f6lt\u00e9k egy\u00e9rtelm\u0171en rekl\u00e1mk\u00e9nt, egyes influenszerek pedig bizonytalan \u00f6sszet\u00e9tel\u0171 \u00e9trend-kieg\u00e9sz\u00edt\u0151ket rekl\u00e1moztak. Olyan esetet is tal\u00e1ltak, amikor v\u00e9lhet\u0151en mesters\u00e9ges intelligenci\u00e1val k\u00e9sz\u00edtett tartalmat osztottak meg an\u00e9lk\u00fcl, hogy ezt felt\u00fcntett\u00e9k volna. A k\u00f6vetkez\u0151 \u00e9vek egyik nagy k\u00e9rd\u00e9se tal\u00e1n az lehet, hogy a fogyaszt\u00f3 egy\u00e1ltal\u00e1n felismeri-e, amikor rekl\u00e1mot l\u00e1t.<\/p>\n\n\n\n<p class=\"wp-block-paragraph\">Ahogy arra a szakemberek r\u00e1mutattak: a probl\u00e9ma tov\u00e1bb bonyol\u00f3dik a mesters\u00e9ges intelligencia influenszerekkel, virtu\u00e1lis szerepl\u0151kkel \u00e9s mesters\u00e9gesen gener\u00e1lt k\u00e9pekkel vagy vide\u00f3kkal. Egy hitelesnek t\u0171n\u0151 \u201eszem\u00e9lyes tapasztalat\u201d m\u00f6g\u00f6tt sokszor \u00e1ll olyan szerepl\u0151, aki a val\u00f3s\u00e1gban nem l\u00e9tezik.<\/p>\n\n\n\n<p class=\"wp-block-paragraph\"><strong>Indokol\u00e1s n\u00e9lk\u00fcli el\u00e1ll\u00e1si jog? Nem eg\u00e9szen<\/strong><\/p>\n\n\n\n<p class=\"wp-block-paragraph\">A digit\u00e1lis fogyaszt\u00f3v\u00e9delem egyik alapelve a jelenlegi, kiss\u00e9 tal\u00e1n elavult k\u00f6rnyezet megv\u00e1ltoztat\u00e1sa. Egy szerz\u0151d\u00e9s megsz\u00fcntet\u00e9se mondjuk ne legyen l\u00e9nyegesen nehezebb, mint annak megk\u00f6t\u00e9se.<\/p>\n\n\n\n<p class=\"wp-block-paragraph\">Haz\u00e1nkban ennek m\u00e1r k\u00e9zzelfoghat\u00f3 k\u00f6vetkezm\u00e9ny\u00e9t l\u00e1thatjuk. 2026. j\u00fanius 19-t\u0151l az \u00e9rintett v\u00e1llalkoz\u00e1soknak az online fel\u00fcleten k\u00f6t\u00f6tt szerz\u0151d\u00e9sekn\u00e9l elektronikus el\u00e1ll\u00e1si funkci\u00f3t kell biztos\u00edtaniuk. Ennek j\u00f3l l\u00e1that\u00f3nak \u00e9s k\u00f6nnyen el\u00e9rhet\u0151nek sz\u00fcks\u00e9ges lennie, a fogyaszt\u00f3nak pedig elektronikusan kell tudnia elk\u00fcldeni az el\u00e1ll\u00e1si nyilatkozat\u00e1t. A rendszernek az el\u00e1ll\u00e1st vissza is kell igazolnia, p\u00e9ld\u00e1ul e-mailben. Az NKFH j\u00faliusban m\u00e1r megkezdte annak ellen\u0151rz\u00e9s\u00e9t, hogy a magyar web\u00e1ruh\u00e1zak val\u00f3ban biztos\u00edtj\u00e1k-e ezt a lehet\u0151s\u00e9get. Mindez az\u00e9rt fontos v\u00e1ltoz\u00e1s, mert a fogyaszt\u00f3nak eddig sok esetben mag\u00e1nak kellett megkeresnie, pontosan hogyan jelezheti az el\u00e1ll\u00e1st, milyen c\u00edmre kell \u00edrnia, milyen adatokat kell megadnia, vagy honnan t\u00f6lthet le ehhez nyomtatv\u00e1nyt.<\/p>\n\n\n\n<p class=\"wp-block-paragraph\">Ek\u00f6zben \u00fagy t\u0171nik, hogy a magyar fogyaszt\u00f3k k\u00f6r\u00e9ben az egyik leggyakoribb f\u00e9lre\u00e9rt\u00e9s az, hogy minden megv\u00e1s\u00e1rolt term\u00e9ket tizenn\u00e9gy napon bel\u00fcl vissza lehet vinni. Ez nincs \u00edgy. Az indokol\u00e1s n\u00e9lk\u00fcli 14 napos el\u00e1ll\u00e1si jog alapvet\u0151en a t\u00e1voll\u00e9v\u0151k k\u00f6z\u00f6tt (p\u00e9ld\u00e1ul interneten) k\u00f6t\u00f6tt fogyaszt\u00f3i szerz\u0151d\u00e9sekn\u00e9l j\u00e1r. Ha teh\u00e1t valaki egy hagyom\u00e1nyos \u00fczletben vesz egy hib\u00e1tlan cip\u0151t, majd otthon meggondolja mag\u00e1t, a keresked\u0151t \u00e1ltal\u00e1ban nem k\u00f6telezi jogszab\u00e1ly arra, hogy csak emiatt visszavegye. Online v\u00e1s\u00e1rl\u00e1sn\u00e1l ugyanakkor a f\u0151szab\u00e1ly szerint a term\u00e9k \u00e1tv\u00e9tel\u00e9t\u0151l sz\u00e1m\u00edtott tizenn\u00e9gy nap \u00e1ll rendelkez\u00e9s\u00fcnkre az el\u00e1ll\u00e1sra. Itt is vannak azonban kiv\u00e9telek, p\u00e9ld\u00e1ul bizonyos egyedileg gy\u00e1rtott vagy felbontott higi\u00e9niai term\u00e9kek eset\u00e9ben. R\u00e1ad\u00e1sul az el\u00e1ll\u00e1s nem felt\u00e9tlen\u00fcl k\u00f6lts\u00e9gmentes: a term\u00e9k visszak\u00fcld\u00e9s\u00e9nek k\u00f6zvetlen k\u00f6lts\u00e9ge f\u0151szab\u00e1ly szerint a fogyaszt\u00f3t terhelheti.<\/p>\n\n\n\n<p class=\"wp-block-paragraph\"><strong>Miben v\u00e1ltoztat ezen az Eur\u00f3pai Uni\u00f3?<\/strong><\/p>\n\n\n\n<p class=\"wp-block-paragraph\">Az Eur\u00f3pai Bizotts\u00e1g 2025 november\u00e9ben fogadta el az \u00fagynevezett 2030 Consumer Agend\u00e1t, amely a k\u00f6vetkez\u0151 \u00f6t \u00e9v uni\u00f3s fogyaszt\u00f3v\u00e9delmi strat\u00e9gi\u00e1j\u00e1t hat\u00e1rozza meg.<\/p>\n\n\n\n<p class=\"wp-block-paragraph\"><strong>N\u00e9gy nagy ter\u00fclet ker\u00fclt a k\u00f6z\u00e9ppontba:<\/strong><\/p>\n\n\n\n<ul class=\"wp-block-list\">\n<li>az egys\u00e9ges piacon m\u00e9g fenn\u00e1ll\u00f3 fogyaszt\u00f3i akad\u00e1lyok lebont\u00e1sa,<\/li>\n\n\n\n<li>az online fogyaszt\u00f3v\u00e9delem \u00e9s digit\u00e1lis tisztess\u00e9g er\u0151s\u00edt\u00e9se,<\/li>\n\n\n\n<li>a fenntarthat\u00f3 fogyaszt\u00e1s, valamint<\/li>\n\n\n\n<li>a szab\u00e1lyok hat\u00e9konyabb betartat\u00e1sa \u00e9s a fogyaszt\u00f3i jogorvoslat.<\/li>\n<\/ul>\n\n\n\n<p class=\"wp-block-paragraph\">Ehhez kapcsol\u00f3dik a k\u00e9sz\u00fcl\u0151 Digit\u00e1lis m\u00e9lt\u00e1nyoss\u00e1gi jogszab\u00e1ly, amely kifejezetten a digit\u00e1lis k\u00f6rnyezetben megjelen\u0151 tisztess\u00e9gtelen gyakorlatokat c\u00e9lozza. Az uni\u00f3s konzult\u00e1ci\u00f3k sor\u00e1n, illetve a legut\u00f3bbi CoR plen\u00e1ris \u00fcl\u00e9sen r\u00e1ad\u00e1sul \u00e9ppen azok a probl\u00e9m\u00e1k ker\u00fcltek el\u0151, amelyekkel egy magyar fogyaszt\u00f3 is k\u00f6nnyen tal\u00e1lkozhat. Ilyenek t\u00f6bbek k\u00f6z\u00f6tt a m\u00e1r eml\u00edtett s\u00f6t\u00e9t mint\u00e1k, az influenszer-marketing, az EU-n k\u00edv\u00fclr\u0151l \u00e9rkez\u0151 \u00e1ruk, a dropshipping, a c\u00e9lzott rekl\u00e1mok, a hat\u00e1rokon \u00e1tny\u00fal\u00f3 v\u00e1s\u00e1rl\u00e1sokn\u00e1l jelentkez\u0151 nyelvi probl\u00e9m\u00e1k \u00e9s visszak\u00fcld\u00e9si neh\u00e9zs\u00e9gek, valamint a mesters\u00e9ges intelligenci\u00e1val \u00f6sszef\u00fcgg\u0151 \u00faj fogyaszt\u00f3i kock\u00e1zatok.<\/p>\n\n\n\n<p class=\"wp-block-paragraph\">&#8222;Eur\u00f3p\u00e1nak olyan fogyaszt\u00f3v\u00e9delmi politik\u00e1ra van sz\u00fcks\u00e9ge, amely t\u00falterhel\u00e9s n\u00e9lk\u00fcl v\u00e9d, \u00e9s amely a fogyaszt\u00f3knak ny\u00fajtott er\u0151s biztos\u00edt\u00e9kokat a v\u00e1llalkoz\u00e1sok sz\u00e1m\u00e1ra k\u00edn\u00e1lt val\u00f3di lehet\u0151s\u00e9gekkel \u00f6tv\u00f6zi. Biztos\u00edtanunk kell a tisztess\u00e9ges versenyt az\u00e1ltal, hogy fell\u00e9p\u00fcnk a nem biztons\u00e1gos behozatal \u00e9s a tisztess\u00e9gtelen gyakorlatok ellen, ugyanakkor megv\u00e9dj\u00fck a helyi term\u00e9keket \u00e9s t\u00e1mogatjuk a helyi v\u00e1llalkoz\u00e1sokat, ami az egys\u00e9ges piacon mind a fogyaszt\u00f3k, mind a v\u00e1llalkoz\u00e1sok jav\u00e1t szolg\u00e1lja&#8221; \u2013 fogalmazta meg Adam Cizkowski, a kapcsol\u00f3d\u00f3 CoR v\u00e9lem\u00e9nytervezet el\u0151ad\u00f3ja a plen\u00e1ris \u00fcl\u00e9sen, amire a P\u00e9nzcentrum is megh\u00edv\u00e1st kapott.<\/p>\n\n\n\n<p class=\"wp-block-paragraph\">A test\u00fclet egyhang\u00falag fogadta el a v\u00e9lem\u00e9nyt a 2030-as fogyaszt\u00f3\u00fcgyi menetrendr\u0151l. Az R\u00e9gi\u00f3k Eur\u00f3pai Bizotts\u00e1ga alapvet\u0151en t\u00e1mogatta az Eur\u00f3pai Bizotts\u00e1g terveit, ugyanakkor egy fontos hi\u00e1nyoss\u00e1gra h\u00edvta fel a figyelmet. \u00c1ll\u00e1spontja szerint az \u00faj strat\u00e9gia nem sz\u00e1mol kell\u0151 s\u00fallyal a helyi \u00e9s region\u00e1lis \u00f6nkorm\u00e1nyzatok szerep\u00e9vel, ami a d\u00f6nt\u00e9shoz\u00f3k szerint az\u00e9rt lehet l\u00e9nyeges, mert a fogyaszt\u00f3i probl\u00e9m\u00e1k jelent\u0151s r\u00e9sze a h\u00e9tk\u00f6znapok szintj\u00e9n jelentkezik. Az uni\u00f3s orsz\u00e1gok mintegy fel\u00e9ben a helyi \u00e9s region\u00e1lis \u00f6nkorm\u00e1nyzatok valamilyen form\u00e1ban m\u00e1r ma is r\u00e9szt vesznek a fogyaszt\u00f3v\u00e9delmi int\u00e9zked\u00e9sek kidolgoz\u00e1s\u00e1ban, v\u00e9grehajt\u00e1s\u00e1ban vagy t\u00e1mogat\u00e1s\u00e1ban. Az eur\u00f3pai szab\u00e1lyoz\u00e1s mellett ez\u00e9rt a helyi v\u00e9grehajt\u00e1st, t\u00e1j\u00e9koztat\u00e1st \u00e9s jog\u00e9rv\u00e9nyes\u00edt\u00e9st kiemelten kell er\u0151s\u00edteni.<\/p>\n\n\n\n<p class=\"wp-block-paragraph\">A R\u00e9gi\u00f3k Eur\u00f3pai Bizotts\u00e1ga egy alapelvet fogalmazott meg a legnagyobb hangs\u00fallyal: \u201eami offline jogellenes, annak online is jogellenesnek kell lennie.\u201d Ahogy az \u00fcl\u00e9sen fogalmaztak, a k\u00f6vetkez\u0151 \u00e9vek fogyaszt\u00f3v\u00e9delm\u00e9nek tal\u00e1n \u00e9ppen ez lesz az egyik legfontosabb k\u00e9rd\u00e9se. Nem felt\u00e9tlen\u00fcl \u00faj jogokat kell ugyanis minden probl\u00e9m\u00e1ra l\u00e9trehozni, hanem el kell \u00e9rni, hogy a m\u00e1r l\u00e9tez\u0151 fogyaszt\u00f3i jogokat akkor is t\u00e9nylegesen \u00e9rv\u00e9nyes\u00edteni lehessen, amikor a keresked\u0151, a platform, az influenszer, a rekl\u00e1m \u00e9s ak\u00e1r maga a term\u00e9k egy m\u00e1sik orsz\u00e1gban van.<\/p>\n\n\n\n<p class=\"wp-block-paragraph\"><mark style=\"background-color:#9b51e0\" class=\"has-inline-color has-white-color\">Tov\u00e1bb a cikkre:<\/mark>  <a href=\"https:\/\/www.penzcentrum.hu\/vasarlas\/20260828\/kiderult-az-online-vasarlas-sotet-titka-igy-csaljak-lepre-a-gyanutlan-magyarokat-a-webaruhazak-1204525\" target=\"_blank\" rel=\"noopener\">penzcentrum.hu<\/a> (Jeki Gabriella)<\/p>\n","protected":false},"excerpt":{"rendered":"<p>Soha nem volt m\u00e9g ilyen egyszer\u0171 n\u00e9h\u00e1ny kattint\u00e1ssal ruh\u00e1t rendelni egy t\u00e1vol-keleti piact\u00e9rr\u0151l, el\u0151fizetni egy digit\u00e1lis szolg\u00e1ltat\u00e1sra vagy egy influenszer&hellip;<\/p>\n","protected":false},"author":1,"featured_media":9802,"comment_status":"closed","ping_status":"closed","sticky":false,"template":"","format":"standard","meta":{"footnotes":""},"categories":[54],"tags":[],"class_list":["post-9801","post","type-post","status-publish","format-standard","has-post-thumbnail","hentry","category-e-kereskedelem"],"_links":{"self":[{"href":"https:\/\/digitalnews.hu\/index.php?rest_route=\/wp\/v2\/posts\/9801","targetHints":{"allow":["GET"]}}],"collection":[{"href":"https:\/\/digitalnews.hu\/index.php?rest_route=\/wp\/v2\/posts"}],"about":[{"href":"https:\/\/digitalnews.hu\/index.php?rest_route=\/wp\/v2\/types\/post"}],"author":[{"embeddable":true,"href":"https:\/\/digitalnews.hu\/index.php?rest_route=\/wp\/v2\/users\/1"}],"replies":[{"embeddable":true,"href":"https:\/\/digitalnews.hu\/index.php?rest_route=%2Fwp%2Fv2%2Fcomments&post=9801"}],"version-history":[{"count":1,"href":"https:\/\/digitalnews.hu\/index.php?rest_route=\/wp\/v2\/posts\/9801\/revisions"}],"predecessor-version":[{"id":9803,"href":"https:\/\/digitalnews.hu\/index.php?rest_route=\/wp\/v2\/posts\/9801\/revisions\/9803"}],"wp:featuredmedia":[{"embeddable":true,"href":"https:\/\/digitalnews.hu\/index.php?rest_route=\/wp\/v2\/media\/9802"}],"wp:attachment":[{"href":"https:\/\/digitalnews.hu\/index.php?rest_route=%2Fwp%2Fv2%2Fmedia&parent=9801"}],"wp:term":[{"taxonomy":"category","embeddable":true,"href":"https:\/\/digitalnews.hu\/index.php?rest_route=%2Fwp%2Fv2%2Fcategories&post=9801"},{"taxonomy":"post_tag","embeddable":true,"href":"https:\/\/digitalnews.hu\/index.php?rest_route=%2Fwp%2Fv2%2Ftags&post=9801"}],"curies":[{"name":"wp","href":"https:\/\/api.w.org\/{rel}","templated":true}]}}