{"id":9804,"date":"2026-09-03T00:52:48","date_gmt":"2026-09-02T22:52:48","guid":{"rendered":"https:\/\/digitalnews.hu\/?p=9804"},"modified":"2026-09-03T00:55:32","modified_gmt":"2026-09-02T22:55:32","slug":"a-figyelem-mint-digitalis-fizetoeszkoz","status":"publish","type":"post","link":"https:\/\/digitalnews.hu\/?p=9804","title":{"rendered":"A figyelem mint digit\u00e1lis fizet\u0151eszk\u00f6z"},"content":{"rendered":"\n<p class=\"wp-block-paragraph\">Elemz\u00e9s az aj\u00e1nl\u00f3algoritmusok m\u0171k\u00f6d\u00e9s\u00e9r\u0151l, t\u00e1rsadalmi-gazdas\u00e1gi-biztons\u00e1gi kock\u00e1zatair\u00f3l \u00e9s a szab\u00e1lyoz\u00e1si v\u00e1laszl\u00e9p\u00e9sekr\u0151l<\/p>\n\n\n\n<p class=\"wp-block-paragraph\"><strong>A digit\u00e1lis inform\u00e1ci\u00f3s t\u00e1rsadalom fejl\u0151d\u00e9se alapjaiban k\u00e9rd\u0151jelezi meg a gazdas\u00e1gi n\u00f6veked\u00e9sr\u0151l, a munkahelyi produktivit\u00e1sr\u00f3l \u00e9s a demokratikus stabilit\u00e1sr\u00f3l alkotott kor\u00e1bbi feltev\u00e9seinket. Az inform\u00e1ci\u00f3s b\u0151s\u00e9g kor\u00e1ban a legsz\u0171k\u00f6sebb \u00e9s leg\u00e9rt\u00e9kesebb gazdas\u00e1gi er\u0151forr\u00e1s az emberi figyelem, a kognit\u00edv kapacit\u00e1s \u00e9s a d\u00f6nt\u00e9si k\u00e9pess\u00e9g.<\/strong><\/p>\n\n\n\n<p class=\"wp-block-paragraph\">A glob\u00e1lis technol\u00f3giai platformok, a Meta, Alphabet, ByteDance\/TikTok, olyan \u00fczleti modellt alak\u00edtottak ki, amely a felhaszn\u00e1l\u00f3i figyelem \u00e9s az \u00e9rzelmi bevon\u00f3d\u00e1s korl\u00e1tlan monetiz\u00e1l\u00e1s\u00e1ra rendezkedett be. A tartalomeloszt\u00e1st vez\u00e9rl\u0151 aj\u00e1nl\u00f3algoritmusok a korai ismer\u0151si h\u00edrfolyamokb\u00f3l val\u00f3s idej\u0171, m\u00e9lytanul\u00e1sos mesters\u00e9gesintelligencia-rendszerekk\u00e9 fejl\u0151dtek. A rendszerek <strong>nem a felhaszn\u00e1l\u00f3k hiteles t\u00e1j\u00e9koztat\u00e1s\u00e1t vagy szellemi j\u00f3l\u00e9t\u00e9t szolg\u00e1lj\u00e1k, hanem az emberi agy evol\u00faci\u00f3s \u00e9s neurobiol\u00f3giai sebezhet\u0151s\u00e9geinek, a negativit\u00e1si torz\u00edt\u00e1snak, a v\u00e1ltoz\u00f3 ar\u00e1ny\u00fa dopamin jutalmaz\u00e1snak \u00e9s a mor\u00e1lis felh\u00e1borod\u00e1snak a folyamatos kiakn\u00e1z\u00e1s\u00e1ra vannak kalibr\u00e1lva.<\/strong><\/p>\n\n\n\n<p class=\"wp-block-paragraph\">A d\u00f6nt\u00e9shoz\u00f3k sz\u00e1m\u00e1ra a <strong>figyelemgazdas\u00e1g<\/strong> m\u0171k\u00f6d\u00e9se imm\u00e1r nem puszt\u00e1n egy\u00e9ni j\u00f3l\u00e9ti vagy ment\u00e1lhigi\u00e9n\u00e9s k\u00e9rd\u00e9s, hanem k\u00f6zvetlen strat\u00e9giai, gazdas\u00e1gi \u00e9s biztons\u00e1gi kock\u00e1zat:<\/p>\n\n\n\n<ul class=\"wp-block-list\">\n<li><strong>Makrogazdas\u00e1gi szinten:<\/strong> A francia P\u00e9nz\u00fcgyminiszt\u00e9rium (Direction G\u00e9n\u00e9rale du Tr\u00e9sor) hat\u00e1stanulm\u00e1nya kimutatta, hogy a k\u00e9perny\u0151f\u00fcgg\u0151s\u00e9g, a figyelem sz\u00e9tes\u00e9se \u00e9s a ment\u00e1lis degrad\u00e1ci\u00f3 hossz\u00fa t\u00e1von, 2060-ig 1,4\u20132,9 sz\u00e1zal\u00e9kpontos GDP-vesztes\u00e9get okozhat a t\u00e1rsadalmi termel\u00e9kenys\u00e9g \u00e9s a hum\u00e1nt\u0151ke min\u0151s\u00e9g\u00e9nek roml\u00e1s\u00e1n kereszt\u00fcl.<\/li>\n<\/ul>\n\n\n\n<ul class=\"wp-block-list\">\n<li><strong>K\u00f6z\u00e9leti \u00e9s demokratikus szinten:<\/strong> A pszichometriai profilalkot\u00e1s (OCEAN-modell) \u00e9s az algoritmikusan feler\u0151s\u00edtett felh\u00e1borod\u00e1s sz\u00e9tzil\u00e1lja a t\u00e1rsadalom k\u00f6z\u00f6s t\u00e9nyalapj\u00e1t, ami ellehetetlen\u00edti a konszenzusos politikai d\u00f6nt\u00e9shozatalt \u00e9s radikaliz\u00e1lja a k\u00f6z\u00e9letet.<\/li>\n<\/ul>\n\n\n\n<ul class=\"wp-block-list\">\n<li><strong>Kiberbiztons\u00e1gi \u00e9s v\u00e9delmi szinten:<\/strong> A k\u00e9nyszeres tartalomfogyaszt\u00e1s (doomscrolling) \u00e1ltal kiv\u00e1ltott kognit\u00edv tel\u00edtetts\u00e9g \u00e9s d\u00f6nt\u00e9si kimer\u00fclts\u00e9g lebontja a kritikai ellen\u00e1ll\u00e1st, kiszolg\u00e1ltatva a szervezeteket \u00e9s int\u00e9zm\u00e9nyeket a c\u00e9lzott adathal\u00e1szatnak \u00e9s az \u00e1llamilag ir\u00e1ny\u00edtott dezinform\u00e1ci\u00f3s m\u0171veleteknek.<\/li>\n<\/ul>\n\n\n\n<ul class=\"wp-block-list\">\n<li><strong>Jogi \u00e9s szab\u00e1lyoz\u00e1si szinten:<\/strong> Az Egyes\u00fclt \u00c1llamok b\u00edr\u00f3s\u00e1gain \u00e1tt\u00f6rt\u00e9k a platformok kor\u00e1bbi jogi immunit\u00e1s\u00e1t, \u00e9s term\u00e9ktervez\u00e9si hiba alapon t\u00f6rt\u00e9nelmi, t\u00f6bb mint 17 milli\u00e1rd doll\u00e1ros k\u00e1rt\u00e9r\u00edt\u00e9si egyezs\u00e9geket k\u00e9nyszer\u00edtettek ki. Ezzel p\u00e1rhuzamosan az Eur\u00f3pai Uni\u00f3 a Digit\u00e1lis Szolg\u00e1ltat\u00e1sokr\u00f3l Sz\u00f3l\u00f3 Rendelettel (DSA) \u00e9s az AI Acttel k\u00f6telez\u0151v\u00e9 tette az algoritmus-auditokat \u00e9s a profilalkot\u00e1s-mentes h\u00edrfolyamok biztos\u00edt\u00e1s\u00e1t.<\/li>\n<\/ul>\n\n\n\n<p class=\"wp-block-paragraph\"><strong>A figyelemgazdas\u00e1g elm\u00e9leti modellje \u00e9s piaci m\u0171k\u00f6d\u00e9se<\/strong><\/p>\n\n\n\n<p class=\"wp-block-paragraph\"><br><strong>Az \u00faj sz\u0171k\u00f6ss\u00e9g: Az inform\u00e1ci\u00f3 b\u0151s\u00e9ge \u00e9s az elme hat\u00e1rai<\/strong><\/p>\n\n\n\n<p class=\"wp-block-paragraph\">Az emberis\u00e9g t\u00f6rt\u00e9nelm\u00e9nek d\u00f6nt\u0151 h\u00e1nyad\u00e1ban az inform\u00e1ci\u00f3 sz\u0171k\u00f6s, nehezen volt hozz\u00e1f\u00e9rhet\u0151, mik\u00f6zben az emberi feldolgoz\u00f3kapacit\u00e1s viszonylag b\u0151s\u00e9gesen \u00e1llt rendelkez\u00e9sre. A digit\u00e1lis inform\u00e1ci\u00f3s technol\u00f3gi\u00e1k \u00e9s az internet elterjed\u00e9se ezt a viszonyt gy\u00f6keresen megford\u00edtotta.<\/p>\n\n\n\n<p class=\"wp-block-paragraph\"><strong>Herbert A. Simon Nobel-d\u00edjas k\u00f6zgazd\u00e1sz m\u00e1r 1971-ben le\u00edrta<\/strong> az alapt\u00e9zist, miszerint az inform\u00e1ci\u00f3 b\u0151s\u00e9ge sz\u00fcks\u00e9gszer\u0171en a figyelem sz\u0171k\u00f6ss\u00e9g\u00e9t hozza l\u00e9tre. Mivel az inform\u00e1ci\u00f3 a befogad\u00f3ja figyelm\u00e9t fogyasztja el, a t\u00falzott inform\u00e1ci\u00f3s k\u00edn\u00e1lat a hum\u00e1n figyelem elszeg\u00e9nyed\u00e9s\u00e9hez vezet. Simon r\u00e1mutatott: a digit\u00e1lis kor legf\u0151bb kih\u00edv\u00e1sa nem az \u00faj tartalmak el\u0151\u00e1ll\u00edt\u00e1sa, hanem a befogad\u00e1s hat\u00e9kony \u00e9s \u00e9rtelmes sz\u0171r\u00e9se.<\/p>\n\n\n\n<p class=\"wp-block-paragraph\"><strong>Michael H. Goldhaber 1997-ben ezt gazdas\u00e1gelm\u00e9leti szintre emelte<\/strong> azzal, hogy kijelentette, a digit\u00e1lis gazdas\u00e1gban a figyelem k\u00f6zvetlen fizet\u0151eszk\u00f6zz\u00e9 v\u00e1lik. A felhaszn\u00e1l\u00f3k a val\u00f3s\u00e1gban nem ingyenes szolg\u00e1ltat\u00e1sokat vesznek ig\u00e9nybe, hanem az idej\u00fckkel, ment\u00e1lis energi\u00e1jukkal \u00e9s szem\u00e9lyes adataikkal fizetnek a hozz\u00e1f\u00e9r\u00e9s\u00e9rt.<\/p>\n\n\n\n<p class=\"wp-block-paragraph\"><strong>A digit\u00e1lis figyelempiac fejl\u0151d\u00e9s\u00e9nek korszakai<\/strong><\/p>\n\n\n\n<figure class=\"wp-block-image size-full\"><img loading=\"lazy\" decoding=\"async\" width=\"800\" height=\"759\" src=\"https:\/\/digitalnews.hu\/wp-content\/uploads\/2026\/09\/unnamed-3.jpg\" alt=\"\" class=\"wp-image-9806\" srcset=\"https:\/\/digitalnews.hu\/wp-content\/uploads\/2026\/09\/unnamed-3.jpg 800w, https:\/\/digitalnews.hu\/wp-content\/uploads\/2026\/09\/unnamed-3-767x728.jpg 767w\" sizes=\"auto, (max-width: 800px) 100vw, 800px\" \/><\/figure>\n\n\n\n<p class=\"wp-block-paragraph\"><strong>A megfigyel\u00e9si \u00e9s limbikus kapitalizmus logik\u00e1ja<\/strong><\/p>\n\n\n\n<p class=\"wp-block-paragraph\"><br>A m\u0171k\u00f6d\u00e9si mechanizmusok le\u00edr\u00e1s\u00e1ra a modern k\u00f6zgazdas\u00e1gtan \u00e9s szociol\u00f3gia k\u00e9t kulcsfogalmat vezetett be:<\/p>\n\n\n\n<ul class=\"wp-block-list\">\n<li><strong>Megfigyel\u00e9si kapitalizmus:<\/strong> A platformok a felhaszn\u00e1l\u00f3k digit\u00e1lis tev\u00e9kenys\u00e9ge sor\u00e1n keletkez\u0151 adatokat ingyenes nyersanyagk\u00e9nt gy\u0171jtik be. Ezekb\u0151l viselked\u00e9si el\u0151rejelz\u00e9si modelleket \u00e9p\u00edtenek, amelyeket a hirdet\u0151knek \u00e9rt\u00e9kes\u00edtenek.<\/li>\n<\/ul>\n\n\n\n<ul class=\"wp-block-list\">\n<li><strong>Limbikus kapitalizmus:<\/strong> A fel\u00fcletek nem az emberi agy racion\u00e1lis d\u00f6nt\u00e9shoz\u00f3 k\u00f6zpontj\u00e1t c\u00e9lozz\u00e1k, hanem a t\u00f6rzsfejl\u0151d\u00e9stanilag \u0151sibb, \u00e9rzelmi \u00e9s dopaminerg rendszereket, a limbikus rendszert. Az \u00f6szt\u00f6n\u00f6s, \u00e9rzelmileg felfokozott reakci\u00f3k l\u00e9nyegesen hosszabb k\u00e9perny\u0151id\u0151t biztos\u00edtanak, mint a megfontolt, tudatos tartalomfogyaszt\u00e1s.<\/li>\n<\/ul>\n\n\n\n<figure class=\"wp-block-image size-full\"><img loading=\"lazy\" decoding=\"async\" width=\"800\" height=\"473\" src=\"https:\/\/digitalnews.hu\/wp-content\/uploads\/2026\/09\/unnamed-4.jpg\" alt=\"\" class=\"wp-image-9807\" srcset=\"https:\/\/digitalnews.hu\/wp-content\/uploads\/2026\/09\/unnamed-4.jpg 800w, https:\/\/digitalnews.hu\/wp-content\/uploads\/2026\/09\/unnamed-4-768x454.jpg 768w\" sizes=\"auto, (max-width: 800px) 100vw, 800px\" \/><\/figure>\n\n\n\n<p class=\"wp-block-paragraph\">Mivel a piaci verseny behat\u00e1rolja a hirdet\u00e9si \u00e1rakat \u00e9s a konverzi\u00f3s hat\u00e9konys\u00e1got, a platformok bels\u0151 n\u00f6veked\u00e9s\u00e9nek egyetlen k\u00f6zvetlen hajt\u00f3ereje <strong>a megszerzett figyelem \u00e9s az interakci\u00f3s s\u0171r\u0171s\u00e9g hat\u00e1rok n\u00e9lk\u00fcli fokoz\u00e1sa.<\/strong><\/p>\n\n\n\n<p class=\"wp-block-paragraph\"><strong>A null\u00e1s \u00e1r versenypiaci torzul\u00e1sa<\/strong><\/p>\n\n\n\n<p class=\"wp-block-paragraph\">A digit\u00e1lis hirdet\u00e9si piac koncentr\u00e1ci\u00f3ja rendk\u00edv\u00fcli, amiben az Alphabet \u00e9s a Meta birtokolja a glob\u00e1lis digit\u00e1lis rekl\u00e1mk\u00f6lt\u00e9sek jelent\u0151s h\u00e1nyad\u00e1t. A hagyom\u00e1nyos versenyjogi szab\u00e1lyoz\u00e1s \u00e9vtizedeken \u00e1t tehetetlen volt ezzel a modellel szemben, mivel a fogyaszt\u00f3v\u00e9delmi vizsg\u00e1latok az \u00e1ralap\u00fa monop\u00f3lium-m\u00e9r\u00e9sre t\u00e1maszkodtak. <strong>Mivel a szolg\u00e1ltat\u00e1sok\u00e9rt a felhaszn\u00e1l\u00f3nak nem kellett k\u00f6zvetlen\u00fcl p\u00e9nzt fizetnie, a szab\u00e1lyoz\u00f3k nem \u00e9rz\u00e9kelt\u00e9k a felmer\u00fcl\u0151 struktur\u00e1lis torzul\u00e1sokat.<\/strong><\/p>\n\n\n\n<p class=\"wp-block-paragraph\">A platformok \u00edgy a gondolkod\u00e1s monop\u00f3liumaiv\u00e1 v\u00e1ltak, privatiz\u00e1lt\u00e1k a digit\u00e1lis figyelemb\u0151l sz\u00e1rmaz\u00f3 profitot, mik\u00f6zben a rendszerszint\u0171 k\u00e1rokat, a t\u00e1rsadalmi koh\u00e9zi\u00f3 sz\u00e9tes\u00e9s\u00e9t, kognit\u00edv visszaes\u00e9st, ment\u00e1lhigi\u00e9n\u00e9s v\u00e1ls\u00e1gokat teljes eg\u00e9sz\u00e9ben \u00e1th\u00e1r\u00edtott\u00e1k a nemzetgazdas\u00e1gokra.<\/p>\n\n\n\n<p class=\"wp-block-paragraph\"><strong>Az aj\u00e1nl\u00f3algoritmusok technol\u00f3giai motorja<\/strong><\/p>\n\n\n\n<p class=\"wp-block-paragraph\">Az aj\u00e1nl\u00f3rendszerek a digit\u00e1lis t\u00e9r l\u00e1thatatlan szerkeszt\u0151iv\u00e9 v\u00e1ltak. Fejl\u0151d\u00e9s\u00fck n\u00e9gy technol\u00f3giai f\u00e1zison kereszt\u00fcl jutott el a mai val\u00f3s idej\u0171 manipul\u00e1ci\u00f3s k\u00e9pess\u00e9gekig.<\/p>\n\n\n\n<p class=\"wp-block-paragraph\"><strong>Els\u0151 gener\u00e1ci\u00f3: Heurisztikus \u00e9s kronol\u00f3giai sz\u0171r\u00e9s<\/strong> &#8211; EdgeRank<br>A korai k\u00f6z\u00f6ss\u00e9gi h\u00e1l\u00f3zatok (Facebook 2007\u20132010) szigor\u00fa ford\u00edtott id\u0151rendi sorrendben mutatt\u00e1k az ismer\u0151s\u00f6k bejegyz\u00e9seit. A tartalomfolyamban megjelen\u0151 elemek rangsorol\u00e1s\u00e1t egy line\u00e1ris heurisztika v\u00e9gezte, a felhaszn\u00e1l\u00f3i affinit\u00e1s, azaz a kapcsolati szoross\u00e1g, a tartalomt\u00edpus s\u00falya, miszerint a k\u00e9pek el\u0151nyben r\u00e9szes\u00fclnek a sima sz\u00f6veggel szemben, \u00e9s az id\u0151beli el\u00e9v\u00fcl\u00e9si faktor hat\u00e1rozta meg a l\u00e1that\u00f3s\u00e1got. Ez a modell m\u00e9g statikus volt \u00e9s kiz\u00e1r\u00f3lag a k\u00f6zvetlen ismer\u0151si h\u00e1l\u00f3zatra t\u00e1maszkodott.<\/p>\n\n\n\n<p class=\"wp-block-paragraph\"><strong>M\u00e1sodik gener\u00e1ci\u00f3:<\/strong> M\u00e9lytanul\u00e1s \u00e9s megtekint\u00e9si id\u0151 &#8211; YouTube Covington-modell<br>A nagysk\u00e1l\u00e1s aj\u00e1nl\u00f3rendszerek technol\u00f3giai m\u00e9rf\u00f6ldk\u00f6v\u00e9t a Google Brain kutat\u00f3i fektett\u00e9k le 2016-ban, a YouTube k\u00e9tszint\u0171 m\u00e9ly neur\u00e1lis h\u00e1l\u00f3zati architekt\u00far\u00e1j\u00e1nak publik\u00e1l\u00e1s\u00e1val:<\/p>\n\n\n\n<ul class=\"wp-block-list\">\n<li><strong>Jel\u00f6ltgener\u00e1l\u00e1s:<\/strong> A t\u00f6bb milli\u00f3 vide\u00f3b\u00f3l \u00e1ll\u00f3 korpuszt n\u00e9h\u00e1ny sz\u00e1z relev\u00e1ns elemre sz\u0171k\u00edti a felhaszn\u00e1l\u00f3 el\u0151zm\u00e9nyeinek be\u00e1gyaz\u00e1si vektorai \u00e9s mintav\u00e9telez\u00e9si elj\u00e1r\u00e1s seg\u00edts\u00e9g\u00e9vel.<\/li>\n<\/ul>\n\n\n\n<ul class=\"wp-block-list\">\n<li><strong>Sorrendbe \u00e1ll\u00edt\u00e1s:<\/strong> A kiv\u00e1lasztott elemeket finomhangolt m\u00e9lyh\u00e1l\u00f3zat \u00e9rt\u00e9keli ki.<\/li>\n<\/ul>\n\n\n\n<p class=\"wp-block-paragraph\">A rendszer legfontosabb d\u00f6nt\u00e9se az volt, hogy a kattint\u00e1si ar\u00e1ny helyett a v\u00e1rhat\u00f3 megtekint\u00e9si id\u0151 maximaliz\u00e1l\u00e1s\u00e1ra \u00e1llt \u00e1t. A kiz\u00e1r\u00f3lag kattint\u00e1sra hajt\u00f3 modellek ugyanis t\u00falzottan elterjesztett\u00e9k a kattint\u00e1svad\u00e1sz tartalmakat. A megtekint\u00e9si id\u0151 prefer\u00e1l\u00e1sa azonban az egyre hosszabb, dramatiz\u00e1lt, konspirat\u00edv vagy felkavar\u00f3 vide\u00f3k t\u00e9rnyer\u00e9s\u00e9hez vezetett, mivel ezek tartott\u00e1k a legm\u00e9lyebben bevonva a n\u00e9z\u0151t.<\/p>\n\n\n\n<p class=\"wp-block-paragraph\"><strong>Harmadik gener\u00e1ci\u00f3: \u00c9rzelmi interakci\u00f3k \u00e9s a d\u00fch s\u00falyoz\u00e1sa &#8211; Meta MSI<\/strong><\/p>\n\n\n\n<p class=\"wp-block-paragraph\">A Meta 2018-ban vezette be a Meaningful Social Interactions (MSI) rangsorol\u00e1st azzal a deklar\u00e1lt c\u00e9llal, hogy a passz\u00edv fogyaszt\u00e1s helyett a bar\u00e1tok \u00e9s csal\u00e1dtagok k\u00f6z\u00f6tti interakci\u00f3kat helyezze el\u0151t\u00e9rbe. <strong>A rendszer az egyszer\u0171 kedvel\u00e9sekn\u00e9l \u00f6tsz\u00f6r nagyobb s\u00falyt adott a hozz\u00e1sz\u00f3l\u00e1soknak, megoszt\u00e1soknak \u00e9s az \u00e9rzelmi reakci\u00f3-emojiknak \u2013 k\u00fcl\u00f6n\u00f6sen a D\u00fch\u00f6s emojinak.<\/strong><\/p>\n\n\n\n<p class=\"wp-block-paragraph\">A kisziv\u00e1rgott bels\u0151 dokumentumok bizony\u00edtott\u00e1k, hogy a Meta saj\u00e1t kutat\u00f3i figyelmeztett\u00e9k a vezet\u00e9st: a d\u00fch\u00f6s reakci\u00f3k \u00f6tsz\u00f6r\u00f6s s\u00falyoz\u00e1sa szisztematikusan fel\u00fclreprezent\u00e1lja a f\u00e9lret\u00e1j\u00e9koztat\u00e1st, az er\u0151szakos h\u00edreket \u00e9s a politikai sz\u00e9ls\u0151s\u00e9geket. Ennek ellen\u00e9re a fels\u0151vezet\u00e9s \u00e9vekig nem v\u00e1ltoztatott a be\u00e1ll\u00edt\u00e1sokon a l\u00e1togatotts\u00e1g- \u00e9s aktivit\u00e1scs\u00f6kken\u00e9st\u0151l val\u00f3 f\u00e9lelem miatt.<\/p>\n\n\n\n<p class=\"wp-block-paragraph\"><strong>Negyedik gener\u00e1ci\u00f3:<\/strong> Val\u00f3s idej\u0171 streaming \u00e9s \u00e9rdekl\u0151d\u00e9si h\u00e1l\u00f3zat &#8211; TikTok Monolith<br>A ByteDance \u00e1ltal kifejlesztett Monolith \u00e9s a modern k\u00e9ttorny\u00fa m\u00e9lytanul\u00e1si modellek alapvet\u0151 \u00e1tt\u00f6r\u00e9st hoztak:<\/p>\n\n\n\n<ul class=\"wp-block-list\">\n<li>\u00c9rdekl\u0151d\u00e9si h\u00e1l\u00f3zat: Nem az ismer\u0151s\u00f6k posztjait, hanem a tiszta viselked\u00e9si mint\u00e1zatokat helyezi el\u0151t\u00e9rbe.<\/li>\n<\/ul>\n\n\n\n<ul class=\"wp-block-list\">\n<li>K\u00e9ttorny\u00fa fel\u00e9p\u00edt\u00e9s: A felhaszn\u00e1l\u00f3i torony a n\u00e9z\u0151 val\u00f3s idej\u0171 reakci\u00f3it k\u00e9pezi le vektorokk\u00e1, m\u00edg az elemtorony a vide\u00f3k vizu\u00e1lis \u00e9s akusztikus jegyeit k\u00f3dolja egy k\u00f6z\u00f6s matematikai t\u00e9rbe.<\/li>\n<\/ul>\n\n\n\n<ul class=\"wp-block-list\">\n<li>Milliszekundumos adapt\u00e1ci\u00f3: A Monolith \u00fctk\u00f6z\u00e9smentes be\u00e1gyaz\u00e1si t\u00e1bl\u00e1kat \u00e9s streaming adatcsatorn\u00e1kat haszn\u00e1l. Ha a felhaszn\u00e1l\u00f3 egy vide\u00f3n\u00e1l ak\u00e1r 200 milliszekundummal lass\u00edtja a g\u00f6rget\u00e9st, a modell azonnal \u00e1tkalibr\u00e1lja az \u00e9rdekl\u0151d\u00e9si profilt, \u00e9s a k\u00f6vetkez\u0151 g\u00f6rget\u00e9sn\u00e9l m\u00e1r az \u00faj inger jelenik meg.<\/li>\n<\/ul>\n\n\n\n<figure class=\"wp-block-image size-full\"><img loading=\"lazy\" decoding=\"async\" width=\"800\" height=\"420\" src=\"https:\/\/digitalnews.hu\/wp-content\/uploads\/2026\/09\/unnamed-5.jpg\" alt=\"\" class=\"wp-image-9808\" srcset=\"https:\/\/digitalnews.hu\/wp-content\/uploads\/2026\/09\/unnamed-5.jpg 800w, https:\/\/digitalnews.hu\/wp-content\/uploads\/2026\/09\/unnamed-5-768x403.jpg 768w\" sizes=\"auto, (max-width: 800px) 100vw, 800px\" \/><\/figure>\n\n\n\n<p class=\"wp-block-paragraph\"><strong>Pszichol\u00f3giai sebezhet\u0151s\u00e9gek \u00e9s a doomscrolling<\/strong><br><\/p>\n\n\n\n<p class=\"wp-block-paragraph\">Az algoritmusok kiemelked\u0151 elk\u00f6telez\u0151d\u00e9si mutat\u00f3i m\u00f6g\u00f6tt az emberi agy evol\u00faci\u00f3s \u00e9s biol\u00f3giai korl\u00e1tainak c\u00e9lzott kihaszn\u00e1l\u00e1sa \u00e1ll.<\/p>\n\n\n\n<p class=\"wp-block-paragraph\"><strong>A nyer\u0151g\u00e9p-mechanizmus &#8211; V\u00e1ltoz\u00f3 ar\u00e1ny\u00fa meger\u0151s\u00edt\u00e9s<\/strong><br>A platformok fel\u00fcletei sz\u00e1nd\u00e9kosan alkalmazz\u00e1k a v\u00e9gtelen g\u00f6rget\u00e9st \u00e9s a leh\u00faz\u00e1ssal friss\u00edt\u00e9st, amik pontosan a j\u00e1t\u00e9kg\u00e9pek pszichol\u00f3gi\u00e1j\u00e1t k\u00e9pezik le.<\/p>\n\n\n\n<p class=\"wp-block-paragraph\">A fel\u00fcletek v\u00e1ltoz\u00f3 ar\u00e1ny\u00fa meger\u0151s\u00edt\u00e9st haszn\u00e1lnak, amiben a felhaszn\u00e1l\u00f3 sosem tudja el\u0151re, hogy a k\u00f6vetkez\u0151 k\u00e9perny\u0151 unalmas posztot, fontos inform\u00e1ci\u00f3t vagy euforikus ingert hoz-e. A neurobiol\u00f3giai kutat\u00e1sok igazolj\u00e1k, hogy a dopamin felszabadul\u00e1sa nem a jutalom \u00e1tv\u00e9telekor, hanem a jutalom <strong>v\u00e1rhat\u00f3 val\u00f3sz\u00edn\u0171s\u00e9g\u00e9nek cs\u00facs\u00e1n, a bizonytalans\u00e1g \u00e1llapot\u00e1ban a leger\u0151sebb<\/strong>, ami k\u00e9nyszeres cselekv\u00e9sre \u00f6szt\u00f6nzi az egy\u00e9nt.<\/p>\n\n\n\n<p class=\"wp-block-paragraph\"><strong>A doomscrolling \u00e9s az evol\u00faci\u00f3s sebezhet\u0151s\u00e9g<\/strong><br><\/p>\n\n\n\n<p class=\"wp-block-paragraph\">A negat\u00edv h\u00edrek k\u00e9nyszeres fogyaszt\u00e1sa, a doomscrolling, a bizonytalans\u00e1ggal val\u00f3 megk\u00fczd\u00e9si mechanizmusk\u00e9nt indul. V\u00e1ls\u00e1ghelyzetekben, j\u00e1rv\u00e1nyok, h\u00e1bor\u00fak, gazdas\u00e1gi megr\u00e1zk\u00f3dtat\u00e1sok idej\u00e9n, az emberi agy evol\u00faci\u00f3s t\u00fal\u00e9l\u00e9si reflexe, a negativit\u00e1si torz\u00edt\u00e1s feler\u0151s\u00f6dik, mivel <strong>a vesz\u00e9lyek elker\u00fcl\u00e9se \u00e9rdek\u00e9ben kiemelt figyelmet szentel\u00fcnk a fenyeget\u0151 inform\u00e1ci\u00f3knak<\/strong>.<\/p>\n\n\n\n<p class=\"wp-block-paragraph\">Az algoritmusok felismerik, hogy a v\u00e9szterhes tartalmak hosszabb megtekint\u00e9si id\u0151t \u00e9s t\u00f6bb reakci\u00f3t gener\u00e1lnak, \u00edgy m\u00e9g t\u00f6bb negat\u00edv ingert t\u00e1pl\u00e1lnak be a h\u00edrfolyamba. Az inform\u00e1ci\u00f3keres\u00e9s \u00edgy nem megnyugv\u00e1shoz vezet, hanem n\u00f6veli a szorong\u00e1st, ami \u00fajabb inform\u00e1ci\u00f3keres\u00e9st v\u00e1lt ki. Ez az \u00f6ngerjeszt\u0151 kognit\u00edv hurok klinikai depresszi\u00f3t, alv\u00e1szavarokat, kr\u00f3nikus nyak- \u00e9s h\u00e1tf\u00e1j\u00e1st \u00e9s d\u00f6nt\u00e9si kimer\u00fclts\u00e9get eredm\u00e9nyez.<\/p>\n\n\n\n<p class=\"wp-block-paragraph\"><strong>Erk\u00f6lcsi fert\u0151z\u00e9s \u00e9s a MAD-modell<\/strong><br><\/p>\n\n\n\n<p class=\"wp-block-paragraph\">William Brady \u00e9s munkat\u00e1rsai kutat\u00e1sai r\u00e1vil\u00e1g\u00edtottak az erk\u00f6lcsi-\u00e9rzelmi fert\u0151z\u00e9s jelens\u00e9g\u00e9re a k\u00f6z\u00f6ss\u00e9gi h\u00e1l\u00f3zatokban a MAD-modell (Motivation, Attention, Design) seg\u00edts\u00e9g\u00e9vel:<\/p>\n\n\n\n<ul class=\"wp-block-list\">\n<li><strong>Motiv\u00e1ci\u00f3:<\/strong> Az egy\u00e9nek csoportidentit\u00e1suk meger\u0151s\u00edt\u00e9se \u00e9s reput\u00e1ci\u00f3juk n\u00f6vel\u00e9se \u00e9rdek\u00e9ben osztanak meg mor\u00e1lisan terhelt tartalmakat. A k\u00fcls\u0151 csoportokkal szembeni megvet\u00e9s kifejez\u00e9se kiemelked\u0151 elk\u00f6telez\u0151d\u00e9st gener\u00e1l.<\/li>\n<\/ul>\n\n\n\n<ul class=\"wp-block-list\">\n<li><strong>Figyelem:<\/strong> Az erk\u00f6lcsi-\u00e9rzelmi kifejez\u00e9sek megragadj\u00e1k a korl\u00e1tozott kognit\u00edv kapacit\u00e1st. Minden egyes hozz\u00e1adott erk\u00f6lcsi-\u00e9rzelmi sz\u00f3 (sz\u00e9gyen, gonosz, felh\u00e1bor\u00edt\u00f3) <strong>13\u201324%-kal n\u00f6veli az adott bejegyz\u00e9s tov\u00e1bboszt\u00e1si ar\u00e1ny\u00e1t.<\/strong><\/li>\n<\/ul>\n\n\n\n<ul class=\"wp-block-list\">\n<li><strong>Tervez\u00e9s:<\/strong> A platformok fel\u00fcletei a virtu\u00e1lis meger\u0151s\u00edt\u00e9sekkel (l\u00e1jkok, megoszt\u00e1sok) jutalmazz\u00e1k a mor\u00e1lis felh\u00e1borod\u00e1st, arra kondicion\u00e1lva a felhaszn\u00e1l\u00f3t, hogy a nyilv\u00e1nos d\u00fch t\u00e1rsadalmilag kifizet\u0151d\u0151 viselked\u00e9s.<\/li>\n<\/ul>\n\n\n\n<p class=\"wp-block-paragraph\"><strong>Strat\u00e9giai \u00e9s int\u00e9zm\u00e9nyi kock\u00e1zatok<\/strong><\/p>\n\n\n\n<p class=\"wp-block-paragraph\">A figyelemgazdas\u00e1g m\u0171k\u00f6d\u00e9se messze t\u00falmutat az egy\u00e9ni szf\u00e9r\u00e1n; k\u00f6zvetlen nemzetbiztons\u00e1gi, makrogazdas\u00e1gi \u00e9s \u00e1llamigazgat\u00e1si kock\u00e1zatokat teremt.<\/p>\n\n\n\n<p class=\"wp-block-paragraph\"><strong>Demokratikus k\u00f6zszf\u00e9ra \u00e9s pszichometriai mikroc\u00e9lz\u00e1s<\/strong><\/p>\n\n\n\n<p class=\"wp-block-paragraph\">A Cambridge Analytica \u00e9s az azt k\u00f6vet\u0151 m\u0171veletek megmutatt\u00e1k, mik\u00e9nt lehet a Big Five (OCEAN: nyitotts\u00e1g, lelkiismeretess\u00e9g, extroverzi\u00f3, bar\u00e1ts\u00e1goss\u00e1g, neuroticizmus) szem\u00e9lyis\u00e9gmodellt a digit\u00e1lis l\u00e1bnyomokhoz illeszteni:<\/p>\n\n\n\n<ul class=\"wp-block-list\">\n<li>A magas szorong\u00e1sra hajlamos (magas neuroticizmus\u00fa) szavaz\u00f3k f\u00e9lelemkelt\u0151 \u00e9s fenyeget\u00e9salap\u00fa hirdet\u00e9seket kaptak, m\u00edg a rendp\u00e1rtiak a hagyom\u00e1nyokat hangs\u00falyoz\u00f3 \u00fczeneteket.<\/li>\n<\/ul>\n\n\n\n<ul class=\"wp-block-list\">\n<li>A k\u00f6z\u00f6s val\u00f3s\u00e1g megsz\u0171n\u00e9se: Amikor a v\u00e1laszt\u00f3polg\u00e1rok az algoritmusok miatt egym\u00e1st kiz\u00e1r\u00f3 inform\u00e1ci\u00f3s val\u00f3s\u00e1gokban \u00e9lnek, megsz\u0171nik a k\u00f6z\u00f6s t\u00e9nyalap, ami a t\u00e1rsadalmi kompromisszumk\u00f6t\u00e9s \u00e9s a demokratikus p\u00e1rbesz\u00e9d megb\u00e9nul\u00e1s\u00e1hoz vezet.<\/li>\n<\/ul>\n\n\n\n<p class=\"wp-block-paragraph\"><strong>Kiberbiztons\u00e1g \u00e9s kognit\u00edv hadvisel\u00e9s<\/strong><\/p>\n\n\n\n<p class=\"wp-block-paragraph\">A t\u00e1mad\u00e1si form\u00e1k c\u00e9lpontja ma m\u00e1r nem puszt\u00e1n az informatikai infrastrukt\u00fara, hanem az emberi \u00e9szlel\u00e9s \u00e9s d\u00f6nt\u00e9shozatal:<\/p>\n\n\n\n<ul class=\"wp-block-list\">\n<li><strong>D\u00f6nt\u00e9si kimer\u00fclts\u00e9g:<\/strong> A folyamatos ingertel\u00edtetts\u00e9g \u00e9s a doomscrolling lebontja a kritikai gondolkod\u00e1si kapacit\u00e1st. A kimer\u00fclt munkat\u00e1rsak nagys\u00e1grendekkel nagyobb es\u00e9llyel v\u00e1lnak a c\u00e9lzott adathal\u00e1szat \u00e9s a szoci\u00e1lis manipul\u00e1ci\u00f3 \u00e1ldozat\u00e1v\u00e1.<\/li>\n<\/ul>\n\n\n\n<ul class=\"wp-block-list\">\n<li><strong>\u00c1llami szint\u0171 befoly\u00e1sol\u00e1s:<\/strong> A felh\u00e1borod\u00e1st feler\u0151s\u00edt\u0151 aj\u00e1nl\u00f3motorok k\u00e9sz terepet biztos\u00edtanak a k\u00fclf\u00f6ldi \u00e1llami dezinform\u00e1ci\u00f3s m\u0171veletek sz\u00e1m\u00e1ra a t\u00e1rsadalmi koh\u00e9zi\u00f3 felbont\u00e1s\u00e1ra \u00e9s az int\u00e9zm\u00e9nyekbe vetett bizalom al\u00e1\u00e1s\u00e1s\u00e1ra.<\/li>\n<\/ul>\n\n\n\n<p class=\"wp-block-paragraph\"><strong>Makrogazdas\u00e1gi \u00e9s termel\u00e9kenys\u00e9gi vesztes\u00e9g<\/strong><\/p>\n\n\n\n<p class=\"wp-block-paragraph\">A hum\u00e1nt\u0151ke kognit\u00edv kapacit\u00e1s\u00e1nak roml\u00e1sa m\u00e9rhet\u0151 gazdas\u00e1gi k\u00e1rt okoz. A francia P\u00e9nz\u00fcgyminiszt\u00e9rium hat\u00e1stanulm\u00e1nya szerint a k\u00e9perny\u0151id\u0151-f\u00fcgg\u0151s\u00e9gb\u0151l fakad\u00f3 figyelemzavar \u00e9s ment\u00e1lis degrad\u00e1ci\u00f3 hossz\u00fa t\u00e1von, <strong>2060-ig 1,4\u20132,9 sz\u00e1zal\u00e9kpontos GDP-vesztes\u00e9get jelenthet<\/strong>, mik\u00f6zben az eg\u00e9szs\u00e9g\u00fcgyi rendszerekre jelent\u0151s t\u00f6bbletteher h\u00e1rul a ment\u00e1lis ell\u00e1t\u00e1s finansz\u00edroz\u00e1sa miatt.<\/p>\n\n\n\n<p class=\"wp-block-paragraph\"><strong>Glob\u00e1lis jogi \u00e9s szab\u00e1lyoz\u00e1si fordulat<\/strong><br>A 2024\u20132026-os id\u0151szak v\u00edzv\u00e1laszt\u00f3nak bizonyult: a b\u00edr\u00f3s\u00e1gok \u00e9s a jogalkot\u00f3k megsz\u00fcntett\u00e9k a Big Tech platformok kor\u00e1bbi jogi \u00e9rinthetetlens\u00e9g\u00e9t.<\/p>\n\n\n\n<figure class=\"wp-block-image size-full\"><img loading=\"lazy\" decoding=\"async\" width=\"800\" height=\"1046\" src=\"https:\/\/digitalnews.hu\/wp-content\/uploads\/2026\/09\/unnamed-6.jpg\" alt=\"\" class=\"wp-image-9809\" srcset=\"https:\/\/digitalnews.hu\/wp-content\/uploads\/2026\/09\/unnamed-6.jpg 800w, https:\/\/digitalnews.hu\/wp-content\/uploads\/2026\/09\/unnamed-6-768x1004.jpg 768w, https:\/\/digitalnews.hu\/wp-content\/uploads\/2026\/09\/unnamed-6-783x1024.jpg 783w\" sizes=\"auto, (max-width: 800px) 100vw, 800px\" \/><\/figure>\n\n\n\n<p class=\"wp-block-paragraph\"><strong>A Section 230 jogi \u00e1tt\u00f6r\u00e9se<\/strong><\/p>\n\n\n\n<p class=\"wp-block-paragraph\">Az Egyes\u00fclt \u00c1llamokban a technol\u00f3giai c\u00e9gek \u00e9vtizedekig a Communications Decency Act 230-as cikkelye m\u00f6g\u00e9 b\u00fajtak, amely kimondta, hogy a platformok nem tehet\u0151k felel\u0151ss\u00e9 a harmadik felek \u00e1ltal k\u00f6zz\u00e9tett tartalmak\u00e9rt. Az \u00faj b\u00edr\u00f3s\u00e1gi gyakorlat azonban r\u00e1mutatott: <strong>a perek t\u00e1rgya nem a k\u00f6zz\u00e9tett tartalom, hanem maguk a f\u00fcgg\u0151s\u00e9get kiv\u00e1lt\u00f3 m\u00e9rn\u00f6ki funkci\u00f3k<\/strong>, a v\u00e9gtelen g\u00f6rget\u00e9s, az automatikus lej\u00e1tsz\u00e1s, a manipulat\u00edv \u00e9rtes\u00edt\u00e9sek. Ez\u00e1ltal a tech c\u00e9gek a hagyom\u00e1nyos term\u00e9kfelel\u0151ss\u00e9gi jog hat\u00e1lya al\u00e1 ker\u00fcltek, ak\u00e1rcsak kor\u00e1bban a doh\u00e1nygy\u00e1rak.<\/p>\n\n\n\n<p class=\"wp-block-paragraph\"><strong>Mit tehet\u00fcnk?<\/strong><\/p>\n\n\n\n<p class=\"wp-block-paragraph\">A d\u00f6nt\u00e9shoz\u00f3k feladata a passz\u00edv k\u00e1rment\u00e9s helyett a digit\u00e1lis v\u00e9delem \u00e9s int\u00e9zm\u00e9nyi ellen\u00e1ll\u00f3k\u00e9pess\u00e9g kialak\u00edt\u00e1sa h\u00e1rom egym\u00e1sra \u00e9p\u00fcl\u0151 pill\u00e9r ment\u00e9n.<\/p>\n\n\n\n<p class=\"wp-block-paragraph\"><strong>Szab\u00e1lyoz\u00f3i \u00e9s k\u00f6zpolitikai szint<\/strong><br><\/p>\n\n\n\n<ul class=\"wp-block-list\">\n<li><strong>Alap\u00e9rtelmezett v\u00e9delem:<\/strong> T\u00f6rv\u00e9nyileg kell el\u0151\u00edrni, hogy a kiskor\u00faak sz\u00e1m\u00e1ra az addikt\u00edv funkci\u00f3k alap\u00e9rtelmezetten ki legyenek kapcsolva.<\/li>\n<\/ul>\n\n\n\n<ul class=\"wp-block-list\">\n<li><strong>Proszoci\u00e1lis technol\u00f3gi\u00e1k \u00f6szt\u00f6nz\u00e9se:<\/strong> T\u00e1mogatni kell az olyan konszenzus-orient\u00e1lt megold\u00e1sokat, mint a k\u00f6z\u00f6ss\u00e9gi min\u0151s\u00edt\u00e9s vagy a h\u00edd-algoritmusok, amelyek nem a felh\u00e1borod\u00e1s sz\u00edt\u00e1s\u00e1ra, hanem a k\u00fcl\u00f6nb\u00f6z\u0151 v\u00e9lem\u00e9nycsoportok k\u00f6z\u00f6tti k\u00f6z\u00f6s pontok megtal\u00e1l\u00e1s\u00e1ra optimaliz\u00e1lnak.<\/li>\n<\/ul>\n\n\n\n<ul class=\"wp-block-list\">\n<li><strong>F\u00fcggetlen algoritmus-auditok:<\/strong> Biztos\u00edtani kell a f\u00fcggetlen kutat\u00f3k \u00e9s hat\u00f3s\u00e1gok (NMHH, Eur\u00f3pai Bizotts\u00e1g) k\u00f6zvetlen hozz\u00e1f\u00e9r\u00e9s\u00e9t az aj\u00e1nl\u00f3motorok viselked\u00e9si \u00e9s rangsorol\u00e1si adataihoz.<\/li>\n<\/ul>\n\n\n\n<p class=\"wp-block-paragraph\"><strong>Oktat\u00e1si \u00e9s ifj\u00fas\u00e1gv\u00e9delmi szint<\/strong><\/p>\n\n\n\n<ul class=\"wp-block-list\">\n<li><strong>Eszk\u00f6zmentes tanul\u00e1si k\u00f6rnyezet:<\/strong> \u00c1llami programokkal kell megval\u00f3s\u00edtani az iskolai telefonmentes k\u00f6rnyezetet, megsz\u00fcntetve a tan\u00edt\u00e1si id\u0151 alatti folyamatos \u00e9rtes\u00edt\u00e9si k\u00e9szenl\u00e9tet.<\/li>\n<\/ul>\n\n\n\n<ul class=\"wp-block-list\">\n<li><strong>Kognit\u00edv higi\u00e9nia a tantervben:<\/strong> A m\u00e9diaismeret tanterv\u00e9t ki kell eg\u00e9sz\u00edteni, mivel a forr\u00e1skritik\u00e1n t\u00fal a di\u00e1koknak meg kell \u00e9rteni\u00fck a dopamin-visszacsatol\u00e1si hurkok \u00e9s a figyelemgazdas\u00e1g \u00fczleti modellj\u00e9nek m\u0171k\u00f6d\u00e9s\u00e9t.<\/li>\n<\/ul>\n\n\n\n<p class=\"wp-block-paragraph\"><strong>Szervezeti \u00e9s v\u00e1llalati szint, k\u00f6zigazgat\u00e1s \u00e9s versenyszf\u00e9ra<\/strong><\/p>\n\n\n\n<ul class=\"wp-block-list\">\n<li><strong>Kognit\u00edv f\u00e1radts\u00e1g kezel\u00e9se a biztons\u00e1gpolitik\u00e1ban:<\/strong> A szervezeti kiberbiztons\u00e1gi tr\u00e9ningekbe be kell \u00e9p\u00edteni a d\u00f6nt\u00e9si kimer\u00fclts\u00e9g \u00e9s az \u00e9rzelmi manipul\u00e1ci\u00f3 elleni v\u00e9dekez\u00e9st.<\/li>\n<\/ul>\n\n\n\n<ul class=\"wp-block-list\">\n<li><strong>T\u00f6bbl\u00e9pcs\u0151s d\u00f6nt\u00e9si folyamatok:<\/strong> A kiemelt p\u00e9nz\u00fcgyi tranzakci\u00f3k vagy jogosults\u00e1g-m\u00f3dos\u00edt\u00e1sok eset\u00e9n k\u00f6telez\u0151 k\u00e9sleltet\u00e9si ablakokat \u00e9s n\u00e9gy-szem elv\u0171 ellen\u0151rz\u00e9seket kell bevezetni az \u00e9rzelmileg manipul\u00e1lt, azonnali d\u00f6nt\u00e9sek kik\u00fcsz\u00f6b\u00f6l\u00e9s\u00e9re.<\/li>\n<\/ul>\n\n\n\n<ul class=\"wp-block-list\">\n<li><strong>Koncentr\u00e1lt munkas\u00e1vok:<\/strong> A digit\u00e1lis t\u00falterhelts\u00e9g cs\u00f6kkent\u00e9s\u00e9re a szervezeti kult\u00far\u00e1ban be kell vezetni az \u00e9rtes\u00edt\u00e9smentes, f\u00f3kusz\u00e1lt munkablokkokat.<\/li>\n<\/ul>\n\n\n\n<p class=\"wp-block-paragraph\">A figyelemgazdas\u00e1g jelenlegi form\u00e1j\u00e1ban fenntarthatatlan t\u00e1rsadalmi \u00e9s gazdas\u00e1gi k\u00f6lts\u00e9geket termel. A technol\u00f3giai fejl\u0151d\u00e9s nem \u00e1ll\u00edthat\u00f3 meg, de a szab\u00e1lyoz\u00e1si k\u00f6rnyezet \u00fajradefini\u00e1lhat\u00f3.<\/p>\n\n\n\n<p class=\"wp-block-paragraph\">A d\u00f6nt\u00e9shoz\u00f3k strat\u00e9giai feladata egy olyan digit\u00e1lis \u00f6kosziszt\u00e9ma megteremt\u00e9se, amely <strong>az emberi kognit\u00edv m\u00e9lt\u00f3s\u00e1got, a t\u00e1rsadalmi koh\u00e9zi\u00f3t \u00e9s az \u00e1tl\u00e1that\u00f3 elsz\u00e1moltathat\u00f3s\u00e1got helyezi el\u0151t\u00e9rbe.<\/strong><\/p>\n\n\n\n<p class=\"wp-block-paragraph\"><mark style=\"background-color:#9b51e0\" class=\"has-inline-color has-white-color\">Tov\u00e1bb a cikkre:<\/mark>  <a href=\"https:\/\/www.cyberthreat.report\/p\/a-figyelem-mint-digitalis-fizetoeszkoz?utm_campaign=email-post&amp;r=1v7zot&amp;utm_source=substack&amp;utm_medium=email\" target=\"_blank\" rel=\"noopener\">cyberthreat.report<\/a> (Fr\u00e9sz Ferenc)<\/p>\n\n\n\n<h1 class=\"wp-block-heading\">Kapcsol\u00f3d\u00f3 podcast vide\u00f3: <\/h1>\n\n\n\n<figure class=\"wp-block-embed is-type-video is-provider-youtube wp-block-embed-youtube wp-embed-aspect-16-9 wp-has-aspect-ratio\"><div class=\"wp-block-embed__wrapper\">\n<iframe loading=\"lazy\" title=\"Neurobiol\u00f3gus: Bizony\u00edtott, hogy ez teljesen megv\u00e1ltoztatja az agyad\" width=\"640\" height=\"360\" src=\"https:\/\/www.youtube.com\/embed\/0WnmIXrDfD0?feature=oembed\" frameborder=\"0\" allow=\"accelerometer; autoplay; clipboard-write; encrypted-media; gyroscope; picture-in-picture; web-share\" referrerpolicy=\"strict-origin-when-cross-origin\" allowfullscreen><\/iframe>\n<\/div><\/figure>\n","protected":false},"excerpt":{"rendered":"<p>Elemz\u00e9s az aj\u00e1nl\u00f3algoritmusok m\u0171k\u00f6d\u00e9s\u00e9r\u0151l, t\u00e1rsadalmi-gazdas\u00e1gi-biztons\u00e1gi kock\u00e1zatair\u00f3l \u00e9s a szab\u00e1lyoz\u00e1si v\u00e1laszl\u00e9p\u00e9sekr\u0151l A digit\u00e1lis inform\u00e1ci\u00f3s t\u00e1rsadalom fejl\u0151d\u00e9se alapjaiban k\u00e9rd\u0151jelezi meg a gazdas\u00e1gi&hellip;<\/p>\n","protected":false},"author":1,"featured_media":9805,"comment_status":"closed","ping_status":"closed","sticky":true,"template":"","format":"standard","meta":{"footnotes":""},"categories":[55],"tags":[],"class_list":["post-9804","post","type-post","status-publish","format-standard","has-post-thumbnail","hentry","category-social-media"],"_links":{"self":[{"href":"https:\/\/digitalnews.hu\/index.php?rest_route=\/wp\/v2\/posts\/9804","targetHints":{"allow":["GET"]}}],"collection":[{"href":"https:\/\/digitalnews.hu\/index.php?rest_route=\/wp\/v2\/posts"}],"about":[{"href":"https:\/\/digitalnews.hu\/index.php?rest_route=\/wp\/v2\/types\/post"}],"author":[{"embeddable":true,"href":"https:\/\/digitalnews.hu\/index.php?rest_route=\/wp\/v2\/users\/1"}],"replies":[{"embeddable":true,"href":"https:\/\/digitalnews.hu\/index.php?rest_route=%2Fwp%2Fv2%2Fcomments&post=9804"}],"version-history":[{"count":1,"href":"https:\/\/digitalnews.hu\/index.php?rest_route=\/wp\/v2\/posts\/9804\/revisions"}],"predecessor-version":[{"id":9810,"href":"https:\/\/digitalnews.hu\/index.php?rest_route=\/wp\/v2\/posts\/9804\/revisions\/9810"}],"wp:featuredmedia":[{"embeddable":true,"href":"https:\/\/digitalnews.hu\/index.php?rest_route=\/wp\/v2\/media\/9805"}],"wp:attachment":[{"href":"https:\/\/digitalnews.hu\/index.php?rest_route=%2Fwp%2Fv2%2Fmedia&parent=9804"}],"wp:term":[{"taxonomy":"category","embeddable":true,"href":"https:\/\/digitalnews.hu\/index.php?rest_route=%2Fwp%2Fv2%2Fcategories&post=9804"},{"taxonomy":"post_tag","embeddable":true,"href":"https:\/\/digitalnews.hu\/index.php?rest_route=%2Fwp%2Fv2%2Ftags&post=9804"}],"curies":[{"name":"wp","href":"https:\/\/api.w.org\/{rel}","templated":true}]}}