{"id":9811,"date":"2026-09-03T00:59:49","date_gmt":"2026-09-02T22:59:49","guid":{"rendered":"https:\/\/digitalnews.hu\/?p=9811"},"modified":"2026-09-03T00:59:49","modified_gmt":"2026-09-02T22:59:49","slug":"ilyen-meg-nem-volt-magyarorszagon-humanoid-robot-tette-le-az-elsoevesek-eskujet","status":"publish","type":"post","link":"https:\/\/digitalnews.hu\/?p=9811","title":{"rendered":"Ilyen m\u00e9g nem volt Magyarorsz\u00e1gon: humanoid robot tette le az els\u0151\u00e9vesek esk\u00fcj\u00e9t"},"content":{"rendered":"\n<p class=\"wp-block-paragraph\">A j\u00f6v\u0151 egyetem\u00e9t megid\u00e9z\u0151 tan\u00e9vnyit\u00f3t tartott a G\u00e1bor D\u00e9nes Egyetem (GDE), amelyen az avatartechnol\u00f3gia mellett akt\u00edv szerepet kapott \u2013 \u00e9s az els\u0151\u00e9vesek esk\u00fcj\u00e9t is letette \u2013 az int\u00e9zm\u00e9nybe a k\u00f6zelm\u00faltban \u00e9rkezett humanoid robot.<br>Az int\u00e9zm\u00e9ny ir\u00e1nt folyamatosan n\u0151 az \u00e9rdekl\u0151d\u00e9s, az idei tan\u00e9vben m\u00e1r t\u00f6bb mint ezer hallgat\u00f3 kezdi meg az els\u0151 \u00e9v\u00e9t, ami 24 sz\u00e1zal\u00e9kos emelked\u00e9st jelent az elm\u00falt tan\u00e9vhez k\u00e9pest \u2013 ez az orsz\u00e1gos n\u00f6veked\u00e9s \u00f6tsz\u00f6r\u00f6se, vil\u00e1g\u00edtott r\u00e1 Zim\u00e1nyi Krisztina, a G\u00e1bor D\u00e9nes Egyetem rektora nyit\u00f3besz\u00e9d\u00e9ben.<\/p>\n\n\n\n<p class=\"wp-block-paragraph\">A rektor hozz\u00e1tette, az int\u00e9zm\u00e9ny c\u00e9lja, hogy az alapk\u00e9pz\u00e9sen a hagyom\u00e1nyos el\u0151ad\u00e1sokat z\u00e1rt rendszer\u0171 digit\u00e1lis tananyagokkal v\u00e1lts\u00e1k ki. Ez azonban nem jelenti a szem\u00e9lyes kapcsolatok megsz\u0171n\u00e9s\u00e9t. \u00c9ppen ellenkez\u0151leg: azt szeretn\u00e9k, hogy a k\u00f6z\u00f6s id\u0151 m\u00e9g \u00e9rt\u00e9kesebb\u00e9 v\u00e1ljon, \u00e9s az \u00f3r\u00e1kon egy\u00fctt gondolkodjon, k\u00e9rdezzen \u00e9s vitatkozzon oktat\u00f3 \u00e9s hallgat\u00f3.<\/p>\n\n\n\n<p class=\"wp-block-paragraph\"><strong>Humanoid robot tette le az els\u0151\u00e9vesek esk\u00fcj\u00e9t<\/strong><\/p>\n\n\n\n<p class=\"wp-block-paragraph\">Dietz Ferenc, a G\u00e1bor D\u00e9nes Egyetem eln\u00f6ke kiemelte, hogy a bizalmat, amit az egyetem v\u00e1laszt\u00e1sakor adtak a hallgat\u00f3k, a k\u00f6z\u00f6s munk\u00e1val lehet meger\u0151s\u00edteni.<\/p>\n\n\n\n<p class=\"wp-block-paragraph\"><strong>Diploma \u2013 lez\u00e1r\u00e1s \u00e9s \u00faj kezdet<\/strong><\/p>\n\n\n\n<p class=\"wp-block-paragraph\">Az egyetem nem b\u00facs\u00fazik v\u00e9glegesen a diplom\u00e1j\u00e1t most \u00e1tvev\u0151 k\u00f6zel 300 frissen v\u00e9gzett szakembert\u0151l sem, hiszen a mesterk\u00e9pz\u00e9s mellett t\u00f6bbek k\u00f6z\u00f6tt sz\u00e1mos r\u00f6vid, mikrotan\u00fas\u00edtv\u00e1nyos k\u00e9pz\u00e9st is k\u00edn\u00e1l sz\u00e1mukra a lifelong learning jegy\u00e9ben.<\/p>\n\n\n\n<p class=\"wp-block-paragraph\">&#8222;A technol\u00f3giai fejl\u0151d\u00e9s, a digitaliz\u00e1ci\u00f3 \u00e9s a mesters\u00e9ges intelligencia \u00faj lehet\u0151s\u00e9geket, de \u00faj felel\u0151ss\u00e9geket is teremt. Ez\u00e9rt a mai diploma annak a meger\u0151s\u00edt\u00e9s\u00e9t jelentse, hogy k\u00e9pesek \u00e9s k\u00e9szek eg\u00e9sz \u00e9let\u00fck sor\u00e1n fejl\u0151dni. A tud\u00e1s ma m\u00e1r nem egyszer megszerzend\u0151 eredm\u00e9ny, hanem folyamatosan meg\u00fajul\u00f3 er\u0151forr\u00e1s, diplom\u00e1saink alumnik\u00f6z\u00f6ss\u00e9ge pedig kiv\u00e1l\u00f3 lehet\u0151s\u00e9g tapasztalatcser\u00e9re \u00e9s egy\u00fcttm\u0171k\u00f6d\u00e9sre a j\u00f6v\u0151ben is&#8221;  \u2013 mondta el Zim\u00e1nyi Krisztina besz\u00e9d\u00e9ben. A frissdiplom\u00e1sokhoz sz\u00f3lt Dietz Ferenc is, amikor a k\u00f6sz\u00f6net fontoss\u00e1g\u00e1ra h\u00edvta fel a figyelmet: \u201eNe csak arra gondoljanak, amit egyed\u00fcl teljes\u00edtettek az egyetemi \u00e9vek sor\u00e1n, hanem arra is, kit\u0151l kaptak szakmai ir\u00e1nymutat\u00e1st, seg\u00edts\u00e9get vagy egyszer\u0171en csak id\u0151t \u00e9s t\u00fcrelmet.\u201d<\/p>\n\n\n\n<p class=\"wp-block-paragraph\"><strong>\u201eA diploma szem\u00e9lyes, de nem mag\u00e1nyos teljes\u00edtm\u00e9ny!\u201d<\/strong> \u2013 hangs\u00falyozta. A fels\u0151oktat\u00e1s val\u00f3di megm\u00e9rettet\u00e9se nem az egyetem falain bel\u00fcl, hanem azon t\u00fal zajlik. Ezt m\u00e1r Fauszt Andr\u00e1s, a G\u00e1bor D\u00e9nes Fels\u0151oktat\u00e1si Alap\u00edtv\u00e1ny kurat\u00f3rium\u00e1nak k\u00e9pviselet\u00e9ben hangs\u00falyozta, aki nemcsak szem\u00e9lyesen volt jelen az esem\u00e9nyen, hanem a legmodernebb technol\u00f3gi\u00e1val k\u00e9sz\u00fclt, a megt\u00e9veszt\u00e9sig hasonl\u00f3 avatarj\u00e1val is:<\/p>\n\n\n\n<p class=\"wp-block-paragraph\">Az egyetem igazi \u00e9rt\u00e9ke v\u00e9g\u00fcl mindig azokban az emberekben m\u00e9rhet\u0151, akik innen kil\u00e9pnek a vil\u00e1gba. A tud\u00e1s pedig akkor v\u00e1lik igaz\u00e1n \u00e9rt\u00e9kess\u00e9, amikor \u00e1tl\u00e9pi a k\u00f6nyvek, a laborat\u00f3riumok \u00e9s az el\u0151ad\u00f3termek fal\u00e1t, \u00e9s jobb\u00e1 teszi az emberek \u00e9let\u00e9t.<\/p>\n\n\n\n<p class=\"wp-block-paragraph\">Az esem\u00e9ny megh\u00edvott vend\u00e9ge volt dr. Pet\u00e1k Istv\u00e1n nemzetk\u00f6zileg elismert r\u00e1kkutat\u00f3.<\/p>\n\n\n\n<p class=\"wp-block-paragraph\"><mark style=\"background-color:#9b51e0\" class=\"has-inline-color has-white-color\">Tov\u00e1bb a cikkre:<\/mark> <a href=\"https:\/\/index.hu\/techtud\/2026\/09\/02\/aisummit2026-gabor-denes-egyetem-humanoid-robot-dietz-ferenc-ai-summit\/\" target=\"_blank\" rel=\"noopener\">index.hu<\/a> (R\u00e1di Bal\u00e1zs)<\/p>\n","protected":false},"excerpt":{"rendered":"<p>A j\u00f6v\u0151 egyetem\u00e9t megid\u00e9z\u0151 tan\u00e9vnyit\u00f3t tartott a G\u00e1bor D\u00e9nes Egyetem (GDE), amelyen az avatartechnol\u00f3gia mellett akt\u00edv szerepet kapott \u2013 \u00e9s&hellip;<\/p>\n","protected":false},"author":1,"featured_media":9812,"comment_status":"closed","ping_status":"closed","sticky":false,"template":"","format":"standard","meta":{"footnotes":""},"categories":[18],"tags":[],"class_list":["post-9811","post","type-post","status-publish","format-standard","has-post-thumbnail","hentry","category-robotika"],"_links":{"self":[{"href":"https:\/\/digitalnews.hu\/index.php?rest_route=\/wp\/v2\/posts\/9811","targetHints":{"allow":["GET"]}}],"collection":[{"href":"https:\/\/digitalnews.hu\/index.php?rest_route=\/wp\/v2\/posts"}],"about":[{"href":"https:\/\/digitalnews.hu\/index.php?rest_route=\/wp\/v2\/types\/post"}],"author":[{"embeddable":true,"href":"https:\/\/digitalnews.hu\/index.php?rest_route=\/wp\/v2\/users\/1"}],"replies":[{"embeddable":true,"href":"https:\/\/digitalnews.hu\/index.php?rest_route=%2Fwp%2Fv2%2Fcomments&post=9811"}],"version-history":[{"count":1,"href":"https:\/\/digitalnews.hu\/index.php?rest_route=\/wp\/v2\/posts\/9811\/revisions"}],"predecessor-version":[{"id":9813,"href":"https:\/\/digitalnews.hu\/index.php?rest_route=\/wp\/v2\/posts\/9811\/revisions\/9813"}],"wp:featuredmedia":[{"embeddable":true,"href":"https:\/\/digitalnews.hu\/index.php?rest_route=\/wp\/v2\/media\/9812"}],"wp:attachment":[{"href":"https:\/\/digitalnews.hu\/index.php?rest_route=%2Fwp%2Fv2%2Fmedia&parent=9811"}],"wp:term":[{"taxonomy":"category","embeddable":true,"href":"https:\/\/digitalnews.hu\/index.php?rest_route=%2Fwp%2Fv2%2Fcategories&post=9811"},{"taxonomy":"post_tag","embeddable":true,"href":"https:\/\/digitalnews.hu\/index.php?rest_route=%2Fwp%2Fv2%2Ftags&post=9811"}],"curies":[{"name":"wp","href":"https:\/\/api.w.org\/{rel}","templated":true}]}}