{"id":9825,"date":"2026-09-03T23:05:23","date_gmt":"2026-09-03T21:05:23","guid":{"rendered":"https:\/\/digitalnews.hu\/?p=9825"},"modified":"2026-09-03T23:06:00","modified_gmt":"2026-09-03T21:06:00","slug":"mi-lesz-akkor-ha-kina-teljesen-levalik-a-nyugati-technologiakrol","status":"publish","type":"post","link":"https:\/\/digitalnews.hu\/?p=9825","title":{"rendered":"Mi lesz akkor, ha K\u00edna teljesen lev\u00e1lik a nyugati technol\u00f3gi\u00e1kr\u00f3l?"},"content":{"rendered":"\n<p class=\"wp-block-paragraph\">A Microsoft visszavonul\u00e1sa a k\u00ednai piacr\u00f3l csak egyetlen l\u00e1tv\u00e1nyos r\u00e9szlete egy j\u00f3val sz\u00e9lesebb \u00e1talakul\u00e1si folyamatnak. Peking \u00e9vtizedeken \u00e1t import\u00e1lta, lem\u00e1solta, tov\u00e1bbfejlesztette, ellopta, \u00e9s v\u00e9g\u00fcl egyre t\u00f6bb ter\u00fcleten ki is v\u00e1ltotta vagy saj\u00e1tj\u00e1ra cser\u00e9lte a nyugati technol\u00f3gi\u00e1t.<br>De hogyan tov\u00e1bb, amikor a folyamat m\u00e9g messze nem \u00e9rt v\u00e9get, de az ir\u00e1nya egy\u00e9rtelm\u0171? N\u00e9h\u00e1ny ipar\u00e1gban m\u00e1r megfordult a r\u00e9gi f\u00fcgg\u0151s\u00e9g, \u00e9s ma ott tartunk, hogy ink\u00e1bb a Nyugat pr\u00f3b\u00e1lja cs\u00f6kkenteni a saj\u00e1t k\u00ednai kiszolg\u00e1ltatotts\u00e1g\u00e1t.<\/p>\n\n\n\n<p class=\"wp-block-paragraph\">A Reuters jelent\u00e9se szerint p\u00e9ld\u00e1ul K\u00edna megkezdte a hazai fejleszt\u00e9s\u0171 immerszi\u00f3s m\u00e9lyibolya-l\u00edtogr\u00e1fiag\u00e9pek t\u00f6meggy\u00e1rt\u00e1s\u00e1t. Ez egy olyan technol\u00f3gia, amely l\u00e9tfontoss\u00e1g\u00fa a fejlett chipgy\u00e1rt\u00e1shoz, \u00e9s Peking ezzel jelent\u0151s l\u00e9p\u00e9st tett a k\u00fclf\u00f6ldi technol\u00f3gi\u00e1kt\u00f3l val\u00f3 f\u00fcgg\u0151s\u00e9ge lek\u00fczd\u00e9s\u00e9ben.<\/p>\n\n\n\n<figure class=\"wp-block-embed is-type-rich is-provider-twitter wp-block-embed-twitter\"><div class=\"wp-block-embed__wrapper\">\n<blockquote class=\"twitter-tweet\" data-width=\"550\" data-dnt=\"true\"><p lang=\"en\" dir=\"ltr\">Exclusive: China has begun mass producing domestically developed immersion deep-ultraviolet lithography machines, a technology crucial to advanced chipmaking, marking a key step forward in Beijing&#39;s drive to reduce its reliance on foreign technologies <a href=\"https:\/\/t.co\/jFIWhQvLXE\">https:\/\/t.co\/jFIWhQvLXE<\/a><\/p>&mdash; Reuters (@Reuters) <a href=\"https:\/\/x.com\/Reuters\/status\/2082312693294215173?ref_src=twsrc%5Etfw\">July 29, 2026<\/a><\/blockquote><script async src=\"https:\/\/platform.x.com\/widgets.js\" charset=\"utf-8\"><\/script>\n<\/div><\/figure>\n\n\n\n<p class=\"wp-block-paragraph\">A Microsoft az elm\u00falt \u00f6t \u00e9vben legal\u00e1bb 15 k\u00ednai fi\u00f3kirod\u00e1t \u00e9s vegyesv\u00e1llalatot z\u00e1rt be, \u00e9s 2023-ban komolyan m\u00e9rlegelte azt is, hogy gyakorlatilag teljesen elhagyja az orsz\u00e1got. V\u00e9g\u00fcl helyben maradt, de a v\u00e1llalat k\u00ednai jelenl\u00e9te ma m\u00e1r eg\u00e9szen m\u00e1st jelent, mint egy vagy k\u00e9t \u00e9vtizeddel ezel\u0151tt.<\/p>\n\n\n\n<p class=\"wp-block-paragraph\">A Windows \u00e9s az Office m\u00f6g\u00f6tt \u00e1ll\u00f3 amerikai v\u00e1llalat valaha abban rem\u00e9nykedett, hogy K\u00edna hatalmas \u00e1llami \u00e9s v\u00e1llalati informatikai piac\u00e1nak egyik alapvet\u0151 besz\u00e1ll\u00edt\u00f3ja lehet. Egy id\u0151ben m\u00e9g k\u00fcl\u00f6n k\u00ednai korm\u00e1nyzati Windows-v\u00e1ltozatot is fejlesztett. Ma viszont els\u0151sorban olyan k\u00ednai mag\u00e1nv\u00e1llalatokat szolg\u00e1l ki, amelyek k\u00fclf\u00f6ld\u00f6n m\u0171k\u00f6dnek, mik\u00f6zben a k\u00ednai \u00e1llam egyre k\u00f6vetkezetesebben saj\u00e1t szoftvereket, felh\u0151szolg\u00e1ltat\u00e1sokat \u00e9s hardvereket igyekszik haszn\u00e1lni odahaza.<\/p>\n\n\n\n<p class=\"wp-block-paragraph\">A Microsoft t\u00f6rt\u00e9nete ez\u00e9rt nem a szok\u00e1sos v\u00e1llalati kivonul\u00e1s. Sokkal ink\u00e1bb annak a k\u00e9rd\u00e9snek a l\u00e1tv\u00e1nyos p\u00e9ld\u00e1ja, amely a k\u00f6vetkez\u0151 \u00e9vtized vil\u00e1ggazdas\u00e1g\u00e1nak egyik meghat\u00e1roz\u00f3 probl\u00e9m\u00e1ja lehet: mi t\u00f6rt\u00e9nik akkor, ha K\u00edn\u00e1nak egyre kevesebb nyugati technol\u00f3gi\u00e1ra lesz sz\u00fcks\u00e9ge?<\/p>\n\n\n\n<p class=\"wp-block-paragraph\"><strong>Harminc \u00e9ve mindez m\u00e9g teljesen ford\u00edtva volt<\/strong><\/p>\n\n\n\n<p class=\"wp-block-paragraph\">A k\u00ednai gazdas\u00e1gi felemelked\u00e9s els\u0151 nagy szakasz\u00e1ban, \u00fagy 2000 t\u00e1j\u00e1n a k\u00e9plet egyszer\u0171nek l\u00e1tszott. K\u00edn\u00e1nak megvolt a munkaereje, hatalmas a bels\u0151 piaca \u00e9s egyre t\u00f6bb lett a felhalmozott szuver\u00e9n t\u0151k\u00e9je, de mindezekhez hi\u00e1nyzott a korszer\u0171 technol\u00f3gia jelent\u0151s r\u00e9sze. Az Egyes\u00fclt \u00c1llamoknak, Jap\u00e1nnak \u00e9s Eur\u00f3p\u00e1nak viszont megvolt a technol\u00f3gia, a v\u00e1llalatir\u00e1ny\u00edt\u00e1si tud\u00e1s, a m\u00e1rk\u00e1k \u00e9s az \u00e9vtizedes bej\u00e1ratott brandek, no meg az ipari tapasztalat.<\/p>\n\n\n\n<p class=\"wp-block-paragraph\">Az 1980-as \u00e9vekt\u0151l, de k\u00fcl\u00f6n\u00f6sen K\u00edna 2001-es WTO-csatlakoz\u00e1sa ut\u00e1n nyugati \u00e9s jap\u00e1n v\u00e1llalatok t\u00edzezrei telepedtek meg az orsz\u00e1gban. Sok \u00e1gazatban vegyesv\u00e1llalatokon kereszt\u00fcl m\u0171k\u00f6dtek, k\u00ednai m\u00e9rn\u00f6k\u00f6ket k\u00e9peztek ki, helyi besz\u00e1ll\u00edt\u00f3i h\u00e1l\u00f3zatokat \u00e9p\u00edtettek, gy\u00e1rakat \u00e9s kutat\u00f3k\u00f6zpontokat hoztak l\u00e9tre. A nyugati v\u00e1llalatok sz\u00e1m\u00e1ra az alku vonz\u00f3 volt: technol\u00f3gi\u00e1\u00e9rt \u00e9s tud\u00e1s\u00e9rt cser\u00e9be hozz\u00e1f\u00e9r\u00e9st kaptak egy t\u00f6bb mint egymilli\u00e1rdos piachoz. Peking sz\u00e1m\u00e1ra azonban ugyanez egy gigantikus ipari tanul\u00e1si programot jelentett.<\/p>\n\n\n\n<p class=\"wp-block-paragraph\">A rendszer logik\u00e1ja kezdetben az volt, hogy a k\u00fclf\u00f6ldi term\u00e9ket egyszer\u0171en lem\u00e1soltak, de a folyamat igen gyorsan j\u00f3val \u00f6sszetettebb lett. Peking felismerte, hogy sokkal fontosabb a teljes \u00f6kosziszt\u00e9ma megszerz\u00e9se, azaz hogyan szervezik a termel\u00e9st, hogyan m\u0171k\u00f6dik a besz\u00e1ll\u00edt\u00f3i l\u00e1nc, milyen m\u00e9rn\u00f6k\u00f6kre van sz\u00fcks\u00e9ge, hogyan t\u00f6rt\u00e9nik a min\u0151s\u00e9g-ellen\u0151rz\u00e9s, \u00e9s mik\u00e9nt lehet egy laborat\u00f3riumi technol\u00f3gi\u00e1b\u00f3l t\u00f6megterm\u00e9ket k\u00e9sz\u00edteni.<\/p>\n\n\n\n<p class=\"wp-block-paragraph\">Ez a folyamat \u00e9vtizedekig tartott, de most m\u00e1r kezd l\u00e1tszani az eredm\u00e9nye. Az alaphangot term\u00e9szetesen az \u00e1llamp\u00e1rt adta meg, amikor Hszi eln\u00f6k kiadta az utas\u00edt\u00e1st a 2022 okt\u00f3beri p\u00e1rtkongresszuson, hogy &#8222;a tudom\u00e1nyos \u00e9s technol\u00f3giai \u00f6n\u00e1ll\u00f3s\u00e1got \u00e9s \u00f6nmeger\u0151s\u00edt\u00e9st a nemzeti fejl\u0151d\u00e9s strat\u00e9giai t\u00e1masz\u00e1v\u00e1 kell tenni\u201d. A sz\u00f3t tett is k\u00f6vette, \u00e9s az elm\u00falt 4 \u00e9vben a fejleszt\u00e9sek m\u00e9rete \u00e9s \u00fcteme megugrott.<\/p>\n\n\n\n<figure class=\"wp-block-image size-large\"><img loading=\"lazy\" decoding=\"async\" width=\"750\" height=\"500\" src=\"https:\/\/digitalnews.hu\/wp-content\/uploads\/2026\/09\/750x500_cmsv2_93c9e626-f9b9-5bae-9745-590a2466d2f6-9874464-2.avif\" alt=\"\" class=\"wp-image-9826\"\/><figcaption class=\"wp-element-caption\">Hszi tal\u00e1lkoz\u00f3ja a k\u00ednai AI c\u00e9gek vezet\u0151ivel, 2026 \u00e1prilis<\/figcaption><\/figure>\n\n\n\n<p class=\"wp-block-paragraph\"><strong>A m\u00e1sol\u00e1s orsz\u00e1g\u00e1b\u00f3l innov\u00e1ci\u00f3s nagyhatalom &#8211; a f\u00fcgg\u00e9s enyh\u00edt\u00e9se, majd felsz\u00e1mol\u00e1sa kezd\u0151dik<\/strong><\/p>\n\n\n\n<p class=\"wp-block-paragraph\">K\u00edn\u00e1t m\u00e9g mindig gyakran \u00fagy \u00edrj\u00e1k le, mint a Nyugat technol\u00f3gi\u00e1j\u00e1nak m\u00e1sol\u00f3j\u00e1t, de ez a k\u00e9p azonban egyre kev\u00e9sb\u00e9 \u00edrja le pontosan a rendszer val\u00f3s\u00e1g\u00e1t. A Szellemi Tulajdon Vil\u00e1gszervezet\u00e9nek, a WIPO-nak 2025-\u00f6s glob\u00e1lis index\u00e9ben K\u00edna a szabadalmi vil\u00e1gbejelent\u00e9sek sz\u00e1m\u00e1ban m\u00e1r vil\u00e1gels\u0151. A vil\u00e1g sz\u00e1z legfontosabb innov\u00e1ci\u00f3s k\u00f6zpontj\u00e1b\u00f3l 24 tal\u00e1lhat\u00f3 K\u00edn\u00e1ban \u2013 t\u00f6bb, mint az Egyes\u00fclt \u00c1llamokban.<\/p>\n\n\n\n<p class=\"wp-block-paragraph\">Peking 2025-ben mintegy 3,93 billi\u00f3 j\u00fcant k\u00f6lt\u00f6tt kutat\u00e1s-fejleszt\u00e9sre, 8,1 sz\u00e1zal\u00e9kkal t\u00f6bbet, mint egy \u00e9vvel kor\u00e1bban. Ez m\u00e1r a k\u00ednai GDP 2,8 sz\u00e1zal\u00e9k\u00e1t jelentette. A vezet\u00e9s nem is titkolja, hogy mindennek nem csak gazdas\u00e1gi, hanem meghat\u00e1roz\u00f3 politikai \u00e9s strat\u00e9giai c\u00e9lja van.<\/p>\n\n\n\n<p class=\"wp-block-paragraph\">Hszi j\u00faliusban azt mondta, hogy K\u00edn\u00e1nak fel kell gyors\u00edtania a \u201emagas szint\u0171 tudom\u00e1nyos \u00e9s technol\u00f3giai \u00f6n\u00e1ll\u00f3s\u00e1g\u201d megteremt\u00e9s\u00e9t, \u00e9s 2035-re vezet\u0151 tudom\u00e1nyos-technol\u00f3giai hatalomm\u00e1 kell v\u00e1lnia. Az \u00f6n\u00e1ll\u00f3s\u00e1g ebben az \u00e9rtelemben nem elszigetel\u0151d\u00e9st jelent, hanem hogy ne legyen olyan kritikus technol\u00f3gia, amelynek megtagad\u00e1s\u00e1val egy m\u00e1sik orsz\u00e1g t\u00e9rdre k\u00e9nyszer\u00edtheti K\u00edn\u00e1t.<\/p>\n\n\n\n<p class=\"wp-block-paragraph\"><strong>Washington akaratlanul is felgyors\u00edtotta a folyamatot<\/strong><\/p>\n\n\n\n<p class=\"wp-block-paragraph\">A k\u00ednai technol\u00f3giai \u00f6n\u00e1ll\u00f3sod\u00e1s paradoxona, hogy az Egyes\u00fclt \u00c1llamok korl\u00e1toz\u00f3 int\u00e9zked\u00e9sei r\u00e9szben \u00e9ppen azt gyors\u00edtott\u00e1k fel, amit megakad\u00e1lyozni pr\u00f3b\u00e1ltak.<\/p>\n\n\n\n<p class=\"wp-block-paragraph\">Washington j\u00f3 okkal akarta lass\u00edtani K\u00edna hozz\u00e1f\u00e9r\u00e9s\u00e9t a legfejlettebb f\u00e9lvezet\u0151kh\u00f6z \u00e9s chipgy\u00e1rt\u00f3 berendez\u00e9sekhez. Ezek n\u00e9lk\u00fcl nehezebb cs\u00facsteljes\u00edtm\u00e9ny\u0171 mesters\u00e9ges intelligenci\u00e1t, fejlett fegyverrendszereket \u00e9s szupersz\u00e1m\u00edt\u00f3g\u00e9peket \u00e9p\u00edteni. Csakhogy az exporttilalmak K\u00edna sz\u00e1m\u00e1ra azt is vil\u00e1goss\u00e1 tett\u00e9k, milyen vesz\u00e9lyes a k\u00fclf\u00f6ldi f\u00fcgg\u0151s\u00e9g.<\/p>\n\n\n\n<p class=\"wp-block-paragraph\">Ha Nvidia-chipet nem lehet v\u00e1s\u00e1rolni, akkor k\u00ednai Nvidia kell &#8211; ez lett a kulcsmondat. Ha amerikai tervez\u0151szoftverhez nem lehet hozz\u00e1f\u00e9rni, saj\u00e1t tervez\u0151szoftver kell. Ha egy holland EUV-litogr\u00e1fiai berendez\u00e9st nem lehet megvenni, el\u0151bb-ut\u00f3bb k\u00ednai litogr\u00e1fiai technol\u00f3gi\u00e1t kell l\u00e9trehozni.<\/p>\n\n\n\n<p class=\"wp-block-paragraph\">Ez term\u00e9szetesen sokkal k\u00f6nnyebb kimondani, mint megval\u00f3s\u00edtani. A legfejlettebb f\u00e9lvezet\u0151gy\u00e1rt\u00e1sban K\u00edna tov\u00e1bbra is jelent\u0151s lemarad\u00e1sban van, k\u00fcl\u00f6n\u00f6sen a gy\u00e1rt\u00f3berendez\u00e9sek bizonyos ter\u00fcletein. A technol\u00f3giai \u00f6nell\u00e1t\u00e1s teh\u00e1t m\u00e9g messze nem a megk\u00edv\u00e1nt val\u00f3s\u00e1g, de a trend m\u00e1r j\u00f3l m\u00e9rhet\u0151.<\/p>\n\n\n\n<p class=\"wp-block-paragraph\">Peking k\u00f6zben is el\u0151\u00edrta, hogy az \u00faj k\u00ednai f\u00e9lvezet\u0151gy\u00e1rt\u00f3 kapacit\u00e1sok ki\u00e9p\u00edt\u00e9s\u00e9n\u00e9l legal\u00e1bb 50 sz\u00e1zal\u00e9kban hazai gy\u00e1rt\u00e1s\u00fa berendez\u00e9seket kell haszn\u00e1lni. Ennek jelent\u0151s\u00e9ge nem az, hogy a k\u00ednai berendez\u00e9sek minden esetben jobbak lenn\u00e9nek a nyugatiakn\u00e1l, hanem hanem az, hogy piacot \u00e9s es\u00e9lyt kapnak, amelyben fejl\u0151dhetnek.<\/p>\n\n\n\n<p class=\"wp-block-paragraph\"><strong>A Huawei leck\u00e9je<\/strong><\/p>\n\n\n\n<p class=\"wp-block-paragraph\">Tal\u00e1n semmi sem szeml\u00e9lteti jobban a folyamatot, mint a Huawei t\u00f6rt\u00e9nete. Az amerikai korl\u00e1toz\u00e1sok els\u0151 \u00e9veiben \u00fagy t\u0171nt, hogy Washington gyakorlatilag megfojthatja a k\u00ednai v\u00e1llalatot. A Huawei elvesz\u00edtette hozz\u00e1f\u00e9r\u00e9s\u00e9t a Google szolg\u00e1ltat\u00e1saihoz, a legmodernebb chipekhez \u00e9s sz\u00e1mos amerikai technol\u00f3gi\u00e1hoz. Az eredm\u00e9ny azonban m\u00e9gsem a c\u00e9g elt\u0171n\u00e9se lett.<\/p>\n\n\n\n<p class=\"wp-block-paragraph\">A Huawei saj\u00e1t oper\u00e1ci\u00f3s rendszert, chiptervez\u00e9si k\u00e9pess\u00e9get, mesters\u00e9gesintelligencia-processzorokat \u00e9s komplett sz\u00e1m\u00edt\u00e1stechnikai rendszereket kezdett \u00e9p\u00edteni. Processzorai ma m\u00e1r a k\u00ednai AI-infrastrukt\u00fara meghat\u00e1roz\u00f3 elemei, \u00e9s a v\u00e1llalat olyan komplett szerverrendszereket \u00e9p\u00edt, amelyek kev\u00e9sb\u00e9 fejlett chip \u00f6sszekapcsol\u00e1s\u00e1val igyekeznek ellens\u00falyozni a teljes\u00edtm\u00e9nyh\u00e1tr\u00e1nyt.<\/p>\n\n\n\n<p class=\"wp-block-paragraph\">A korl\u00e1toz\u00e1sok arra \u00f6szt\u00f6n\u00f6zt\u00e9k a k\u00ednai m\u00e9rn\u00f6k\u00f6ket, hogy ne felt\u00e9tlen\u00fcl ugyanazon az \u00faton pr\u00f3b\u00e1lj\u00e1k utol\u00e9rni az Egyes\u00fclt \u00c1llamokat. Ha nem lehet ugyanazt a chipet elk\u00e9sz\u00edteni, akkor m\u00e1s rendszerarchitekt\u00far\u00e1val kell hasonl\u00f3 eredm\u00e9nyt el\u00e9rni.<\/p>\n\n\n\n<p class=\"wp-block-paragraph\">Ez a k\u00e9nyszerb\u0151l sz\u00fclet\u0151 innov\u00e1ci\u00f3 hosszabb t\u00e1von ak\u00e1r vesz\u00e9lyesebb versenyt\u00e1rsakat is teremthet, mint az egyszer\u0171 m\u00e1sol\u00e1s (szabadalmi lop\u00e1s).<\/p>\n\n\n\n<p class=\"wp-block-paragraph\"><strong>Nem csak sz\u00e1m\u00edt\u00f3g\u00e9pekr\u0151l van sz\u00f3<\/strong><\/p>\n\n\n\n<p class=\"wp-block-paragraph\">A k\u00ednai technol\u00f3giai el\u0151ret\u00f6r\u00e9st hiba lenne kiz\u00e1r\u00f3lag chipekkel \u00e9s mesters\u00e9ges intelligenci\u00e1val azonos\u00edtani. A legnagyobb v\u00e1ltoz\u00e1s azokban az ipar\u00e1gakban t\u00f6rt\u00e9nt, ahol a technol\u00f3gia \u00e9s a t\u00f6megtermel\u00e9s tal\u00e1lkozik. Ilyenek az elektromos aut\u00f3k, az akkumul\u00e1torok, a napelemek, dr\u00f3nok, ipari robotok.<\/p>\n\n\n\n<p class=\"wp-block-paragraph\">K\u00edna 2023-ra 10 ezer feldolgoz\u00f3ipari munkav\u00e1llal\u00f3ra m\u00e1r 470 ipari robotot telep\u00edtett, amivel megel\u0151zte N\u00e9metorsz\u00e1got. D\u00e9l-Korea \u00e9s Szingap\u00far m\u00f6g\u00f6tt a vil\u00e1g harmadik legs\u0171r\u0171bben robotiz\u00e1lt ipar\u00e1v\u00e1 v\u00e1lt, \u00e9s ezt az eredm\u00e9nyt alig n\u00e9gy \u00e9v alatt \u00e9rte el.<\/p>\n\n\n\n<p class=\"wp-block-paragraph\">Az elektromos aut\u00f3kn\u00e1l m\u00e1r nem az a f\u0151 k\u00e9rd\u00e9s, hogy a k\u00ednai v\u00e1llalatok k\u00e9pesek-e versenyezni a nyugatiakkal, hanem pr\u00f3b\u00e1lj\u00e1k az eur\u00f3pai, amerikai \u00e9s jap\u00e1n gy\u00e1rt\u00f3k megakad\u00e1lyozni saj\u00e1t piaci poz\u00edci\u00f3ik gyors er\u00f3zi\u00f3j\u00e1t. A k\u00ednai EV-export n\u00f6veked\u00e9se olyan m\u00e9rt\u00e9k\u0171v\u00e9 v\u00e1lt, hogy egyes orsz\u00e1gok \u00fczemanyag-fogyaszt\u00e1si statisztik\u00e1iban is l\u00e1that\u00f3v\u00e1 kezd v\u00e1lni. Ausztr\u00e1li\u00e1ban p\u00e9ld\u00e1ul 2026-ban k\u00f6zel 200 sz\u00e1zal\u00e9kkal ugrott meg a k\u00ednai elektromos aut\u00f3k importja, mik\u00f6zben a benzinimport mintegy 15 sz\u00e1zal\u00e9kkal cs\u00f6kkent.<\/p>\n\n\n\n<figure class=\"wp-block-image size-large\"><img loading=\"lazy\" decoding=\"async\" width=\"750\" height=\"500\" src=\"https:\/\/digitalnews.hu\/wp-content\/uploads\/2026\/09\/750x500_cmsv2_47027460-5769-5a50-afcc-e6ea6d74473a-9874464-2.avif\" alt=\"\" class=\"wp-image-9827\"\/><figcaption class=\"wp-element-caption\">K\u00ednai ipari robot<\/figcaption><\/figure>\n\n\n\n<p class=\"wp-block-paragraph\"><strong>A furcsa fordulat: m\u00e1r Eur\u00f3pa f\u00e9l a f\u00fcgg\u0151s\u00e9gt\u0151l<\/strong><\/p>\n\n\n\n<p class=\"wp-block-paragraph\">A k\u00ednai ipar felemelked\u00e9s\u00e9nek legszembet\u0171n\u0151bb k\u00f6vetkezm\u00e9nye az, hogy megfordult a f\u00fcgg\u0151s\u00e9gr\u0151l sz\u00f3l\u00f3 politikai vita. Harminc \u00e9ve K\u00edna att\u00f3l tartott, hogy t\u00fals\u00e1gosan f\u00fcgg a fejlett nyugati technol\u00f3gi\u00e1t\u00f3l. Ma m\u00e1r Br\u00fcsszel agg\u00f3dik, hogy Eur\u00f3pa f\u00fcgg t\u00fals\u00e1gosan K\u00edn\u00e1t\u00f3l.<\/p>\n\n\n\n<p class=\"wp-block-paragraph\">Egyre t\u00f6bb eur\u00f3pai ipar\u00e1g k\u00ednai alkatr\u00e9szekre, akkumul\u00e1torokra, vegyipari alapanyagokra, elektronikai komponensekre \u00e9s ritkaf\u00f6ldf\u00e9mekre \u00e9p\u00fcl. Az Eur\u00f3pai Bizotts\u00e1g ez\u00e9rt 2026-ban m\u00e1r olyan szab\u00e1lyokon kezdett dolgozni, amelyek \u00e9rz\u00e9keny \u00e1gazatokban arra k\u00e9nyszer\u00edthetn\u00e9k a v\u00e1llalatokat, hogy legal\u00e1bb h\u00e1rom k\u00fcl\u00f6nb\u00f6z\u0151 forr\u00e1sb\u00f3l szerezz\u00e9k be kritikus term\u00e9keiket, \u00e9s ne v\u00e1ljanak f\u00fcgg\u0151v\u00e9 egyetlen \u2013 mindenekel\u0151tt k\u00ednai \u2013 sz\u00e1ll\u00edt\u00f3t\u00f3l.<\/p>\n\n\n\n<p class=\"wp-block-paragraph\"><strong>De K\u00edna m\u00e9g messze nem \u00f6nell\u00e1t\u00f3<\/strong><\/p>\n\n\n\n<p class=\"wp-block-paragraph\">Mindez nem jelenti azt, hogy K\u00edna technol\u00f3giailag f\u00fcggetlenn\u00e9 v\u00e1lt volna, \u00e9s sok ter\u00fcleteken tov\u00e1bbra is jelent\u0151s k\u00fclf\u00f6ldi kitetts\u00e9ge van. A legfejlettebb f\u00e9lvezet\u0151gy\u00e1rt\u00f3 berendez\u00e9sek, egyes speci\u00e1lis anyagok, prec\u00edzi\u00f3s g\u00e9pek, rep\u00fcl\u0151g\u00e9p-hajt\u00f3m\u0171vek, tudom\u00e1nyos m\u0171szerek \u00e9s bizonyos alapkutat\u00e1si ter\u00fcletek tov\u00e1bbra is probl\u00e9m\u00e1t jelentenek sz\u00e1m\u00e1ra.<\/p>\n\n\n\n<p class=\"wp-block-paragraph\">A k\u00ednai innov\u00e1ci\u00f3s rendszer egyik saj\u00e1tos gyenges\u00e9ge az is, hogy elk\u00e9peszt\u0151 mennyis\u00e9g\u0171 p\u00e9nzt k\u00e9pes mozg\u00f3s\u00edtani, de ez id\u0151nk\u00e9nt t\u00faltermel\u00e9st, pazarl\u00e1st \u00e9s egym\u00e1st m\u00e1sol\u00f3 projekteket eredm\u00e9nyez.<\/p>\n\n\n\n<p class=\"wp-block-paragraph\">Emellett a bels\u0151 gazdas\u00e1g gyenges\u00e9ge szint\u00e9n komoly probl\u00e9ma. K\u00edna ipari kapacit\u00e1sa gyorsabban n\u0151, mint saj\u00e1t fogyaszt\u00e1sa, ez\u00e9rt egyre t\u00f6bb term\u00e9ket kell k\u00fclf\u00f6ld\u00f6n \u00e9rt\u00e9kes\u00edtenie. A Reuters ezt m\u00e1r \u201eChina Shock 2.0\u201d-k\u00e9nt \u00edrja le: a kor\u00e1bbi olcs\u00f3 textil- \u00e9s fogyaszt\u00e1si cikkek helyett most elektromos aut\u00f3k, akkumul\u00e1torok \u00e9s fejlett technol\u00f3giai term\u00e9kek \u00e1rasztj\u00e1k el a vil\u00e1gpiacot.<\/p>\n\n\n\n<p class=\"wp-block-paragraph\">Vagyis a technol\u00f3giai \u00f6n\u00e1ll\u00f3s\u00e1g sem jelenti azt, hogy K\u00edn\u00e1nak ne lenne sz\u00fcks\u00e9ge a vil\u00e1gra, csak \u00e9ppen m\u00e1sk\u00e9ppen.<\/p>\n\n\n\n<p class=\"wp-block-paragraph\">A hidegh\u00e1bor\u00fa ut\u00e1ni globaliz\u00e1ci\u00f3 egyik alapfeltev\u00e9se az volt, hogy a vil\u00e1g gazdas\u00e1gai egyre szorosabban \u00f6sszekapcsol\u00f3dnak, a technol\u00f3gia pedig k\u00fcl\u00f6n\u00f6sen nemzetk\u00f6zi marad. P\u00e9ld\u00e1ul, egy amerikai v\u00e1llalat tervezte a chipet, tajvani gy\u00e1r k\u00e9sz\u00edtette, holland g\u00e9ppel, jap\u00e1n vegyszerekkel, k\u00ednai \u00fczemben szerelt\u00e9k k\u00e9sz\u00fcl\u00e9kbe, amelyet Eur\u00f3p\u00e1ban \u00e9rt\u00e9kes\u00edtettek. Ez a rendszer nem fog egyik napr\u00f3l a m\u00e1sikra megsz\u0171nni, de m\u00e1r l\u00e1that\u00f3an \u00e1talakul.<\/p>\n\n\n\n<p class=\"wp-block-paragraph\">A Nyugat sok\u00e1ig abb\u00f3l indulhatott ki, hogy K\u00edna gazdas\u00e1gi fejl\u0151d\u00e9se v\u00e9gs\u0151 soron hozz\u00e1f\u00e9r\u00e9st ig\u00e9nyel a nyugati technol\u00f3gi\u00e1hoz. Egy olyan K\u00edna azonban, amely saj\u00e1t chipeket, saj\u00e1t mesters\u00e9ges intelligenci\u00e1t, saj\u00e1t oper\u00e1ci\u00f3s rendszereket, saj\u00e1t robotokat, saj\u00e1t elektromos aut\u00f3kat, vad\u00e1szg\u00e9peket \u00e9s \u0171rhaj\u00f3kat k\u00e9pes el\u0151\u00e1ll\u00edtani, eg\u00e9szen m\u00e1s politikai szerepl\u0151vel kell szembe n\u00e9zni. Ezen a ponton m\u00e1r nem az lesz a legfontosabb k\u00e9rd\u00e9s, hogy K\u00edna mennyire f\u00fcgg a Nyugatt\u00f3l, hanem hogy a vil\u00e1g t\u00f6bbi r\u00e9sze mennyire engedheti meg mag\u00e1nak, hogy K\u00edn\u00e1t\u00f3l f\u00fcggj\u00f6n. Ez lehet az \u00faj glob\u00e1lis egyens\u00faly l\u00e9nyege.<\/p>\n\n\n\n<p class=\"wp-block-paragraph\"><mark style=\"background-color:#9b51e0\" class=\"has-inline-color has-white-color\">Tov\u00e1bb a cikkre:<\/mark> <a href=\"https:\/\/hu.euronews.com\/2026\/08\/15\/mi-lesz-akkor-ha-kina-teljesen-levalik-a-nyugati-technologiakrol\" target=\"_blank\" rel=\"noopener\">euronews.com<\/a> (Sz\u00e9kely Ferenc)<\/p>\n","protected":false},"excerpt":{"rendered":"<p>A Microsoft visszavonul\u00e1sa a k\u00ednai piacr\u00f3l csak egyetlen l\u00e1tv\u00e1nyos r\u00e9szlete egy j\u00f3val sz\u00e9lesebb \u00e1talakul\u00e1si folyamatnak. Peking \u00e9vtizedeken \u00e1t import\u00e1lta, lem\u00e1solta,&hellip;<\/p>\n","protected":false},"author":1,"featured_media":9829,"comment_status":"closed","ping_status":"closed","sticky":false,"template":"","format":"standard","meta":{"footnotes":""},"categories":[39],"tags":[],"class_list":["post-9825","post","type-post","status-publish","format-standard","has-post-thumbnail","hentry","category-bigtech"],"_links":{"self":[{"href":"https:\/\/digitalnews.hu\/index.php?rest_route=\/wp\/v2\/posts\/9825","targetHints":{"allow":["GET"]}}],"collection":[{"href":"https:\/\/digitalnews.hu\/index.php?rest_route=\/wp\/v2\/posts"}],"about":[{"href":"https:\/\/digitalnews.hu\/index.php?rest_route=\/wp\/v2\/types\/post"}],"author":[{"embeddable":true,"href":"https:\/\/digitalnews.hu\/index.php?rest_route=\/wp\/v2\/users\/1"}],"replies":[{"embeddable":true,"href":"https:\/\/digitalnews.hu\/index.php?rest_route=%2Fwp%2Fv2%2Fcomments&post=9825"}],"version-history":[{"count":2,"href":"https:\/\/digitalnews.hu\/index.php?rest_route=\/wp\/v2\/posts\/9825\/revisions"}],"predecessor-version":[{"id":9830,"href":"https:\/\/digitalnews.hu\/index.php?rest_route=\/wp\/v2\/posts\/9825\/revisions\/9830"}],"wp:featuredmedia":[{"embeddable":true,"href":"https:\/\/digitalnews.hu\/index.php?rest_route=\/wp\/v2\/media\/9829"}],"wp:attachment":[{"href":"https:\/\/digitalnews.hu\/index.php?rest_route=%2Fwp%2Fv2%2Fmedia&parent=9825"}],"wp:term":[{"taxonomy":"category","embeddable":true,"href":"https:\/\/digitalnews.hu\/index.php?rest_route=%2Fwp%2Fv2%2Fcategories&post=9825"},{"taxonomy":"post_tag","embeddable":true,"href":"https:\/\/digitalnews.hu\/index.php?rest_route=%2Fwp%2Fv2%2Ftags&post=9825"}],"curies":[{"name":"wp","href":"https:\/\/api.w.org\/{rel}","templated":true}]}}