{"id":9840,"date":"2026-09-04T00:22:23","date_gmt":"2026-09-03T22:22:23","guid":{"rendered":"https:\/\/digitalnews.hu\/?p=9840"},"modified":"2026-09-04T00:24:42","modified_gmt":"2026-09-03T22:24:42","slug":"az-usa-100-os-vamot-vet-ki-a-dronokra-a-kinai-foleny-visszaszoritasara","status":"publish","type":"post","link":"https:\/\/digitalnews.hu\/?p=9840","title":{"rendered":"Az USA 100%-os v\u00e1mot vet ki a dr\u00f3nokra a k\u00ednai f\u00f6l\u00e9ny visszaszor\u00edt\u00e1s\u00e1ra"},"content":{"rendered":"\n<p class=\"wp-block-paragraph\">Cs\u00fct\u00f6rt\u00f6k\u00f6n \u00e9letbe l\u00e9ptek az Egyes\u00fclt \u00c1llamok \u00faj, ak\u00e1r 100 sz\u00e1zal\u00e9kos v\u00e1mjai a dr\u00f3nokra \u00e9s alkatr\u00e9szeikre, mivel Washington cs\u00f6kkenteni akarja a k\u00ednai besz\u00e1ll\u00edt\u00f3kt\u00f3l, k\u00fcl\u00f6n\u00f6sen a DJI-t\u00f3l val\u00f3 f\u00fcgg\u00e9s\u00e9t.<\/p>\n\n\n\n<p class=\"wp-block-paragraph\"><br>Donald Trump amerikai eln\u00f6k augusztusban \u00edrta al\u00e1 azt a rendeletet, amely r\u00f6gz\u00edti az \u00faj v\u00e1mokat, miut\u00e1n a Feh\u00e9r H\u00e1z felh\u00edvta a figyelmet \u201ea dr\u00f3nok \u00e9s alkatr\u00e9szeik importja jelentette nemzetbiztons\u00e1gi kock\u00e1zatra\u201d.<\/p>\n\n\n\n<p class=\"wp-block-paragraph\">A rendelet c\u00e9lja a hazai ell\u00e1t\u00e1si l\u00e1ncok meger\u0151s\u00edt\u00e9se is.<\/p>\n\n\n\n<p class=\"wp-block-paragraph\">A dr\u00f3nok a modern hadvisel\u00e9s \u00e9s megfigyel\u00e9s egyik alappill\u00e9r\u00e9v\u00e9 v\u00e1ltak, amit az ukrajnai h\u00e1bor\u00fa is \u00e9lesen megmutatott, \u00e9s amerikai tisztvisel\u0151k szerint a k\u00ednai gy\u00e1rt\u00e1s\u00fa dr\u00f3nokt\u00f3l \u00e9s alkatr\u00e9szekt\u0151l, els\u0151sorban a piacvezet\u0151 DJI term\u00e9keit\u0151l, val\u00f3 f\u00fcgg\u0151s\u00e9g kiteszi az orsz\u00e1g haderej\u00e9t \u00e9s kritikus infrastrukt\u00far\u00e1j\u00e1t a zavar\u00e1sok, a k\u00e9mked\u00e9s \u00e9s a harct\u00e9ri h\u00e1tr\u00e1nyok kock\u00e1zat\u00e1nak.<\/p>\n\n\n\n<p class=\"wp-block-paragraph\">Azok a dr\u00f3nok, amelyek felsz\u00e1ll\u00f3t\u00f6mege meghaladja a 25 kilogrammot, valamint a h\u0151k\u00e9palkot\u00f3 k\u00e9pess\u00e9ggel rendelkez\u0151, illetve dokkol\u00f3\u00e1llom\u00e1ssal ell\u00e1tott modellek 100 sz\u00e1zal\u00e9kos v\u00e1mmal esnek.<\/p>\n\n\n\n<p class=\"wp-block-paragraph\">A kisebb dr\u00f3nokra 25 sz\u00e1zal\u00e9kos v\u00e1m vonatkozik.<\/p>\n\n\n\n<p class=\"wp-block-paragraph\">Egyes, \u201enem k\u00fcl\u00f6n\u00f6sebben \u00e9rz\u00e9kenynek\u201d min\u0151s\u00edtett dr\u00f3nalkatr\u00e9szekre is v\u00e1mot vetnek ki, ezek azonban csak j\u00f6v\u0151 \u00e9v febru\u00e1r 9-\u00e9n l\u00e9pnek hat\u00e1lyba.<\/p>\n\n\n\n<p class=\"wp-block-paragraph\">K\u00edna nem sokkal azut\u00e1n fejezte ki ellenz\u00e9s\u00e9t a tervezett v\u00e1mokkal szemben, hogy Trump bejelentette azokat; Peking felsz\u00f3l\u00edtotta Washingtont a terhek visszavon\u00e1s\u00e1ra.<\/p>\n\n\n\n<p class=\"wp-block-paragraph\">A kereskedelmi miniszt\u00e9rium sz\u00f3viv\u0151je szerint a v\u00e1mok \u201emegzavarj\u00e1k a glob\u00e1lis dr\u00f3nell\u00e1t\u00e1si l\u00e1ncot, \u00e9s tov\u00e1bb rombolj\u00e1k a tisztess\u00e9ges, versenyk\u00e9pes piaci k\u00f6rnyezetet\u201d.<\/p>\n\n\n\n<p class=\"wp-block-paragraph\">Hozz\u00e1tette, hogy K\u00edna hat\u00e1rozottan ellenzi az int\u00e9zked\u00e9st.<\/p>\n\n\n\n<p class=\"wp-block-paragraph\">A 2006-ban alap\u00edtott k\u00ednai DJI v\u00e1llalat az elm\u00falt \u00e9vekben a glob\u00e1lis dr\u00f3npiac t\u00f6bb mint k\u00e9tharmad\u00e1t h\u00f3d\u00edtotta meg, t\u00f6bb tanulm\u00e1ny szerint.<\/p>\n\n\n\n<p class=\"wp-block-paragraph\">2022 \u00f3ta ugyanakkor a DJI azon amerikai lista szerepl\u0151je, amely a k\u00ednai hadsereghez k\u00f6thet\u0151 v\u00e1llalatokat sorolja fel, \u00e9s korl\u00e1tozza a hozz\u00e1f\u00e9r\u00e9s\u00fcket az amerikai technol\u00f3gi\u00e1hoz.<\/p>\n\n\n\n<p class=\"wp-block-paragraph\">A DJI tiltakozik a list\u00e1ra ker\u00fcl\u00e9se ellen.<\/p>\n\n\n\n<p class=\"wp-block-paragraph\"><mark style=\"background-color:#9b51e0\" class=\"has-inline-color has-white-color\">Tov\u00e1bb a cikkre:<\/mark> <a href=\"https:\/\/hu.euronews.com\/business\/2026\/09\/03\/az-usa-100-os-vamot-vet-ki-a-dronokra-a-kinai-foleny-visszaszoritasara\" target=\"_blank\" rel=\"noopener\">euronews.com<\/a> (Una Hajdari)<\/p>\n","protected":false},"excerpt":{"rendered":"<p>Cs\u00fct\u00f6rt\u00f6k\u00f6n \u00e9letbe l\u00e9ptek az Egyes\u00fclt \u00c1llamok \u00faj, ak\u00e1r 100 sz\u00e1zal\u00e9kos v\u00e1mjai a dr\u00f3nokra \u00e9s alkatr\u00e9szeikre, mivel Washington cs\u00f6kkenteni akarja a&hellip;<\/p>\n","protected":false},"author":1,"featured_media":9844,"comment_status":"closed","ping_status":"closed","sticky":false,"template":"","format":"standard","meta":{"footnotes":""},"categories":[58],"tags":[],"class_list":["post-9840","post","type-post","status-publish","format-standard","has-post-thumbnail","hentry","category-dron-hadsereg"],"_links":{"self":[{"href":"https:\/\/digitalnews.hu\/index.php?rest_route=\/wp\/v2\/posts\/9840","targetHints":{"allow":["GET"]}}],"collection":[{"href":"https:\/\/digitalnews.hu\/index.php?rest_route=\/wp\/v2\/posts"}],"about":[{"href":"https:\/\/digitalnews.hu\/index.php?rest_route=\/wp\/v2\/types\/post"}],"author":[{"embeddable":true,"href":"https:\/\/digitalnews.hu\/index.php?rest_route=\/wp\/v2\/users\/1"}],"replies":[{"embeddable":true,"href":"https:\/\/digitalnews.hu\/index.php?rest_route=%2Fwp%2Fv2%2Fcomments&post=9840"}],"version-history":[{"count":3,"href":"https:\/\/digitalnews.hu\/index.php?rest_route=\/wp\/v2\/posts\/9840\/revisions"}],"predecessor-version":[{"id":9845,"href":"https:\/\/digitalnews.hu\/index.php?rest_route=\/wp\/v2\/posts\/9840\/revisions\/9845"}],"wp:featuredmedia":[{"embeddable":true,"href":"https:\/\/digitalnews.hu\/index.php?rest_route=\/wp\/v2\/media\/9844"}],"wp:attachment":[{"href":"https:\/\/digitalnews.hu\/index.php?rest_route=%2Fwp%2Fv2%2Fmedia&parent=9840"}],"wp:term":[{"taxonomy":"category","embeddable":true,"href":"https:\/\/digitalnews.hu\/index.php?rest_route=%2Fwp%2Fv2%2Fcategories&post=9840"},{"taxonomy":"post_tag","embeddable":true,"href":"https:\/\/digitalnews.hu\/index.php?rest_route=%2Fwp%2Fv2%2Ftags&post=9840"}],"curies":[{"name":"wp","href":"https:\/\/api.w.org\/{rel}","templated":true}]}}