{"id":9846,"date":"2026-09-04T00:34:40","date_gmt":"2026-09-03T22:34:40","guid":{"rendered":"https:\/\/digitalnews.hu\/?p=9846"},"modified":"2026-09-04T00:34:40","modified_gmt":"2026-09-03T22:34:40","slug":"urhaborus-tiszteket-kepezne-trump-uj-katonai-akademiaja","status":"publish","type":"post","link":"https:\/\/digitalnews.hu\/?p=9846","title":{"rendered":"\u0170rh\u00e1bor\u00fas tiszteket k\u00e9pezne Trump \u00faj katonai akad\u00e9mi\u00e1ja"},"content":{"rendered":"\n<p class=\"wp-block-paragraph\">Az eln\u00f6ki rendelet \u00fcnnep\u00e9lyes hangv\u00e9tele mellett is az \u0170rakad\u00e9mia egyel\u0151re nem l\u00e9tez\u0151 oktat\u00e1si int\u00e9zm\u00e9ny. A NASA 120 napon bel\u00fcl k\u00f6teles kidolgozni, hogy milyen szervezeti form\u00e1ban m\u0171k\u00f6dhetne, hol \u00e9p\u00fclhetne fel, milyen diplom\u00e1kat osztana, \u00e9s kik jelentkezhetnek egy\u00e1ltal\u00e1n.<\/p>\n\n\n\n<p class=\"wp-block-paragraph\">Az eln\u00f6ki rendelet \u00fcnnep\u00e9lyes megfogalmaz\u00e1sa ellen\u00e9re az \u0170rakad\u00e9mia egyel\u0151re nem l\u00e9tez\u0151 oktat\u00e1si int\u00e9zm\u00e9ny. Jared Isaacman NASA-igazgat\u00f3 m\u00e9g kongresszusi t\u00f6rv\u00e9nyekre v\u00e1r, mivel az akad\u00e9mia l\u00e9trehoz\u00e1s\u00e1hoz v\u00e1rhat\u00f3an k\u00fcl\u00f6n k\u00f6lts\u00e9gvet\u00e9si t\u00e1mogat\u00e1s is sz\u00fcks\u00e9ges. Emiatt az eln\u00f6k d\u00f6nt\u00e9se \u00f6nmag\u00e1ban m\u00e9g nem garant\u00e1lja, hogy valaha is hallgat\u00f3k k\u00f6lt\u00f6znek az int\u00e9zm\u00e9ny koll\u00e9giumaiba. A <a href=\"https:\/\/www.whitehouse.gov\/presidential-actions\/2026\/08\/establishing-the-united-states-space-academy\/?utm\" target=\"_blank\" rel=\"noopener\">Feh\u00e9r H\u00e1z dokumentuma is kik\u00f6ti<\/a>, hogy a v\u00e9grehajt\u00e1s a rendelkez\u00e9sre \u00e1ll\u00f3 p\u00e9nz\u00fcgyi forr\u00e1sokt\u00f3l f\u00fcgg.<\/p>\n\n\n\n<figure class=\"wp-block-embed is-type-rich is-provider-x wp-block-embed-x\"><div class=\"wp-block-embed__wrapper\">\n<blockquote class=\"twitter-tweet\" data-width=\"550\" data-dnt=\"true\"><p lang=\"en\" dir=\"ltr\">BREAKING: President Donald J. Trump just signed an Executive Order establishing a new federal academy, THE UNITED STATES SPACE ACADEMY. \ud83d\ude80\ud83c\uddfa\ud83c\uddf8 <a href=\"https:\/\/t.co\/BOxPfoVLeX\">pic.twitter.com\/BOxPfoVLeX<\/a><\/p>&mdash; The White House (@WhiteHouse) <a href=\"https:\/\/x.com\/WhiteHouse\/status\/2093383065548492982?ref_src=twsrc%5Etfw\">August 28, 2026<\/a><\/blockquote><script async src=\"https:\/\/platform.x.com\/widgets.js\" charset=\"utf-8\"><\/script>\n<\/div><\/figure>\n\n\n\n<p class=\"wp-block-paragraph\">Az Egyes\u00fclt \u00c1llamoknak jelenleg \u00f6t sz\u00f6vets\u00e9gi katonai akad\u00e9mi\u00e1ja van: a sz\u00e1razf\u00f6ldi hader\u0151 tisztjeit k\u00e9pz\u0151 West Point, a haditenger\u00e9szeti akad\u00e9mia Annapolisban, a l\u00e9gier\u0151 akad\u00e9mi\u00e1ja Colorado Springsben, tov\u00e1bb\u00e1 a parti \u0151rs\u00e9g \u00e9s a kereskedelmi tenger\u00e9szet tisztk\u00e9pz\u0151 int\u00e9zm\u00e9nyei. Ezek hallgat\u00f3i \u00e1llami finansz\u00edroz\u00e1s\u00fa oktat\u00e1sban r\u00e9szes\u00fclnek, aminek fej\u00e9ben diplom\u00e1juk megszerz\u00e9se ut\u00e1n t\u00f6bb\u00e9ves szolg\u00e1latot v\u00e1llalnak.<\/p>\n\n\n\n<p class=\"wp-block-paragraph\">A Space Academy eset\u00e9ben azonban m\u00e9g nem vil\u00e1gos, hogy val\u00f3di katonai akad\u00e9mia lesz-e, vagy a NASA ir\u00e1ny\u00edt\u00e1sa alatt \u00e1ll\u00f3, katon\u00e1kat, k\u00f6ztisztvisel\u0151ket \u00e9s civil m\u00e9rn\u00f6k\u00f6ket egyszerre k\u00e9pz\u0151 saj\u00e1tos sz\u00f6vets\u00e9gi egyetem, vagy k\u00fcl\u00f6nleges tanfolyam.<\/p>\n\n\n\n<p class=\"wp-block-paragraph\"><strong>Van m\u00e1r honnan \u00e9rkezni\u00fck az \u201e\u0171rtiszteknek\u201d<\/strong><\/p>\n\n\n\n<p class=\"wp-block-paragraph\">A terv egyik legnagyobb k\u00e9rd\u00e9se \u00e9ppen az, hogy milyen hi\u00e1nyt t\u00f6ltene be az \u00faj int\u00e9zm\u00e9ny. A Space Force tisztjeit jelenleg els\u0151sorban a l\u00e9gier\u0151 akad\u00e9mi\u00e1j\u00e1n, az egyetemeken m\u0171k\u00f6d\u0151 tartal\u00e9kostiszt-k\u00e9pz\u0151 programokban \u00e9s a tisztjel\u00f6lti iskol\u00e1ban k\u00e9pzik. Ezut\u00e1n valamennyien elv\u00e9gzik az \u0170rhader\u0151 saj\u00e1t alapk\u00e9pz\u00e9s\u00e9t, amelyben az \u0171rm\u0171veletek mellett kiberharcot, h\u00edrszerz\u00e9st \u00e9s katonai beszerz\u00e9st is tanulnak. A 2025 augusztus\u00e1ban elind\u00edtott tanfolyamnak 2026 nyar\u00e1ig m\u00e1r t\u00f6bb mint 350 v\u00e9gz\u0151se volt.<\/p>\n\n\n\n<p class=\"wp-block-paragraph\">A Space Force nem k\u00fczd klasszikus \u00e9rtelemben vett \u00fajonchi\u00e1nnyal. Ez egy kis l\u00e9tsz\u00e1m\u00fa, er\u0151sen v\u00e1logatott fegyvernem, amely rendszeresen teljes\u00edti toborz\u00e1si c\u00e9ljait. Ink\u00e1bb a megfelel\u0151en k\u00e9pzett m\u00e9rn\u00f6k\u00f6k, programoz\u00f3k, h\u00edrszerz\u0151k, beszerz\u00e9si szakemberek \u00e9s civil alkalmazottak megtart\u00e1sa okoz gondot. A mag\u00e1nszektorban a SpaceXhez, a Blue Originhez \u00e9s m\u00e1s technol\u00f3giai v\u00e1llalatokhoz hasonl\u00f3 szerepl\u0151k jellemz\u0151en j\u00f3val magasabb fizet\u00e9st k\u00edn\u00e1lnak ann\u00e1l, mint amit a sz\u00f6vets\u00e9gi korm\u00e1nyzat vagy a hadsereg megengedhet mag\u00e1nak.<\/p>\n\n\n\n<p class=\"wp-block-paragraph\">Ez\u00e9rt &#8211; egy 2025-\u00f6s ellen\u0151rz\u00e9si jelent\u00e9s szerint &#8211; az \u0170rhader\u0151 t\u00e9nyleges \u00e1llom\u00e1nya mintegy 25 sz\u00e1zal\u00e9kkal maradt el a kongresszus \u00e1ltal meghat\u00e1rozott ig\u00e9nyt\u0151l.<\/p>\n\n\n\n<p class=\"wp-block-paragraph\"><strong>Nem \u0171rhaj\u00f3siskola k\u00e9sz\u00fcl<\/strong><\/p>\n\n\n\n<p class=\"wp-block-paragraph\">Az elnevez\u00e9s kiss\u00e9 f\u00e9lrevezet\u0151, mert az \u0170rakad\u00e9mia hallgat\u00f3inak t\u00f6bbs\u00e9g\u00e9b\u0151l aligha lesz \u0171rhaj\u00f3s. A modern katonai \u0171rtev\u00e9kenys\u00e9g j\u00f3r\u00e9szt a F\u00f6ld\u00f6n zajlik, ir\u00e1ny\u00edt\u00f3k\u00f6zpontokban \u00e9s sz\u00e1m\u00edt\u00f3g\u00e9pek el\u0151tt. A v\u00e9gz\u0151s\u00f6k m\u0171holdak p\u00e1ly\u00e1j\u00e1t tervezhetik, rak\u00e9taind\u00edt\u00e1sokat fel\u00fcgyelhetnek, kommunik\u00e1ci\u00f3s \u00e9s navig\u00e1ci\u00f3s h\u00e1l\u00f3zatokat v\u00e9dhetnek, ellens\u00e9ges \u0171reszk\u00f6z\u00f6ket k\u00f6vethetnek, illetve azt vizsg\u00e1lhatj\u00e1k, hogyan tarthat\u00f3 m\u0171k\u00f6d\u00e9sben a hadsereg, ha egy konfliktusban m\u0171holdakat zavarnak vagy semmis\u00edtenek meg.<\/p>\n\n\n\n<p class=\"wp-block-paragraph\">Ez l\u00e9nyegi feladat, mert a GPS, a m\u0171holdas kommunik\u00e1ci\u00f3, a rak\u00e9ta-el\u0151rejelz\u00e9s \u00e9s a felder\u00edt\u00e9s n\u00e9lk\u00fcl ma m\u00e1r egyetlen korszer\u0171 amerikai hadm\u0171velet sem hajthat\u00f3 v\u00e9gre.<\/p>\n\n\n\n<p class=\"wp-block-paragraph\">\u00c9ppen ez\u00e9rt vitathat\u00f3 az akad\u00e9mia NASA-k\u00f6zpont\u00fa fel\u00e9p\u00edt\u00e9se is. A NASA polg\u00e1ri kutat\u00e1si \u00e9s \u0171rrep\u00fcl\u00e9si szervezet, mik\u00f6zben a Space Force katonai m\u0171veleteket hajt v\u00e9gre, a h\u00edrszerz\u0151 k\u00f6z\u00f6ss\u00e9g pedig nagyr\u00e9szt titkos felder\u00edt\u0151 m\u0171holdakat \u00fczemeltet. Az akad\u00e9mia ezekhez m\u00e9g a kereskedelmi \u0171ripart is hozz\u00e1kapcsoln\u00e1.<\/p>\n\n\n\n<p class=\"wp-block-paragraph\">Ez elmoshatja a polg\u00e1ri kutat\u00e1s, a katonai alkalmaz\u00e1s \u00e9s az \u00fczleti tev\u00e9kenys\u00e9g k\u00f6z\u00f6tt eddig kialakult hat\u00e1rokat \u2013 figyelmeztetnek a <a href=\"https:\/\/www.defenseone.com\/policy\/2026\/08\/heres-what-trumps-new-space-academy-could-mean-us-military\/415712\/?oref=defense%5Fone%5Fbreaking%5Fnl&amp;utm%5Fsource=Sailthru&amp;utm%5Fmedium=email&amp;utm%5Fcampaign=Defense%2520One:%2520Breaking%25208\/28%2520space%2520academy&amp;utm%5Fterm=newsletter%5Fd1%5Falert\" target=\"_blank\" rel=\"noopener\">Defense One<\/a> \u00e1ltal megsz\u00f3laltatott szak\u00e9rt\u0151k is.<\/p>\n\n\n\n<p class=\"wp-block-paragraph\"><strong>Texas vagy Colorado?<\/strong><\/p>\n\n\n\n<p class=\"wp-block-paragraph\">Az akad\u00e9mia helysz\u00edne k\u00fcl\u00f6n politikai versenyt ind\u00edthat el. Trump Houstonban jelentette be a tervet, \u00e9s er\u0151sen utalt arra, hogy Texas sz\u00edvesen befogadn\u00e1 az int\u00e9zm\u00e9nyt. Houston mellett sz\u00f3l a Johnson \u0170rk\u00f6zpont, a NASA emberes \u0171rprogramj\u00e1nak infrastrukt\u00far\u00e1ja \u00e9s a gyorsan n\u00f6vekv\u0151 texasi \u0171ripar, \u00e9l\u00e9n a Kaliforni\u00e1b\u00f3l \u00e1ttelep\u00fcl\u0151 SpaceX-szel. Colorado Springs viszont m\u00e1r most is az amerikai katonai \u0171rtev\u00e9kenys\u00e9g egyik k\u00f6zpontja: ott tal\u00e1lhat\u00f3 a l\u00e9gier\u0151 akad\u00e9mi\u00e1ja, \u00e9s a k\u00f6zelben m\u0171k\u00f6dik t\u00f6bb Space Force-parancsnoks\u00e1g.<\/p>\n\n\n\n<p class=\"wp-block-paragraph\">Egy ilyen int\u00e9zm\u00e9ny munkahelyeket, sz\u00f6vets\u00e9gi beruh\u00e1z\u00e1sokat \u00e9s hossz\u00fa t\u00e1v\u00fa preszt\u00edzst hoz a befogad\u00f3 \u00e1llamnak, ez\u00e9rt a v\u00e9gs\u0151 d\u00f6nt\u00e9s legal\u00e1bb annyira lehet kongresszusi-politikai alku, mint szakmai m\u00e9rlegel\u00e9s.<\/p>\n\n\n\n<p class=\"wp-block-paragraph\">A kezdem\u00e9nyez\u00e9s egyszerre oktat\u00e1spolitikai program, a K\u00edn\u00e1val folytatott technol\u00f3giai versenyre adott v\u00e1lasz \u00e9s Trump saj\u00e1t \u0171rpolitikai \u00f6r\u00f6ks\u00e9g\u00e9nek \u00e9p\u00edt\u00e9se. Az eln\u00f6k els\u0151 ciklus\u00e1ban l\u00e9trehozta a Space Force-t (a c\u00edmlapk\u00e9pen); most pedig azt szeretn\u00e9, ha az \u00faj fegyvernemnek id\u0151vel saj\u00e1t West Pointja is lenne. Hogy ebb\u0151l val\u00f3ban \u00f6n\u00e1ll\u00f3 akad\u00e9mia lesz-e, vagy v\u00e9g\u00fcl egy m\u00e1r m\u0171k\u00f6d\u0151 egyetemhez, esetleg a l\u00e9gier\u0151 akad\u00e9mi\u00e1j\u00e1hoz kapcsolt k\u00e9pz\u00e9si k\u00f6zpont, azt a k\u00f6vetkez\u0151 h\u00f3napokban els\u0151sorban a finansz\u00edroz\u00e1s \u00e9s a Kongresszus hozz\u00e1\u00e1ll\u00e1sa d\u00f6nti el.<\/p>\n\n\n\n<p class=\"wp-block-paragraph\"><mark style=\"background-color:#9b51e0\" class=\"has-inline-color has-white-color\">Tov\u00e1bb a cikkre:<\/mark> <a href=\"https:\/\/hu.euronews.com\/2026\/08\/31\/urhaborus-tiszteket-kepezne-trump-uj-katonai-akademiaja\" target=\"_blank\" rel=\"noopener\">euronews.com<\/a> (Sz\u00e9kely Ferenc)<\/p>\n","protected":false},"excerpt":{"rendered":"<p>Az eln\u00f6ki rendelet \u00fcnnep\u00e9lyes hangv\u00e9tele mellett is az \u0170rakad\u00e9mia egyel\u0151re nem l\u00e9tez\u0151 oktat\u00e1si int\u00e9zm\u00e9ny. A NASA 120 napon bel\u00fcl k\u00f6teles&hellip;<\/p>\n","protected":false},"author":1,"featured_media":9847,"comment_status":"closed","ping_status":"closed","sticky":false,"template":"","format":"standard","meta":{"footnotes":""},"categories":[58],"tags":[],"class_list":["post-9846","post","type-post","status-publish","format-standard","has-post-thumbnail","hentry","category-dron-hadsereg"],"_links":{"self":[{"href":"https:\/\/digitalnews.hu\/index.php?rest_route=\/wp\/v2\/posts\/9846","targetHints":{"allow":["GET"]}}],"collection":[{"href":"https:\/\/digitalnews.hu\/index.php?rest_route=\/wp\/v2\/posts"}],"about":[{"href":"https:\/\/digitalnews.hu\/index.php?rest_route=\/wp\/v2\/types\/post"}],"author":[{"embeddable":true,"href":"https:\/\/digitalnews.hu\/index.php?rest_route=\/wp\/v2\/users\/1"}],"replies":[{"embeddable":true,"href":"https:\/\/digitalnews.hu\/index.php?rest_route=%2Fwp%2Fv2%2Fcomments&post=9846"}],"version-history":[{"count":1,"href":"https:\/\/digitalnews.hu\/index.php?rest_route=\/wp\/v2\/posts\/9846\/revisions"}],"predecessor-version":[{"id":9848,"href":"https:\/\/digitalnews.hu\/index.php?rest_route=\/wp\/v2\/posts\/9846\/revisions\/9848"}],"wp:featuredmedia":[{"embeddable":true,"href":"https:\/\/digitalnews.hu\/index.php?rest_route=\/wp\/v2\/media\/9847"}],"wp:attachment":[{"href":"https:\/\/digitalnews.hu\/index.php?rest_route=%2Fwp%2Fv2%2Fmedia&parent=9846"}],"wp:term":[{"taxonomy":"category","embeddable":true,"href":"https:\/\/digitalnews.hu\/index.php?rest_route=%2Fwp%2Fv2%2Fcategories&post=9846"},{"taxonomy":"post_tag","embeddable":true,"href":"https:\/\/digitalnews.hu\/index.php?rest_route=%2Fwp%2Fv2%2Ftags&post=9846"}],"curies":[{"name":"wp","href":"https:\/\/api.w.org\/{rel}","templated":true}]}}