{"id":9862,"date":"2026-09-05T01:07:03","date_gmt":"2026-09-04T23:07:03","guid":{"rendered":"https:\/\/digitalnews.hu\/?p=9862"},"modified":"2026-09-05T01:12:26","modified_gmt":"2026-09-04T23:12:26","slug":"ai-koltozik-az-allamba-tanacs-zoltan-elarulta-mire-keszul-a-kormany","status":"publish","type":"post","link":"https:\/\/digitalnews.hu\/?p=9862","title":{"rendered":"AI k\u00f6lt\u00f6zik az \u00e1llamba: Tan\u00e1cs Zolt\u00e1n el\u00e1rulta, mire k\u00e9sz\u00fcl a korm\u00e1ny"},"content":{"rendered":"\n<p class=\"wp-block-paragraph\">AI-\u00fcgyn\u00f6k\u00f6k jelenhetnek meg az \u00e1llami \u00fcgyf\u00e9lszolg\u00e1latokon, a h\u00e1tt\u00e9rben pedig \u00f6sszehangoln\u00e1k a ma m\u00e9g sz\u00e9ttagolt adat- \u00e9s informatikai rendszereket. Tan\u00e1cs Zolt\u00e1n tudom\u00e1nyos \u00e9s technol\u00f3giai miniszter a Republikon Int\u00e9zet rendezv\u00e9ny\u00e9n arr\u00f3l besz\u00e9lt, milyen digit\u00e1lis \u00e1llamot szeretne fel\u00e9p\u00edteni a korm\u00e1ny. Az esem\u00e9nyen a Magyar Telekom, az oktat\u00e1s \u00e9s a pszichol\u00f3gia oldal\u00e1r\u00f3l is megvizsg\u00e1lt\u00e1k, hol tart Magyarorsz\u00e1g a mesters\u00e9ges intelligencia kor\u00e1ban, amely kapcs\u00e1n t\u00f6bb komoly figyelmeztet\u00e9s is elhangzott.<\/p>\n\n\n\n<p class=\"wp-block-paragraph\">\u201eM.I. a helyzet? \u2013 Magyarorsz\u00e1g a mesters\u00e9ges intelligencia kor\u00e1ban\u201d c\u00edmmel tartotta \u00e9vadnyit\u00f3 konferenci\u00e1j\u00e1t p\u00e9nteken a Republikon Int\u00e9zet. A rendezv\u00e9nyen Tan\u00e1cs Zolt\u00e1n tudom\u00e1nyos \u00e9s technol\u00f3giai miniszter, R\u00e9kasi Tibor, a Magyar Telekom vez\u00e9rigazgat\u00f3ja, K\u00f3sa M\u00f3nika jog\u00e1sz, Montessori-tan\u00e1r \u00e9s iskolaalap\u00edt\u00f3, Horv\u00e1th \u00c1d\u00e1m miniszteri tan\u00e1csad\u00f3, valamint M\u00e9r\u0151 L\u00e1szl\u00f3 matematikus \u00e9s pszichol\u00f3gus besz\u00e9lt az AI lehet\u0151s\u00e9geir\u0151l \u00e9s kock\u00e1zatair\u00f3l.<\/p>\n\n\n\n<p class=\"wp-block-paragraph\"><strong>Nem el\u00e9g kirakni egy chatbotot<\/strong><\/p>\n\n\n\n<p class=\"wp-block-paragraph\"><strong>Tan\u00e1cs Zolt\u00e1n<\/strong> r\u00f6gt\u00f6n egy demonstr\u00e1ci\u00f3val kezdte az el\u0151ad\u00e1s\u00e1t: mesters\u00e9ges intelligenci\u00e1val \u00edratott egy konferencianyit\u00f3 besz\u00e9det, amelyet fel is olvastatott a chatbottal. Szerinte jobb prompttal term\u00e9szetesen r\u00e9szletesebb sz\u00f6veget lehetne k\u00e9sz\u00edteni, de egyel\u0151re \u00e9ppen a saj\u00e1t gondolatok, \u00e9rz\u00e9sek \u00e9s szem\u00e9lyes tapasztalatok hi\u00e1nyoznak az ilyen megsz\u00f3lal\u00e1sokb\u00f3l.<\/p>\n\n\n\n<p class=\"wp-block-paragraph\">A miniszter szerint ugyanakkor az elm\u00falt \u00e9vekben robban\u00e1sszer\u0171 fejl\u0151d\u00e9s ment v\u00e9gbe, \u00e9s egyre t\u00f6bb, kor\u00e1bban science fictionnek tekintett lehet\u0151s\u00e9g v\u00e1lik val\u00f3s\u00e1gg\u00e1. Ez egyszerre nyit \u00faj lehet\u0151s\u00e9geket p\u00e9ld\u00e1ul az orvosl\u00e1sban vagy a kommunik\u00e1ci\u00f3ban, mik\u00f6zben a dezinform\u00e1ci\u00f3 \u00e9s a kibert\u00e1mad\u00e1sok oldal\u00e1n is jelent\u0151sen cs\u00f6kkenti a bel\u00e9p\u00e9si k\u00fcsz\u00f6b\u00f6t.<\/p>\n\n\n\n<p class=\"wp-block-paragraph\">A korm\u00e1nyzati feladatot \u00fagy fogalmazta meg, hogy olyan digit\u00e1lis \u00e1llamot szeretne \u00e9p\u00edteni, ahol az \u00e1llami szervezetek dolgoz\u00f3i \u00e9rt\u0151 m\u00f3don haszn\u00e1lj\u00e1k a mesters\u00e9ges intelligenci\u00e1t, az \u00e1llampolg\u00e1rok pedig ak\u00e1r a D\u00c1P-on, ak\u00e1r m\u00e1s \u00e1llami szolg\u00e1ltat\u00e1sokon kereszt\u00fcl k\u00f6zvetlen\u00fcl \u00e9rz\u00e9kelhetik annak el\u0151nyeit.<\/p>\n\n\n\n<p class=\"wp-block-paragraph\"><strong>A miniszter szerint egy-k\u00e9t \u00e9ves t\u00e1vlatban m\u00e1r olyan szolg\u00e1ltat\u00e1sokra lenne sz\u00fcks\u00e9g, amelyekben val\u00f3ban megjelenik az AI seg\u00edts\u00e9ge. P\u00e9ldak\u00e9nt azt eml\u00edtette, hogy szeretne az \u00e1llami \u00fcgyf\u00e9lszolg\u00e1latokon term\u00e9szetes, emberi hangon kommunik\u00e1l\u00f3 intelligens \u00fcgyn\u00f6k\u00f6ket l\u00e1tni. Hangs\u00falyozta ugyanakkor, hogy ezt nem lehet egyszer\u0171en azzal megoldani, hogy \u201ekirakunk egy chatbotot\u201d.<\/strong><\/p>\n\n\n\n<p class=\"wp-block-paragraph\">Ehhez el\u0151bb a h\u00e1tt\u00e9rben kell rendet tenni. A t\u00e1rcavezet\u0151 szerint \u00f6ssze kell f\u00e9s\u00fclni azokat az adatokat, amelyekre az <a href=\"https:\/\/www.economx.hu\/video\/2026\/08\/31\/az-ai-irja-a-jovonket-vakon-hiszunk-neki\/\" target=\"_blank\" rel=\"noopener\">AI-rendszerek \u00e9p\u00fclhetnek<\/a>, \u00e9s egym\u00e1ssal egy\u00fcttm\u0171k\u00f6d\u0151v\u00e9 kell tenni a jelenleg sok helyen, elt\u00e9r\u0151 technol\u00f3gi\u00e1kon m\u0171k\u00f6d\u0151 \u00e1llami rendszereket. Mindek\u00f6zben pedig az adatv\u00e9delemnek \u00e9s az adatbiztons\u00e1gnak kiemelt szerepet kell kapnia.<\/p>\n\n\n\n<p class=\"wp-block-paragraph\">A miniszter szerint nem olyan \u00e1llamot kell \u00e9p\u00edteni, amely \u201emindenkir\u0151l mindent\u201d tud, hanem olyat, ahol az emberek \u00e9rdemben rendelkezhetnek saj\u00e1t adataik felett, \u00e9s \u00e1tl\u00e1that\u00f3, hogy ki \u00e9s milyen c\u00e9lb\u00f3l f\u00e9r hozz\u00e1 azokhoz.<\/p>\n\n\n\n<p class=\"wp-block-paragraph\"><strong>A Telekom m\u00e1r megtanulta: vesz\u00e9lyes t\u00fal kor\u00e1n t\u00fal sok p\u00e9nzt tenni az AI-ba<\/strong><\/p>\n\n\n\n<p class=\"wp-block-paragraph\">R\u00e9kasi Tibor eg\u00e9szen m\u00e1s szemsz\u00f6gb\u0151l mutatta be ugyanezt a probl\u00e9m\u00e1t. A Telekom m\u00e1r nagyj\u00e1b\u00f3l egy \u00e9vtizede foglalkozik mesters\u00e9ges intelligenci\u00e1val: az egyik els\u0151 nagy projektj\u00fck a hagyom\u00e1nyos, nyom\u00f3gombos \u00fcgyf\u00e9lszolg\u00e1lati rendszer hangalap\u00fa asszisztenssel t\u00f6rt\u00e9n\u0151 kiv\u00e1lt\u00e1sa volt.<\/p>\n\n\n\n<p class=\"wp-block-paragraph\">A v\u00e1llalat akkor m\u00e9g m\u00e1sf\u00e9l-k\u00e9t \u00e9ves projektben gondolkodott annak \u00e9rdek\u00e9ben, hogy a rendszer megtanulja a magyar nyelvet, azon bel\u00fcl pedig a telekommunik\u00e1ci\u00f3 saj\u00e1tos nyelvezet\u00e9t. Mire azonban elk\u00e9sz\u00fcltek, a technol\u00f3gia annyit fejl\u0151d\u00f6tt, hogy a glob\u00e1lis nagy nyelvi modellek l\u00e9nyeg\u00e9ben magukt\u00f3l megoldott\u00e1k ezt a probl\u00e9m\u00e1t.<\/p>\n\n\n\n<p class=\"wp-block-paragraph\"><strong>Ebb\u0151l azt a k\u00f6vetkeztet\u00e9st vont\u00e1k le, hogy az AI egyik legnagyobb v\u00e1llalati kock\u00e1zata maga a fejl\u0151d\u00e9s sebess\u00e9ge: nagyon k\u00f6nny\u0171 rengeteg p\u00e9nzt \u00e9s er\u0151forr\u00e1st fektetni valamibe, ami r\u00f6vid id\u0151n bel\u00fcl technol\u00f3giailag meghaladott\u00e1 v\u00e1lik.<\/strong><\/p>\n\n\n\n<p class=\"wp-block-paragraph\">A Telekom ez\u00e9rt ma m\u00e1r egy hibrid rendszerben gondolkodik. A Keystone AI nev\u0171 platform k\u00e9pes eld\u00f6nteni, hogy egy adott feladatot saj\u00e1t bels\u0151 rendszerben \u00e9rdemes-e feldolgozni, vagy valamely k\u00fcls\u0151 modellhez \u2013 p\u00e9ld\u00e1ul az OpenAI vagy a Gemini rendszer\u00e9hez \u2013 kell tov\u00e1bb\u00edtani. Ennek egyik c\u00e9lja a k\u00f6lts\u00e9gek kord\u00e1ban tart\u00e1sa, mik\u00f6zben a v\u00e1llalat saj\u00e1t bels\u0151 adatai is felhaszn\u00e1lhat\u00f3k.<\/p>\n\n\n\n<p class=\"wp-block-paragraph\">Azt is hangs\u00falyozta, hogy az AI \u00e1ltal vez\u00e9relt v\u00e1llalati \u00e1talakul\u00e1s egyel\u0151re nem azt jelenti, hogy t\u00f6megesen megsz\u0171nnek a munkahelyek. Lesznek azonban olyan feladatok \u00e9s szerepek, amelyeket a technol\u00f3gia teljesen \u00e1tvehet, az \u00edgy felszabadul\u00f3 er\u0151forr\u00e1sokat pedig m\u00e1shov\u00e1 lehet ir\u00e1ny\u00edtani.<\/p>\n\n\n\n<figure class=\"wp-block-image size-full\"><img loading=\"lazy\" decoding=\"async\" width=\"800\" height=\"600\" src=\"https:\/\/digitalnews.hu\/wp-content\/uploads\/2026\/09\/D_MRC20260904004.2e16d0ba.format-avif.fill-1024x768-1.avif\" alt=\"\" class=\"wp-image-9863\" srcset=\"https:\/\/digitalnews.hu\/wp-content\/uploads\/2026\/09\/D_MRC20260904004.2e16d0ba.format-avif.fill-1024x768-1.avif 800w, https:\/\/digitalnews.hu\/wp-content\/uploads\/2026\/09\/D_MRC20260904004.2e16d0ba.format-avif.fill-1024x768-1-768x576.avif 768w\" sizes=\"auto, (max-width: 800px) 100vw, 800px\" \/><figcaption class=\"wp-element-caption\">R\u00e9kasi Tibor, a Magyar Telekom vez\u00e9rigazgat\u00f3ja besz\u00e9det mond az M.I. a helyzet? &#8211; Magyarorsz\u00e1g a mesters\u00e9ges intelligencia kor\u00e1ban c\u00edm\u00fb, a Republikon Int\u00e9zet \u00e9vadnyit\u00f3 konferenci\u00e1j\u00e1n Budapesten, az A38 Haj\u00f3n 2026. szeptember 4-\u00e9n.<\/figcaption><\/figure>\n\n\n\n<p class=\"wp-block-paragraph\"><strong>A gyerekeknek nincs sz\u00fcks\u00e9g\u00fck mesters\u00e9ges intelligenci\u00e1ra<\/strong><\/p>\n\n\n\n<p class=\"wp-block-paragraph\"><strong>K\u00f3sa M\u00f3nika<\/strong> egy provokat\u00edv \u00e1ll\u00edt\u00e1ssal kezdett: szerinte a gyerekeknek nincs sz\u00fcks\u00e9g\u00fck mesters\u00e9ges intelligenci\u00e1ra ahhoz, hogy felk\u00e9sz\u00fcljenek az AI korszak\u00e1ra, mik\u00f6zben \u0151 maga iskolaigazgat\u00f3k\u00e9nt napi szinten haszn\u00e1lja ezeket az eszk\u00f6z\u00f6ket.<\/p>\n\n\n\n<p class=\"wp-block-paragraph\">Tapasztalata szerint az AI akkor igaz\u00e1n hasznos, ha a felhaszn\u00e1l\u00f3nak m\u00e1r van saj\u00e1t tud\u00e1sa \u00e9s kritikai gondolkod\u00e1sa. Egy olyan iskolai projektben p\u00e9ld\u00e1ul, amelyben a gyerekek Karik\u00f3 Katalinnal k\u00e9sz\u00edtettek interj\u00fat, az AI seg\u00edtett a k\u00e9rd\u00e9sek el\u0151k\u00e9sz\u00edt\u00e9s\u00e9ben \u00e9s a sz\u00f6vegek feldolgoz\u00e1s\u00e1ban, de a gyerekeknek kellett eld\u00f6nteni\u00fck, melyik k\u00e9rd\u00e9s j\u00f3, mi illik az interj\u00faalanyhoz \u00e9s mit \u00e9rdemes kihagyni.<\/p>\n\n\n\n<p class=\"wp-block-paragraph\"><strong>K\u00f3sa M\u00f3nika erre a munk\u00e1ra a \u201esz\u00f6szm\u00f6t\u00f6l\u00e9s\u201d kifejez\u00e9st haszn\u00e1lta: olvasni, \u00edrni, szerkeszteni, vitatkozni, \u00fajragondolni \u00e9s jav\u00edtani kell. Szerinte a gondolkod\u00e1st nem lehet egyszer\u0171en kiszervezni a g\u00e9pnek.<\/strong><\/p>\n\n\n\n<p class=\"wp-block-paragraph\">A mesters\u00e9ges intelligenci\u00e1t ez\u00e9rt \u00e9letkorhoz igaz\u00edtva vezetn\u00e9 be. A 6-12 \u00e9ves koroszt\u00e1lyn\u00e1l els\u0151sorban a k\u00e9z\u00edr\u00e1sra, az olvas\u00e1sra, a sz\u00e1mol\u00e1sra \u00e9s a vitakult\u00far\u00e1ra helyezn\u00e9 a hangs\u00falyt, k\u00e9s\u0151bb fokozatosan megjelenhetnek az AI-projektek, a fels\u0151bb \u00e9vfolyamokon pedig m\u00e1r a tan\u00edt\u00e1s rendszeres r\u00e9sz\u00e9v\u00e9 v\u00e1lhat a technol\u00f3gia.<\/p>\n\n\n\n<p class=\"wp-block-paragraph\">V\u00e9lem\u00e9nye szerint Magyarorsz\u00e1gnak nem kellene vakon k\u00f6vetnie az AI-hype-ot \u00e9s reflexb\u0151l szoftverlicencekkel el\u00e1rasztania az iskol\u00e1kat. A legfontosabb beruh\u00e1z\u00e1snak ehelyett a j\u00f3l k\u00e9pzett tan\u00e1rokat \u00e9s az \u0151 korszer\u0171 tov\u00e1bbk\u00e9pz\u00e9s\u00fcket tartja.<\/p>\n\n\n\n<p class=\"wp-block-paragraph\"><strong>Hamarosan j\u00f6n az AI-oktat\u00e1si strat\u00e9gia<\/strong><\/p>\n\n\n\n<p class=\"wp-block-paragraph\"><strong>Horv\u00e1th \u00c1d\u00e1m<\/strong>, az Oktat\u00e1si \u00e9s Gyermek\u00fcgyi Miniszt\u00e9rium miniszteri tan\u00e1csad\u00f3ja el\u00e1rulta, hogy k\u00e9sz\u00fcl a mesters\u00e9ges intelligenci\u00e1val kapcsolatos oktat\u00e1si strat\u00e9gia, amelynek t\u00e1rsadalmas\u00edt\u00e1s\u00e1ba hamarosan a nyilv\u00e1noss\u00e1g is bekapcsol\u00f3dhat.<\/p>\n\n\n\n<figure class=\"wp-block-image size-large\"><img loading=\"lazy\" decoding=\"async\" width=\"1024\" height=\"768\" src=\"https:\/\/digitalnews.hu\/wp-content\/uploads\/2026\/09\/D_MRC20260904017.2e16d0ba.format-avif.fill-1024x768-1-1.avif\" alt=\"\" class=\"wp-image-9864\" srcset=\"https:\/\/digitalnews.hu\/wp-content\/uploads\/2026\/09\/D_MRC20260904017.2e16d0ba.format-avif.fill-1024x768-1.avif 1024w, https:\/\/digitalnews.hu\/wp-content\/uploads\/2026\/09\/D_MRC20260904017.2e16d0ba.format-avif.fill-1024x768-1-768x576.avif 768w\" sizes=\"auto, (max-width: 1024px) 100vw, 1024px\" \/><figcaption class=\"wp-element-caption\">Horv\u00e1th \u00c1d\u00e1m, az Oktat\u00e1si \u00e9s Gyermek\u00fcgyi Miniszt\u00e9rium miniszteri tan\u00e1csad\u00f3ja besz\u00e9det mond az M.I. a helyzet? &#8211; Magyarorsz\u00e1g a mesters\u00e9ges intelligencia kor\u00e1ban c\u00edm\u00fb, a Republikon Int\u00e9zet \u00e9vadnyit\u00f3 konferenci\u00e1j\u00e1n Budapesten, az A38 Haj\u00f3n 2026. szeptember 4-\u00e9n<\/figcaption><\/figure>\n\n\n\n<p class=\"wp-block-paragraph\">Megl\u00e1t\u00e1sa szerint az egyik legnagyobb magyar probl\u00e9ma nem maga az AI, hanem azoknak az alapk\u00e9szs\u00e9geknek a hi\u00e1nya, amelyek n\u00e9lk\u00fcl az eszk\u00f6z\u00f6ket felel\u0151sen haszn\u00e1lni sem lehet. Magyarorsz\u00e1g a mag\u00e1nc\u00e9l\u00fa AI-haszn\u00e1latban is az OECD-orsz\u00e1gok als\u00f3 harmad\u00e1ban helyezkedik el az \u00e1ltala bemutatott adatok szerint, a munkahelyi haszn\u00e1latban pedig m\u00e9g enn\u00e9l is l\u00e1tv\u00e1nyosabb az elmarad\u00e1s. Ennek egyik oka szerinte az, hogy sokan nem tudj\u00e1k, hogyan haszn\u00e1lj\u00e1k ezeket az eszk\u00f6z\u00f6ket, nincs r\u00e1juk sz\u00fcks\u00e9g\u00fcknek \u00e9rzett feladatuk, vagy egyszer\u0171en tartanak t\u0151l\u00fck.<\/p>\n\n\n\n<p class=\"wp-block-paragraph\">M\u00e9g s\u00falyosabbnak nevezte a sz\u00f6veg\u00e9rt\u00e9si probl\u00e9m\u00e1kat. A magyar di\u00e1kok 60 sz\u00e1zal\u00e9ka \u00fagy fejezi be az iskol\u00e1t, hogy nem \u00e9ri el azt a sz\u00f6veg\u00e9rt\u00e9si szintet, amely a felel\u0151s mesters\u00e9ges intelligencia-haszn\u00e1lathoz sz\u00fcks\u00e9ges.<\/p>\n\n\n\n<p class=\"wp-block-paragraph\">A mesters\u00e9ges intelligencia r\u00e1ad\u00e1sul nem automatikusan cs\u00f6kkenti az oktat\u00e1si k\u00fcl\u00f6nbs\u00e9geket, hanem ak\u00e1r tov\u00e1bb is n\u00f6velheti azokat. A magas sz\u00f6veg\u00e9rt\u00e9s\u0171 tanul\u00f3k teljes\u00edtm\u00e9ny\u00e9t megsokszorozhatja, a gyeng\u00e9bbeknek viszont kev\u00e9sb\u00e9 seg\u00edt, a k\u00f6z\u00e9ps\u0151 csoportn\u00e1l pedig megjelenhet az a jelens\u00e9g, hogy a di\u00e1k egyszer\u0171en elfogadja \u00e9s beadja a g\u00e9p els\u0151 v\u00e1lasz\u00e1t, ami ak\u00e1r kognit\u00edv visszaes\u00e9st is eredm\u00e9nyezhet.<\/p>\n\n\n\n<p class=\"wp-block-paragraph\"><strong>Nincs olyan, hogy \u201ea mesters\u00e9ges intelligencia\u201d<\/strong><\/p>\n\n\n\n<p class=\"wp-block-paragraph\"><strong>M\u00e9r\u0151 L\u00e1szl\u00f3<\/strong> el\u0151ad\u00e1s\u00e1ban els\u0151sorban azt hangs\u00falyozta, hogy hib\u00e1s \u00fagy besz\u00e9lni az AI-r\u00f3l, mintha egyetlen technol\u00f3gi\u00e1r\u00f3l lenne sz\u00f3. A nagy nyelvi modelleket \u201e\u00e1lmodoz\u00f3 g\u00e9pekhez\u201d hasonl\u00edtotta: rengeteg inform\u00e1ci\u00f3b\u00f3l pr\u00f3b\u00e1lnak konzisztens eg\u00e9szet l\u00e9trehozni, ez\u00e9rt id\u0151nk\u00e9nt teljes k\u00e9ptelens\u00e9geket is \u00e1ll\u00edtanak.<\/p>\n\n\n\n<figure class=\"wp-block-image size-full\"><img loading=\"lazy\" decoding=\"async\" width=\"1024\" height=\"683\" src=\"https:\/\/digitalnews.hu\/wp-content\/uploads\/2026\/09\/796833501_981865234923472_5686587518515840984_n.jpg\" alt=\"\" class=\"wp-image-9869\" srcset=\"https:\/\/digitalnews.hu\/wp-content\/uploads\/2026\/09\/796833501_981865234923472_5686587518515840984_n.jpg 1024w, https:\/\/digitalnews.hu\/wp-content\/uploads\/2026\/09\/796833501_981865234923472_5686587518515840984_n-768x512.jpg 768w\" sizes=\"auto, (max-width: 1024px) 100vw, 1024px\" \/><\/figure>\n\n\n\n<p class=\"wp-block-paragraph\">Szerinte a felhaszn\u00e1l\u00f3knak nem egyszer\u0171en azt kell megtanulniuk, hogyan haszn\u00e1lj\u00e1k \u201eaz AI-t\u201d, hanem azt, hogy az egyre t\u00f6bb k\u00fcl\u00f6nb\u00f6z\u0151 rendszer k\u00f6z\u00fcl melyik mire alkalmas. Sokf\u00e9le mesters\u00e9ges intelligencia van, mindegyik m\u00e1sra j\u00f3, a val\u00f3di kompetencia pedig egyre ink\u00e1bb az lesz, hogy felismerj\u00fck, egy adott feladathoz mikor melyiket \u00e9rdemes el\u0151venni, \u00e9s mikor kell v\u00e1ltani k\u00f6z\u00f6tt\u00fck.<\/p>\n\n\n\n<p class=\"wp-block-paragraph\"><mark style=\"background-color:#9b51e0\" class=\"has-inline-color has-white-color\">Tov\u00e1bb a cikkre:<\/mark> <a href=\"https:\/\/www.economx.hu\/mesterseges-intelligencia\/2026\/09\/04\/mesterseges-intelligencia-tanacs-zoltan-republikon-ai\/\" target=\"_blank\" rel=\"noopener\">economx.hu<\/a> (Vermes \u00c1d\u00e1m)<\/p>\n","protected":false},"excerpt":{"rendered":"<p>AI-\u00fcgyn\u00f6k\u00f6k jelenhetnek meg az \u00e1llami \u00fcgyf\u00e9lszolg\u00e1latokon, a h\u00e1tt\u00e9rben pedig \u00f6sszehangoln\u00e1k a ma m\u00e9g sz\u00e9ttagolt adat- \u00e9s informatikai rendszereket. Tan\u00e1cs Zolt\u00e1n&hellip;<\/p>\n","protected":false},"author":1,"featured_media":9867,"comment_status":"closed","ping_status":"closed","sticky":false,"template":"","format":"standard","meta":{"footnotes":""},"categories":[4],"tags":[],"class_list":["post-9862","post","type-post","status-publish","format-standard","has-post-thumbnail","hentry","category-ai-agi-chat-gpt-gemini"],"_links":{"self":[{"href":"https:\/\/digitalnews.hu\/index.php?rest_route=\/wp\/v2\/posts\/9862","targetHints":{"allow":["GET"]}}],"collection":[{"href":"https:\/\/digitalnews.hu\/index.php?rest_route=\/wp\/v2\/posts"}],"about":[{"href":"https:\/\/digitalnews.hu\/index.php?rest_route=\/wp\/v2\/types\/post"}],"author":[{"embeddable":true,"href":"https:\/\/digitalnews.hu\/index.php?rest_route=\/wp\/v2\/users\/1"}],"replies":[{"embeddable":true,"href":"https:\/\/digitalnews.hu\/index.php?rest_route=%2Fwp%2Fv2%2Fcomments&post=9862"}],"version-history":[{"count":3,"href":"https:\/\/digitalnews.hu\/index.php?rest_route=\/wp\/v2\/posts\/9862\/revisions"}],"predecessor-version":[{"id":9870,"href":"https:\/\/digitalnews.hu\/index.php?rest_route=\/wp\/v2\/posts\/9862\/revisions\/9870"}],"wp:featuredmedia":[{"embeddable":true,"href":"https:\/\/digitalnews.hu\/index.php?rest_route=\/wp\/v2\/media\/9867"}],"wp:attachment":[{"href":"https:\/\/digitalnews.hu\/index.php?rest_route=%2Fwp%2Fv2%2Fmedia&parent=9862"}],"wp:term":[{"taxonomy":"category","embeddable":true,"href":"https:\/\/digitalnews.hu\/index.php?rest_route=%2Fwp%2Fv2%2Fcategories&post=9862"},{"taxonomy":"post_tag","embeddable":true,"href":"https:\/\/digitalnews.hu\/index.php?rest_route=%2Fwp%2Fv2%2Ftags&post=9862"}],"curies":[{"name":"wp","href":"https:\/\/api.w.org\/{rel}","templated":true}]}}