{"id":9885,"date":"2026-09-06T00:10:02","date_gmt":"2026-09-05T22:10:02","guid":{"rendered":"https:\/\/digitalnews.hu\/?p=9885"},"modified":"2026-09-06T00:10:02","modified_gmt":"2026-09-05T22:10:02","slug":"a-google-gemini-sparkja-mostantol-kezelheti-a-google-fotok-konyvtarat","status":"publish","type":"post","link":"https:\/\/digitalnews.hu\/?p=9885","title":{"rendered":"A Google Gemini Sparkja mostant\u00f3l kezelheti a Google Fot\u00f3k k\u00f6nyvt\u00e1r\u00e1t"},"content":{"rendered":"\n<p class=\"wp-block-paragraph\">A Google egyre t\u00f6bb szolg\u00e1ltat\u00e1s\u00e1t integr\u00e1lja a mesters\u00e9ges intelligenci\u00e1val, miut\u00e1n a v\u00e1llalat bejelentette, hogy szem\u00e9lyes \u00fcgyn\u00f6ke, a Gemini Spark mostant\u00f3l k\u00e9pes kezelni a Google Fot\u00f3k k\u00f6nyvt\u00e1radat. Ez azt jelenti, hogy megk\u00e9rheted a Gemini Sparkot, hogy hajtson v\u00e9gre feladatokat a Google Fot\u00f3kban, p\u00e9ld\u00e1ul szerkesztse a k\u00e9peket, v\u00e1logatjon albumokat, automatikusan hozzon l\u00e9tre megosztott albumokat a kedvenc k\u00e9peiddel, alak\u00edtson \u00e1t koncertfot\u00f3kat napt\u00e1ri id\u0151pontokk\u00e1, futtasson munkafolyamatokat \u00e9s egyebeket.<\/p>\n\n\n\n<p class=\"wp-block-paragraph\">Cs\u00fct\u00f6rt\u00f6k este Shimrit Ben-Yair, a Google Fot\u00f3k vezet\u0151je egy <a href=\"https:\/\/x.com\/shimritby\/status\/2095620253585993826\" target=\"_blank\" rel=\"noopener\">X-en k\u00f6zz\u00e9tett bejegyz\u00e9sben osztotta meg az \u00faj funkci\u00f3kat<\/a>, megjegyezve, hogy az \u00faj funkci\u00f3k a k\u00f6vetkez\u0151 hetekben angol nyelven lesznek el\u00e9rhet\u0151k a jogosult Gemini AI Pro \u00e9s Ultra el\u0151fizet\u0151k sz\u00e1m\u00e1ra az Egyes\u00fclt \u00c1llamokban.<\/p>\n\n\n\n<p class=\"wp-block-paragraph\">A c\u00e9g nem k\u00f6z\u00f6lte, hogy mikor \u00e9s hogyan fogja sz\u00e9lesebb k\u00f6rben bevezetni a nemzetk\u00f6zi piacokon.<\/p>\n\n\n\n<figure class=\"wp-block-embed is-type-rich is-provider-x wp-block-embed-x\"><div class=\"wp-block-embed__wrapper\">\n<blockquote class=\"twitter-tweet\" data-width=\"550\" data-dnt=\"true\"><p lang=\"en\" dir=\"ltr\">For a while now, I\u2019ve relied on <a href=\"https:\/\/x.com\/GeminiApp?ref_src=twsrc%5Etfw\">@GeminiApp<\/a> and <a href=\"https:\/\/x.com\/antigravity?ref_src=twsrc%5Etfw\">@antigravity<\/a> agents across a wide range of use cases\u2014spanning creativity, productivity, and analysis. But I\u2019ve always dreamed of having a power agent to help me get the most out of my 143,206 photos and videos. And that day has come!\u2026 <a href=\"https:\/\/t.co\/WbnkYpattQ\">pic.twitter.com\/WbnkYpattQ<\/a><\/p>&mdash; shimrit ben-yair (@shimritby) <a href=\"https:\/\/x.com\/shimritby\/status\/2095620253585993826?ref_src=twsrc%5Etfw\">September 3, 2026<\/a><\/blockquote><script async src=\"https:\/\/platform.x.com\/widgets.js\" charset=\"utf-8\"><\/script>\n<\/div><\/figure>\n\n\n\n<p class=\"wp-block-paragraph\">Ez a kieg\u00e9sz\u00edt\u00e9s egy \u00fajabb p\u00e9lda arra, hogy a Google hogyan pr\u00f3b\u00e1lja megtal\u00e1lni a term\u00e9k-piac illeszked\u00e9s\u00e9t a mesters\u00e9ges intelligencia fogyaszt\u00f3k sz\u00e1m\u00e1ra vonz\u00f3v\u00e1 t\u00e9tele ter\u00e9n \u2013 ebben az esetben az unalmas feladatok automatiz\u00e1l\u00e1s\u00e1val \u00e9s a ma m\u00e1r gyakran m\u00e9retes fot\u00f3k\u00f6nyvt\u00e1rak kezel\u00e9s\u00e9nek seg\u00edt\u00e9s\u00e9vel.<\/p>\n\n\n\n<p class=\"wp-block-paragraph\">A l\u00e9p\u00e9s egy olyan id\u0151szakban t\u00f6rt\u00e9nt, amikor a mesters\u00e9ges intelligencia ipar\u00e1g szembes\u00fcl azzal a t\u00e9nnyel, hogy nem siker\u00fclt megfelel\u0151en eladnia a mesters\u00e9ges intelligencia \u00edg\u00e9ret\u00e9t a fogyaszt\u00f3knak. Ezen a h\u00e9ten Sam Altman, az <a href=\"https:\/\/www.bloomberg.com\/news\/articles\/2026-09-03\/sam-altman-says-openai-has-fumbled-at-communicating-ai-benefits\" target=\"_blank\" rel=\"noopener\">OpenAI vez\u00e9rigazgat\u00f3ja a Bloombergnek azt nyilatkozta<\/a>, hogy az ipar\u00e1g \u201esz\u00f6rny\u0171 munk\u00e1t v\u00e9gzett\u201d a technol\u00f3gia el\u0151nyeinek kommunik\u00e1l\u00e1s\u00e1ban, ami vil\u00e1gszerte negat\u00edv reakci\u00f3kat v\u00e1ltott ki a k\u00f6z\u00f6ss\u00e9gekb\u0151l.<\/p>\n\n\n\n<p class=\"wp-block-paragraph\">A Google ehhez hasonl\u00f3 bejelent\u00e9sei a probl\u00e9ma r\u00e9sz\u00e9t k\u00e9pezik. B\u00e1r bizonyos feladatokat megk\u00f6nny\u00edthetnek, \u00f6nmagukban az ilyen funkci\u00f3k nem t\u0171nnek forradalminak, s\u0151t, igaz\u00e1b\u00f3l nem is sz\u00fcks\u00e9gesnek. (V\u00e9g\u00fcl is nem olyan neh\u00e9z fot\u00f3albumot k\u00e9sz\u00edteni.) De a mesters\u00e9ges intelligencia ipar\u00e1g versenyjellegzete arra \u00f6szt\u00f6nzi a v\u00e1llalatokat, hogy minden mesters\u00e9ges intelligenci\u00e1val \u00e1titatott friss\u00edt\u00e9st, b\u00e1rmilyen kicsi is az, n\u00e9pszer\u0171s\u00edtsenek, ahelyett, hogy megv\u00e1rn\u00e1k, am\u00edg a v\u00e1llalat sz\u00e9lesebb k\u00f6rben elmes\u00e9lheti, hogyan form\u00e1lta a mesters\u00e9ges intelligencia a szoftvereit jobb\u00e1.<\/p>\n\n\n\n<p class=\"wp-block-paragraph\">A Gemini Spark Google Fot\u00f3kkal val\u00f3 haszn\u00e1lat\u00e1hoz el\u0151sz\u00f6r csatlakoztatnia kell a Google Fot\u00f3kat a Geminihez, majd bekapcsolnia a Sparkot a Gemini alkalmaz\u00e1s fels\u0151 sark\u00e1ban, \u00e9s be kell \u00edrnia a parancsot.<\/p>\n\n\n\n<p class=\"wp-block-paragraph\"><mark style=\"background-color:#9b51e0\" class=\"has-inline-color has-white-color\">Tov\u00e1bb a cikkre:<\/mark> <a href=\"https:\/\/techcrunch.com\/2026\/09\/04\/googles-gemini-spark-can-now-manage-your-google-photos-library\/?_bhlid=945c3442eaf3533bb2e980cfc6422373168044e7\" target=\"_blank\" rel=\"noopener\">techcrunch.com<\/a> (Sarah Perez)<\/p>\n","protected":false},"excerpt":{"rendered":"<p>A Google egyre t\u00f6bb szolg\u00e1ltat\u00e1s\u00e1t integr\u00e1lja a mesters\u00e9ges intelligenci\u00e1val, miut\u00e1n a v\u00e1llalat bejelentette, hogy szem\u00e9lyes \u00fcgyn\u00f6ke, a Gemini Spark mostant\u00f3l&hellip;<\/p>\n","protected":false},"author":1,"featured_media":9886,"comment_status":"closed","ping_status":"closed","sticky":false,"template":"","format":"standard","meta":{"footnotes":""},"categories":[4],"tags":[],"class_list":["post-9885","post","type-post","status-publish","format-standard","has-post-thumbnail","hentry","category-ai-agi-chat-gpt-gemini"],"_links":{"self":[{"href":"https:\/\/digitalnews.hu\/index.php?rest_route=\/wp\/v2\/posts\/9885","targetHints":{"allow":["GET"]}}],"collection":[{"href":"https:\/\/digitalnews.hu\/index.php?rest_route=\/wp\/v2\/posts"}],"about":[{"href":"https:\/\/digitalnews.hu\/index.php?rest_route=\/wp\/v2\/types\/post"}],"author":[{"embeddable":true,"href":"https:\/\/digitalnews.hu\/index.php?rest_route=\/wp\/v2\/users\/1"}],"replies":[{"embeddable":true,"href":"https:\/\/digitalnews.hu\/index.php?rest_route=%2Fwp%2Fv2%2Fcomments&post=9885"}],"version-history":[{"count":1,"href":"https:\/\/digitalnews.hu\/index.php?rest_route=\/wp\/v2\/posts\/9885\/revisions"}],"predecessor-version":[{"id":9887,"href":"https:\/\/digitalnews.hu\/index.php?rest_route=\/wp\/v2\/posts\/9885\/revisions\/9887"}],"wp:featuredmedia":[{"embeddable":true,"href":"https:\/\/digitalnews.hu\/index.php?rest_route=\/wp\/v2\/media\/9886"}],"wp:attachment":[{"href":"https:\/\/digitalnews.hu\/index.php?rest_route=%2Fwp%2Fv2%2Fmedia&parent=9885"}],"wp:term":[{"taxonomy":"category","embeddable":true,"href":"https:\/\/digitalnews.hu\/index.php?rest_route=%2Fwp%2Fv2%2Fcategories&post=9885"},{"taxonomy":"post_tag","embeddable":true,"href":"https:\/\/digitalnews.hu\/index.php?rest_route=%2Fwp%2Fv2%2Ftags&post=9885"}],"curies":[{"name":"wp","href":"https:\/\/api.w.org\/{rel}","templated":true}]}}