{"id":9888,"date":"2026-09-06T00:28:38","date_gmt":"2026-09-05T22:28:38","guid":{"rendered":"https:\/\/digitalnews.hu\/?p=9888"},"modified":"2026-09-06T00:55:34","modified_gmt":"2026-09-05T22:55:34","slug":"szerintem-a-t-mobile-legutobbi-lepesei-sokba-kerulhettek-az-usa-ban","status":"publish","type":"post","link":"https:\/\/digitalnews.hu\/?p=9888","title":{"rendered":"Szerintem a T-Mobile legut\u00f3bbi l\u00e9p\u00e9sei sokba ker\u00fclhettek az USA-ban"},"content":{"rendered":"\n<p class=\"wp-block-paragraph\">A T-Mobile tov\u00e1bbra is egy olyan \u00faton halad, amely elriasztja az \u00fcgyfeleket.<\/p>\n\n\n\n<p class=\"wp-block-paragraph\">Amellett, hogy a T-Life alkalmaz\u00e1st minden \u00fcgyfel\u00e9re r\u00e1k\u00e9nyszer\u00edti, a <a href=\"https:\/\/www.phonearena.com\/t-mobile\" target=\"_blank\" rel=\"noopener\">T-Mobile<\/a> valami m\u00e1st is tesz, amit nagyon rosszul fogadtak. A T-Mobile \u00fcgyf\u00e9lk\u00f6re azzal fenyeget\u0151z\u00f6tt, hogy elhagyja a szolg\u00e1ltat\u00f3 n\u00e9lk\u00fcli h\u00e1l\u00f3zatot a versenyt\u00e1rsai jav\u00e1ra, \u00e9s ezek a leg\u00fajabb l\u00e9p\u00e9sek v\u00e9gre a legt\u00f6bb felhaszn\u00e1l\u00f3t a hat\u00e1rvonal f\u00f6l\u00e9 sodorhatj\u00e1k.<\/p>\n\n\n\n<p class=\"wp-block-paragraph\"><strong>A v\u00e1s\u00e1rl\u00f3k elutas\u00edtj\u00e1k az \u00fczletek bez\u00e1r\u00e1s\u00e1t<\/strong>!<\/p>\n\n\n\n<p class=\"wp-block-paragraph\">A T-Life alkalmaz\u00e1s szinte minden m\u0171k\u00f6d\u00e9shez sz\u00fcks\u00e9gess\u00e9 t\u00e9tele csup\u00e1n a kezdete volt a T-Mobile digit\u00e1lis \u00e1t\u00e1ll\u00e1si terveinek. Amikor a T-Mobile bejelent\u0151i egy ideje felvett\u00e9k vel\u00fcnk a kapcsolatot, \u00e9s elmondt\u00e1k, mit tervez a v\u00e1llalat, nem vicceltek. A T-Mobile m\u00e1r megkezdte az \u00fczletek bez\u00e1r\u00e1s\u00e1t \u00e9s az alkalmazottak elbocs\u00e1t\u00e1s\u00e1t, ami a v\u00e1llalatir\u00e1ny\u00edt\u00e1s \u00e1talak\u00edt\u00e1s\u00e1ra vonatkoz\u00f3 nagyszab\u00e1s\u00fa terv\u00e9nek k\u00f6vetkez\u0151 l\u00e9p\u00e9se.<\/p>\n\n\n\n<p class=\"wp-block-paragraph\">Egy nemr\u00e9giben v\u00e9gzett k\u00f6zv\u00e9lem\u00e9ny-kutat\u00e1sban megk\u00e9rdezt\u00fck \u00d6n\u00f6ket, hogy mi lenne a k\u00f6vetkez\u0151 l\u00e9p\u00e9s\u00fck, ha a T-Mobile \u00fczleteinek nagy r\u00e9sze bez\u00e1rna, \u00e9s m\u00e9g t\u00f6bb m\u0171veletet helyezn\u00e9nek \u00e1t a T-Life alkalmaz\u00e1sba. Nem meglep\u0151 m\u00f3don a v\u00e1laszad\u00f3k t\u00f6bb mint 53 sz\u00e1zal\u00e9ka mondta azt, hogy egy riv\u00e1lis szolg\u00e1ltat\u00f3ra vagy egy MVNO-ra (mobil virtu\u00e1lis h\u00e1l\u00f3zat\u00fczemeltet\u0151) v\u00e1ltana. Hasonl\u00f3k\u00e9ppen, a v\u00e1laszad\u00f3k t\u00f6bb mint fele kor\u00e1bban azt mondta, hogy a T-Mobile-r\u00f3l v\u00e1ltana, ha a v\u00e1llalat teljes m\u00e9rt\u00e9kben a T-Life alkalmaz\u00e1sra koncentr\u00e1l, ami m\u00e1r most is \u00edgy van. A T-Mobile teljes csomagja v\u00e9g\u00fcl sokba ker\u00fclhet nekik. \u00c9s ha nem, akkor gyan\u00edtom, hogy az AT&amp;T \u00e9s a Verizon gyorsan k\u00f6vetni fogja a p\u00e9ld\u00e1jukat.<\/p>\n\n\n\n<p class=\"wp-block-paragraph\">M\u00e1sr\u00e9szt a v\u00e1laszad\u00f3k k\u00f6zel 33 sz\u00e1zal\u00e9ka mondta azt, hogy val\u00f3j\u00e1ban nem szorulnak gyakran seg\u00edts\u00e9gre, \u00e9s elfogadj\u00e1k, ha az \u00fczletek bez\u00e1rnak. A szavaz\u00f3k valamivel t\u00f6bb mint 14 sz\u00e1zal\u00e9ka m\u00e9g a T-Life alkalmaz\u00e1s haszn\u00e1lat\u00e1val is egyet\u00e9rt, \u00e9s akkor is a szolg\u00e1ltat\u00f3n\u00e1l maradna, ha az a legt\u00f6bb \u00fczlet\u00e9t bez\u00e1rn\u00e1.<\/p>\n\n\n\n<p class=\"wp-block-paragraph\"><strong>Nincs lass\u00edt\u00e1s<\/strong><\/p>\n\n\n\n<p class=\"wp-block-paragraph\">Sajnos a T-Mobile \u00fcgyf\u00e9lk\u00f6r\u00e9nek fele sz\u00e1m\u00e1ra a v\u00e1llalat nem tervezi a digitaliz\u00e1ci\u00f3s er\u0151fesz\u00edt\u00e9sek lass\u00edt\u00e1s\u00e1t a k\u00f6zelj\u00f6v\u0151ben. Nemsok\u00e1ra a T-Life alkalmaz\u00e1s k\u00f6telez\u0151v\u00e9 v\u00e1lik mindenhez, \u00e9s nincsenek a k\u00f6zelben \u00fczletek, ahov\u00e1 emberi seg\u00edts\u00e9g\u00e9rt rohanhatn\u00e1nak.<\/p>\n\n\n\n<p class=\"wp-block-paragraph\"><strong>Ez sokba ker\u00fclhet a T-Mobile-nak<\/strong><\/p>\n\n\n\n<p class=\"wp-block-paragraph\">A nagy k\u00e9rd\u00e9s tov\u00e1bbra is az, hogy ez vajon k\u00f6lts\u00e9ges lesz-e a T-Mobile-nak vagy sem. Ha a szolg\u00e1ltat\u00f3 n\u00e9lk\u00fcli \u00fcgyf\u00e9lk\u00f6r mindenk\u00e9ppen kitart \u2013 ak\u00e1r a lefedetts\u00e9g miatt, ak\u00e1r az\u00e9rt, mert megszokj\u00e1k az \u00faj v\u00e1ltoz\u00e1sokat \u2013, akkor a T-Mobile sokat sp\u00f3rolhat az \u00fczemeltet\u00e9si k\u00f6lts\u00e9geken. Egy ilyen eredm\u00e9ny val\u00f3sz\u00edn\u0171leg azt eredm\u00e9nyezn\u00e9, hogy m\u00e1s szolg\u00e1ltat\u00f3k \u00e9s MVNO-k is a T-Mobile nyomdokaiba l\u00e9pn\u00e9nek.<\/p>\n\n\n\n<p class=\"wp-block-paragraph\">De ha ez t\u00f6megesen elriasztja az \u00fcgyfeleket, akkor ak\u00e1r el is \u00e9rkezhet egy nap, amikor a T-Mobile teljesen visszavonja a szab\u00e1lyoz\u00e1st. Ehhez azonban a szolg\u00e1ltat\u00f3 \u00fcgyf\u00e9lk\u00f6r\u00e9nek er\u0151s, egys\u00e9ges frontot kellene alkotnia, hogy fell\u00e9pjen a T-Life \u00e9s az \u00fczletek bez\u00e1r\u00e1sa ellen.<\/p>\n\n\n\n<p class=\"wp-block-paragraph\"><mark style=\"background-color:#9b51e0\" class=\"has-inline-color has-white-color\">Tov\u00e1bb a cikkre:<\/mark> <a href=\"https:\/\/www.phonearena.com\/news\/t-mobile-recent-moves-might-cost-it-dearly_id182713\" target=\"_blank\" rel=\"noopener\">phonearena.com<\/a> (Abdullah Asim)<\/p>\n\n\n\n<h1 class=\"wp-block-heading\">A T-Mobile mag\u00e1ra hagyja \u00fcgyfeleit<\/h1>\n\n\n\n<p class=\"wp-block-paragraph\">A T-Mobile \u00fcgyfeleinek neh\u00e9zs\u00e9get okoz a seg\u00edts\u00e9gny\u00fajt\u00e1s.<\/p>\n\n\n\n<p class=\"wp-block-paragraph\">Mik\u00f6zben a T-Mobile tov\u00e1bbra is <a href=\"https:\/\/www.phonearena.com\/news\/t-mobile-shuts-more-stores-and-reduce-headcount_id182954\" target=\"_blank\" rel=\"noopener\">elbocs\u00e1t\u00e1sokat hajt v\u00e9gre \u00e9s bez\u00e1rja \u00fczleteit<\/a>, az \u00fcgyfelek egyre ink\u00e1bb k\u00e9nytelenek a chatbotokra hagyatkozni. A mesters\u00e9ges intelligencia azonban nem mindig k\u00e9pes megfelelni a feladatnak, \u00e9s mivel <a href=\"https:\/\/www.phonearena.com\/news\/fewer-and-fewer-people-are-left-at-t-mobile-to-help-you-with-your-plan_id182493\" target=\"_blank\" rel=\"noopener\">kevesebb ember van, aki seg\u00edthetne az \u00fcgyfeleknek<\/a>, egyre nagyobb a frusztr\u00e1ci\u00f3.<br>A nehezen megfoghat\u00f3 t\u00e1mogat\u00e1si gomb<\/p>\n\n\n\n<p class=\"wp-block-paragraph\">A T-Mobile felhaszn\u00e1l\u00f3ja, TheMainTony <a href=\"https:\/\/www.reddit.com\/r\/tmobile\/comments\/1w4vak2\/please_click_the_button_to_continue\/?solution=bd7e108c4e0ca8b3bd7e108c4e0ca8b3&amp;js_challenge=1&amp;token=7afd7253fec22262ff1c52b1703fe9ec89ec45a17aecc9a93d878057dde332a8&amp;jsc_orig_r=&amp;share_id=XdHTKLmXA3gviAOg93dsr&amp;utm_content=1&amp;utm_medium=ios_app&amp;utm_name=iossmf&amp;utm_source=share&amp;utm_term=2\" target=\"_blank\" rel=\"noopener\">nemr\u00e9giben<\/a> egy digit\u00e1lis csatorn\u00e1n kereszt\u00fcl kereste meg az \u00fcgyf\u00e9lszolg\u00e1latot. Arra k\u00e9rt\u00e9k, hogy kattintson egy gombra, ha szeretne besz\u00e9lni az \u00fcgyf\u00e9lszolg\u00e1lati k\u00e9pvisel\u0151vel. Harminc perccel k\u00e9s\u0151bb m\u00e9g mindig a gomb megjelen\u00e9s\u00e9re v\u00e1rtak.<\/p>\n\n\n\n<p class=\"wp-block-paragraph\">Milyen gomb?! &#8230;. M\u00e1r majdnem 30 perce v\u00e1rok.<\/p>\n\n\n\n<p class=\"wp-block-paragraph\"><strong>Nem csak egy hiba<\/strong><\/p>\n\n\n\n<p class=\"wp-block-paragraph\">Norm\u00e1lis esetben egy ilyen hibak\u00e9nt t\u0171nne. De a T-Mobile \u00fcgyfelei egyre ink\u00e1bb hozz\u00e1szoktak, hogy \u00f3r\u00e1kig kell v\u00e1rniuk, mire el\u00e9rik az \u00fcgyf\u00e9lszolg\u00e1lati munkat\u00e1rsakat. N\u00e9ha a v\u00e1rakoz\u00e1s ak\u00e1r k\u00e9t \u00f3r\u00e1ra is ny\u00falhat, ha szerencs\u00e9nk van. Ellenkez\u0151 esetben el\u0151fordulhat, hogy soha nem \u00e9rik el a vonalat.<\/p>\n\n\n\n<p class=\"wp-block-paragraph\">&#8222;Nemr\u00e9g egy \u00f3r\u00e1t voltam ott, hogy megoldjak egy telefon felold\u00e1s\u00e1val kapcsolatos probl\u00e9m\u00e1t (kifizett\u00e9k a sz\u00e1ml\u00e1nkra, de a felold\u00e1ssal probl\u00e9ma volt)&#8221;. &#8211; Puzzleheaded-Sky2284, Reddit felhaszn\u00e1l\u00f3, 2026. szeptember<\/p>\n\n\n\n<p class=\"wp-block-paragraph\">&#8222;Legut\u00f3bb, amikor pr\u00f3b\u00e1ltam csevegni, nem siker\u00fclt el\u00e9rnem egy CS \u00fcgyn\u00f6k\u00f6t sem.&#8221; &#8211; tamudude, Reddit felhaszn\u00e1l\u00f3, 2026. szeptember<\/p>\n\n\n\n<p class=\"wp-block-paragraph\"><strong>Elfogadhatatlan<\/strong><\/p>\n\n\n\n<p class=\"wp-block-paragraph\">Az emberek \u00e1ltal\u00e1ban nem az\u00e9rt keresik meg a szolg\u00e1ltat\u00f3jukat, mert unatkoznak. Sz\u00fcks\u00e9g\u00fck van egy feloldott eszk\u00f6zre, vagy egy SIM-k\u00e1rty\u00e1val kapcsolatos probl\u00e9m\u00e1ra. Amikor a T-Mobile elhagyja az \u00fcgyfeleit, fenn\u00e1ll a vesz\u00e9lye annak, hogy teljesen lekapcsolj\u00e1k \u0151ket.<\/p>\n\n\n\n<p class=\"wp-block-paragraph\">A j\u00f3 h\u00edr az, hogy az egyik v\u00e1s\u00e1rl\u00f3 megjegyezte, hogy miut\u00e1n v\u00e9gre el\u00e9rte az \u00fcgyint\u00e9z\u0151t, meg\u00e9rte v\u00e1rni a seg\u00edts\u00e9gre. \u00dagy t\u0171nik, most m\u00e1r itt a m\u00e9rce.<\/p>\n\n\n\n<p class=\"wp-block-paragraph\"><strong>A strat\u00e9gia \u00fajra\u00e9rt\u00e9kel\u00e9se<\/strong><\/p>\n\n\n\n<p class=\"wp-block-paragraph\">A l\u00e9tsz\u00e1mcs\u00f6kkent\u00e9s \u00e9s a T-Life k\u00f6telez\u0151v\u00e9 t\u00e9tele miatt az alapvet\u0151 seg\u00edts\u00e9gny\u00fajt\u00e1s \u00f6nmag\u00e1ban is feladatt\u00e1 v\u00e1lt. Szerencs\u00e9re a T-Mobile <a href=\"https:\/\/www.phonearena.com\/news\/t-mobile-sending-execs-to-stores-and-call-centers_id182934\" target=\"_blank\" rel=\"noopener\">\u00fagy t\u0171nik, meghallotta \u00fcgyfelei panaszait<\/a>, \u00e9s \u00e1ll\u00edt\u00f3lag azt tervezi, hogy a fels\u0151 vezet\u00e9st elk\u00fcldi az \u00fczletekbe \u00e9s a call centerekbe, hogy megismerj\u00e9k, hogyan zajlik a digit\u00e1lis \u00e1talakul\u00e1s a gyakorlatban.<\/p>\n\n\n\n<p class=\"wp-block-paragraph\">&#8222;A T-Life alkalmaz\u00e1s folyamatosan kijelentkeztet a fi\u00f3komb\u00f3l, \u00e9s \u00fajra meg \u00fajra be kell jelentkeznem, m\u00e1r napok \u00f3ta \u00edgy van. Az alkalmaz\u00e1som m\u00e1r friss\u00edtve van, sz\u00f3val nem err\u0151l van sz\u00f3.&#8221; &#8211; CraftyBonus8067, Reddit felhaszn\u00e1l\u00f3, 2026. augusztus<\/p>\n\n\n\n<p class=\"wp-block-paragraph\">M\u00edg a T-Mobile \u00f6nkiszolg\u00e1l\u00f3 modellre vonatkoz\u00f3 elk\u00e9pzel\u00e9se egyes \u00fcgyfelek sz\u00e1m\u00e1ra el\u0151ny\u00f6snek t\u0171nik, m\u00e1sok r\u00e1mutatnak, hogy az <a href=\"https:\/\/www.reddit.com\/r\/tmobile\/comments\/1w0twuo\/whats_going_on\/\" target=\"_blank\" rel=\"noopener\">alkalmaz\u00e1s nem k\u00f6vetkezetes<\/a>. Ez, a mesters\u00e9ges intelligencia \u00e1ltal vez\u00e9relt chatbotokkal egy\u00fctt, azt jelenti, hogy az el\u0151fizet\u0151k gyakran tan\u00e1cstalanok, hogy hov\u00e1 forduljanak seg\u00edts\u00e9g\u00e9rt.<\/p>\n\n\n\n<p class=\"wp-block-paragraph\">Az sem sokat seg\u00edt, ha bem\u00e9sz egy \u00fczletbe, mivel a szem\u00e9lyzetet gyakorlatilag elriasztj\u00e1k ezekt\u0151l a feladatokt\u00f3l. Amikor egy kiskereskedelmi \u00fczletben \u00e1llsz, \u00e9s csak arra k\u00e9rnek, hogy haszn\u00e1ld az alkalmaz\u00e1st, az m\u00e1r \u00f6nmag\u00e1ban is \u00e9rtelmetlenn\u00e9 teszi az odal\u00e1togat\u00e1st.<\/p>\n\n\n\n<p class=\"wp-block-paragraph\"><mark style=\"background-color:#9b51e0\" class=\"has-inline-color has-white-color\">Tov\u00e1bb a cikkre:<\/mark> <a href=\"https:\/\/www.phonearena.com\/news\/t-mobile-customer-care-chat_id183042\" target=\"_blank\" rel=\"noopener\">phonearena.com<\/a> (Anam Hamid)<\/p>\n\n\n\n<h1 class=\"wp-block-heading\">A T-Mobile k\u00e9pvisel\u0151je szerint a szolg\u00e1ltat\u00f3 \u201egyorsan lecsapott\u201d, ami arra k\u00e9nyszer\u00edtette az alkalmazottakat, hogy kapkodjanak a fizet\u00e9s\u00fck\u00e9rt.<\/h1>\n\n\n\n<p class=\"wp-block-paragraph\">Egy T-Mobile mobilszak\u00e9rt\u0151 szerint az \u00fcgyfeleknek a T-Mobile-ra kellene haragudniuk, nem a szolg\u00e1ltat\u00f3 k\u00e9pvisel\u0151ire.<\/p>\n\n\n\n<p class=\"wp-block-paragraph\">A T-Mobile el\u0151fizet\u0151inek is megvolt a maguk rossz tapasztalata a szolg\u00e1ltat\u00f3 mobil szak\u00e9rt\u0151ivel kapcsolatban, akiket ezeken az oldalakon ismertett\u00fcnk. Megosztottuk vel\u00fck a t\u00f6rt\u00e9neteiket arr\u00f3l, hogyan t\u00f6mt\u00e9k tele \u0151ket a szolg\u00e1ltat\u00f3 k\u00e9pvisel\u0151i, \u00e9s hogyan s\u00e9t\u00e1ltak ki a T-Mobile \u00fczletb\u0151l olyan kieg\u00e9sz\u00edt\u0151kkel, amelyeket nem k\u00e9rtek. Ez nemcsak magasabb jutal\u00e9kokat gener\u00e1lt az \u00e9rt\u00e9kes\u00edt\u0151knek, hanem lehet\u0151v\u00e9 tette sz\u00e1mukra, hogy el\u00e9rjenek bizonyos havi teljes\u00edtm\u00e9nyc\u00e9lokat, amelyeket m\u00e9r\u0151sz\u00e1moknak nevez\u00fcnk.<\/p>\n\n\n\n<p class=\"wp-block-paragraph\"><strong>A T-Mobile k\u00e9pvisel\u0151je szerint a T-Mobile a hib\u00e1s az \u201eleroml\u00f3 \u00fcgyf\u00e9l\u201d k\u00f6rnyezet\u00e9rt.<\/strong><\/p>\n\n\n\n<p class=\"wp-block-paragraph\">Ezeket a cikkeket a v\u00e1s\u00e1rl\u00f3 szemsz\u00f6g\u00e9b\u0151l \u00edrtuk. Ma a Mobil Szak\u00e9rt\u0151 szemsz\u00f6g\u00e9b\u0151l vizsg\u00e1ljuk ezeket a helyzeteket. A Reddit felhaszn\u00e1l\u00f3, TurnFew5442 a <a href=\"https:\/\/www.reddit.com\/r\/T_mobile_\/comments\/1w7qj2w\/stop_treating_your_mobile_expert_like_garbage\/?solution=15de98010af220dd15de98010af220dd&amp;js_challenge=1&amp;jsc_token=7afd7253fec22262ff1c52b1703fe9ec3daed182f23309feb4f27a73179f0d33&amp;jsc_orig_r=&amp;share_id=37TdlW4FJ5Lx1bDj_7nsY&amp;utm_content=1&amp;utm_medium=ios_app&amp;utm_name=iossmf&amp;utm_source=share&amp;utm_term=2\" target=\"_blank\" rel=\"noopener\">k\u00f6z\u00f6ss\u00e9gi oldalon \u00edrta k\u00e9r\u00e9s\u00e9t<\/a> a k\u00f6vetkez\u0151 c\u00edmmel: \u201eNe b\u00e1nj a Mobil Szak\u00e9rt\u0151ddel \u00fagy, mint a szem\u00e9ttel.\u201d<\/p>\n\n\n\n<p class=\"wp-block-paragraph\">B\u00e1r ez a mobilszak\u00e9rt\u0151 azt mondta, hogy \u201e a T-Mobile-nak vannak a legsz\u00f6rny\u0171bb \u00fcgyfelei, akikkel valaha is dolgom volt\u201d, hozz\u00e1teszi, hogy nem \u0151ket hib\u00e1ztatja. Val\u00f3j\u00e1ban a munkaad\u00f3j\u00e1t hib\u00e1ztatja, ami ebben az esetben a T-Mobile . Egy T-Mobile Experience \u00fczletben dolgozik, amelyet a szolg\u00e1ltat\u00f3 birtokol \u00e9s \u00fczemeltet.<\/p>\n\n\n\n<p class=\"wp-block-paragraph\"><strong>A T-Mobile lehetetlen teljes\u00edtm\u00e9nyc\u00e9lokat ad a k\u00e9pvisel\u0151inek minden h\u00f3napban.<\/strong><\/p>\n\n\n\n<p class=\"wp-block-paragraph\">A Mobil Szak\u00e9rt\u0151 ezt \u00edrta: \u201eTudjuk, hogy a legt\u00f6bben (k\u00fcl\u00f6n\u00f6sen az \u00c9lm\u00e9nyboltokban) val\u00f3ban a legjobbat akarjuk \u00d6nnek, mint v\u00e1s\u00e1rl\u00f3nak, de lehetetlen m\u00e9rc\u00e9knek kell megfeleln\u00fcnk, \u00e9s ez k\u00f6zvetlen\u00fcl befoly\u00e1solja a v\u00e1s\u00e1rl\u00f3i \u00e9lm\u00e9nyt.\u201d Arr\u00f3l besz\u00e9l, hogy a T-Mobile k\u00e9pvisel\u0151inek minden h\u00f3napban teljes\u00edteni\u00fck kell a teljes\u00edtm\u00e9nyc\u00e9lokat. Ezeket a mutat\u00f3kat m\u00e1r sokszor elmagyar\u00e1ztuk, \u00e9s ha egy k\u00e9pvisel\u0151 nem teljes\u00edti \u0151ket, elvesz\u00edtheti az \u00e1ll\u00e1s\u00e1t.<\/p>\n\n\n\n<p class=\"wp-block-paragraph\">&#8222;Interakci\u00f3 kontra v\u00e9grehajt\u00e1s t\u00edpus\u00fa fizet\u00e9si rendszeren dolgozunk, \u00e9s a c\u00e9g nemr\u00e9giben \u00fagy d\u00f6nt\u00f6tt, hogy t\u00fal sokat keres\u00fcnk. Ahelyett, hogy ezt beismert\u00e9k volna, elkezdtek j\u00e1tszani a mutat\u00f3inkkal \u00e9s az \u00fczletben zajl\u00f3 folyamatainkkal, hogy n\u00f6velj\u00e9k az interakci\u00f3k sz\u00e1m\u00e1t, mik\u00f6zben cs\u00f6kkentik a konverzi\u00f3t. R\u00f6viden, gyorsan lecsaptak az alkalmazottaikra, \u00e9s most azon kapjuk magunkat, hogy megtal\u00e1ljuk a m\u00f3dj\u00e1t, hogyan sp\u00f3rolhatn\u00e1nk a fizet\u00e9s\u00fcnket.&#8221;- T-Mobile Experience \u00fczletk\u00e9pvisel\u0151, Reddit-el\u0151fizet\u0151 TurnFew5442<\/p>\n\n\n\n<p class=\"wp-block-paragraph\">N\u00e9h\u00e1ny \u00e9vvel ezel\u0151tt <a href=\"https:\/\/www.phonearena.com\/news\/t-mobile-metrics-leak-explaining-why-reps-push-accessories-and-more_id164394\" target=\"_blank\" rel=\"noopener\">mutattunk egy kisziv\u00e1rgott list\u00e1t<\/a> azokr\u00f3l a teljes\u00edtm\u00e9nyc\u00e9lokr\u00f3l, amelyeket egy meg nem nevezett v\u00e1llalati \u00fczlet k\u00e9pvisel\u0151j\u00e9nek havonta el kell \u00e9rnie. Az egyik kulcsfontoss\u00e1g\u00fa mutat\u00f3 megmagyar\u00e1zza, hogy egyes T-Mobile k\u00e9pvisel\u0151k mi\u00e9rt adnak titokban olyan dolgokat, mint a k\u00e9perny\u0151v\u00e9d\u0151 f\u00f3li\u00e1k, t\u00f6lt\u0151k, vezet\u00e9k n\u00e9lk\u00fcli f\u00fclhallgat\u00f3k \u00e9s egyebek egy \u00faj telefon v\u00e1s\u00e1rl\u00e1sakor. A kisziv\u00e1rgott 2024-es mutat\u00f3lista szerint az k\u00e9pvisel\u0151knek minden eladott telefonhoz h\u00e1rom kieg\u00e9sz\u00edt\u0151 elad\u00e1s\u00e1ra kell t\u00f6rekedni\u00fck.<\/p>\n\n\n\n<figure class=\"wp-block-image size-full\"><img loading=\"lazy\" decoding=\"async\" width=\"756\" height=\"518\" src=\"https:\/\/digitalnews.hu\/wp-content\/uploads\/2026\/09\/mrmet.webp\" alt=\"\" class=\"wp-image-9893\"\/><\/figure>\n\n\n\n<p class=\"wp-block-paragraph\">Ha \u00d6n egy \u00e9rt\u00e9kes\u00edt\u0151 a T-Mobile- n\u00e1l , \u00e9s a szolg\u00e1ltat\u00f3 azt mondja, hogy minden eladott telefonhoz h\u00e1rom kieg\u00e9sz\u00edt\u0151t kell eladnia, k\u00fcl\u00f6nben kir\u00faghatnak, mit fog tenni? Sok mobilszak\u00e9rt\u0151 nyom\u00e1s alatt \u00e9rzi mag\u00e1t, hogy ezeket a kieg\u00e9sz\u00edt\u0151ket a tudtuk n\u00e9lk\u00fcl a sz\u00e1ml\u00e1jukhoz adja hozz\u00e1 az \u00fcgyfeleihez.<\/p>\n\n\n\n<p class=\"wp-block-paragraph\">Ez\u00e9rt mondja a bejegyz\u00e9s \u00edr\u00f3ja, hogy a T-Mobile \u00fcgyfeleinek nem szabadna ennyire rosszul b\u00e1nniuk az \u00e9rt\u00e9kes\u00edt\u0151ikkel, mivel a szolg\u00e1ltat\u00f3 nyom\u00e1st gyakorol r\u00e1juk, hogy teljes\u00edts\u00e9k teljes\u00edtm\u00e9nyc\u00e9ljaikat, k\u00fcl\u00f6nben elvesz\u00edtik az \u00e1ll\u00e1sukat. Bejegyz\u00e9s\u00e9ben megjegyzi, hogy a T-Mobile \u00e1ltal v\u00e9grehajtott legut\u00f3bbi v\u00e1ltoztat\u00e1sok miatt az \u00e9rt\u00e9kes\u00edt\u0151knek nap mint nap t\u00f6bb potenci\u00e1lis \u00fcgyf\u00e9llel kell foglalkozniuk, mivel azok weboldalakra kattintanak, h\u00edv\u00e1sokat kezdem\u00e9nyeznek vagy hirdet\u00e9sekre kattintanak. Ennek ellen\u00e9re a szolg\u00e1ltat\u00f3 megnehez\u00edtette a mobilszak\u00e9rt\u0151k sz\u00e1m\u00e1ra, hogy ezeket az interakci\u00f3kat elad\u00e1sokk\u00e1 alak\u00edts\u00e1k.<\/p>\n\n\n\n<p class=\"wp-block-paragraph\"><strong>A T-Mobile int\u00e9zked\u00e9sei \u00e1ll\u00edt\u00f3lag ak\u00e1r havi 600 doll\u00e1rba is ker\u00fclhetnek k\u00e9pvisel\u0151inek.<\/strong><\/p>\n\n\n\n<p class=\"wp-block-paragraph\">A Redditor\/ T-Mobile k\u00e9pvisel\u0151je a bejegyz\u00e9s\u00e9ben vil\u00e1goss\u00e1 tette, hogy ezek a v\u00e1ltoz\u00e1sok val\u00f3di p\u00e9nzbe ker\u00fclnek a T-Mobile \u00e9rt\u00e9kes\u00edt\u0151inek, ak\u00e1r havi 600 doll\u00e1rba is. A mobilszak\u00e9rt\u0151k is \u00e9rzik ezt, \u00e9s ez alacsonyabb \u00fcgyf\u00e9l-el\u00e9gedetts\u00e9gi pontsz\u00e1mokhoz vezetett. Azt mondja, hogy a T-Mobile egy \u201eaz utols\u00f3 az \u00fcgyf\u00e9l\u201d k\u00f6rnyezetet teremtett, \u00e9s azt javasolja, hogy az \u00fcgyfelek k\u00f6veteljenek v\u00e1laszokat.<\/p>\n\n\n\n<p class=\"wp-block-paragraph\">Ami ezt annyira megd\u00f6bbent\u0151v\u00e9 teszi, az az, hogy a T-Mobile egykor nagyon \u00fcgyf\u00e9lbar\u00e1t volt, amikor m\u00e9g kor\u00e1bbi vez\u00e9rigazgat\u00f3ja, John Legere vezette. Ezekben az \u00e9vekben Legere egy leny\u0171g\u00f6z\u0151 fordulatot vezetett be, amelynek eredm\u00e9nyek\u00e9nt a T-Mobile az Egyes\u00fclt \u00c1llamok leginnovat\u00edvabb \u00e9s leggyorsabban n\u00f6vekv\u0151 szolg\u00e1ltat\u00f3j\u00e1v\u00e1 v\u00e1lt.<\/p>\n\n\n\n<p class=\"wp-block-paragraph\"><strong>A T-Mobile m\u00e1r csak \u00e1rny\u00e9ka \u00f6nmag\u00e1nak<\/strong><\/p>\n\n\n\n<p class=\"wp-block-paragraph\">Mivel a T-Mobile jelenleg egy digit\u00e1lis-k\u00f6zpont\u00fa mobilszolg\u00e1ltat\u00f3ra t\u00e9r \u00e1t, \u00e9s arra k\u00e9nyszer\u00edti az \u00fcgyfeleket, hogy a legt\u00f6bb tranzakci\u00f3t a T-Life alkalmaz\u00e1ssal bonyol\u00edts\u00e1k le, m\u00e1ra m\u00e1r csak \u00e1rny\u00e9ka \u00f6nmag\u00e1nak.<\/p>\n\n\n\n<p class=\"wp-block-paragraph\">Egy utols\u00f3 gondolat. Mi\u00e9rt kellene az \u00fcgyfeleknek jobban b\u00e1nniuk a mobilszak\u00e9rt\u0151ikkel, amikor \u0151k azok, akiket a tisztess\u00e9gtelen k\u00e9pvisel\u0151k tettei s\u00e9rtenek? \u00c9n a T-Mobile- t hib\u00e1ztatn\u00e1m, ami\u00e9rt t\u00fal nagy nyom\u00e1st gyakoroltak az k\u00e9pvisel\u0151kre, gyakorlatilag nem hagyva nekik m\u00e1s kiutat, mint hogy zs\u00fafol\u00e1sig t\u00f6mj\u00e9k az \u00fcgyfeleiket?<\/p>\n\n\n\n<p class=\"wp-block-paragraph\">Igen, azok az \u00e9rt\u00e9kes\u00edt\u0151k is felel\u0151sek, akik illeg\u00e1lis tev\u00e9kenys\u00e9gekhez, p\u00e9ld\u00e1ul a bemagol\u00e1shoz folyamodnak. Ha nem tudj\u00e1k \u00e9rt\u00e9kes\u00edt\u0151k\u00e9nt \u00fagy teljes\u00edteni, hogy ne kelljen olyan term\u00e9keket \u00e9s szolg\u00e1ltat\u00e1sokat eladniuk az \u00fcgyfeleknek, amelyeket nem k\u00e9rtek, akkor tal\u00e1n egy m\u00e1sik munkak\u00f6rben kellene elhelyezkedni\u00fck.<\/p>\n\n\n\n<p class=\"wp-block-paragraph\">Term\u00e9szetesen az \u00fcgyfeleknek tov\u00e1bbra sem kell att\u00f3l tartaniuk, hogy minden alkalommal, amikor egy T-Mobile \u00fczletben j\u00e1rnak, \u00e1tverik \u0151ket.<\/p>\n\n\n\n<p class=\"wp-block-paragraph\"><mark style=\"background-color:#9b51e0\" class=\"has-inline-color has-white-color\">Tov\u00e1bb a cikkre:<\/mark> <a href=\"https:\/\/www.phonearena.com\/news\/customers-should-blame-t-mobile-not-reps-says-salesman_id183109\" target=\"_blank\" rel=\"noopener\">phonearena.com<\/a> (Alan Friedman)<\/p>\n","protected":false},"excerpt":{"rendered":"<p>A T-Mobile tov\u00e1bbra is egy olyan \u00faton halad, amely elriasztja az \u00fcgyfeleket. Amellett, hogy a T-Life alkalmaz\u00e1st minden \u00fcgyfel\u00e9re r\u00e1k\u00e9nyszer\u00edti,&hellip;<\/p>\n","protected":false},"author":1,"featured_media":9889,"comment_status":"closed","ping_status":"closed","sticky":false,"template":"","format":"standard","meta":{"footnotes":""},"categories":[14],"tags":[],"class_list":["post-9888","post","type-post","status-publish","format-standard","has-post-thumbnail","hentry","category-tavkozles"],"_links":{"self":[{"href":"https:\/\/digitalnews.hu\/index.php?rest_route=\/wp\/v2\/posts\/9888","targetHints":{"allow":["GET"]}}],"collection":[{"href":"https:\/\/digitalnews.hu\/index.php?rest_route=\/wp\/v2\/posts"}],"about":[{"href":"https:\/\/digitalnews.hu\/index.php?rest_route=\/wp\/v2\/types\/post"}],"author":[{"embeddable":true,"href":"https:\/\/digitalnews.hu\/index.php?rest_route=\/wp\/v2\/users\/1"}],"replies":[{"embeddable":true,"href":"https:\/\/digitalnews.hu\/index.php?rest_route=%2Fwp%2Fv2%2Fcomments&post=9888"}],"version-history":[{"count":4,"href":"https:\/\/digitalnews.hu\/index.php?rest_route=\/wp\/v2\/posts\/9888\/revisions"}],"predecessor-version":[{"id":9895,"href":"https:\/\/digitalnews.hu\/index.php?rest_route=\/wp\/v2\/posts\/9888\/revisions\/9895"}],"wp:featuredmedia":[{"embeddable":true,"href":"https:\/\/digitalnews.hu\/index.php?rest_route=\/wp\/v2\/media\/9889"}],"wp:attachment":[{"href":"https:\/\/digitalnews.hu\/index.php?rest_route=%2Fwp%2Fv2%2Fmedia&parent=9888"}],"wp:term":[{"taxonomy":"category","embeddable":true,"href":"https:\/\/digitalnews.hu\/index.php?rest_route=%2Fwp%2Fv2%2Fcategories&post=9888"},{"taxonomy":"post_tag","embeddable":true,"href":"https:\/\/digitalnews.hu\/index.php?rest_route=%2Fwp%2Fv2%2Ftags&post=9888"}],"curies":[{"name":"wp","href":"https:\/\/api.w.org\/{rel}","templated":true}]}}