{"id":9896,"date":"2026-09-06T01:24:00","date_gmt":"2026-09-05T23:24:00","guid":{"rendered":"https:\/\/digitalnews.hu\/?p=9896"},"modified":"2026-09-06T01:29:27","modified_gmt":"2026-09-05T23:29:27","slug":"hasznaltam-az-elso-keret-nelkuli-telefont-es-ez-lehet-az-iphone-pro-es-a-galaxy-ultra-jovoje","status":"publish","type":"post","link":"https:\/\/digitalnews.hu\/?p=9896","title":{"rendered":"Haszn\u00e1ltam az els\u0151 keret n\u00e9lk\u00fcli telefont, \u00e9s ez lehet az iPhone Pro \u00e9s a Galaxy Ultra j\u00f6v\u0151je"},"content":{"rendered":"\n<p class=\"wp-block-paragraph\">Sz\u00fcntesd meg az \u00f6sszes keretet!<\/p>\n\n\n\n<p class=\"wp-block-paragraph\">\u00c9pp most volt szerencs\u00e9m kipr\u00f3b\u00e1lni a vil\u00e1g els\u0151 val\u00f3ban nulla keret\u0171 telefonprotot\u00edpus\u00e1t. A jelenlegi nagyon v\u00e9kony keret\u0171 telefonokhoz k\u00e9pest nem hiszem, hogy ez k\u00fcl\u00f6nbs\u00e9get jelentene, de ez a fajta diz\u00e1jn mindenk\u00e9ppen el\u0151remutat\u00f3nak t\u0171nik. Szerintem annyi van benne, hogy a mainstream gy\u00e1rt\u00f3knak legal\u00e1bb ki kellene pr\u00f3b\u00e1lniuk, \u00e9s megn\u00e9zni\u00fck, m\u0171k\u00f6dik-e.<\/p>\n\n\n\n<p class=\"wp-block-paragraph\">A tech c\u00e9gek r\u00e9g\u00f3ta keresztes hadj\u00e1ratot folytatnak a k\u00e9perny\u0151 keretek megsz\u00fcntet\u00e9s\u00e9\u00e9rt, amit \u00e1ltal\u00e1ban az emberis\u00e9g gy\u0151zelm\u00e9nek tekintek. A \u201ekeret n\u00e9lk\u00fcli\u201d megjelen\u00e9s nemcsak letisztult, futurisztikus megjelen\u00e9st k\u00f6lcs\u00f6n\u00f6z, hanem lehet\u0151v\u00e9 teszi a gy\u00e1rt\u00f3k sz\u00e1m\u00e1ra, hogy nagyobb kijelz\u0151t szereljenek be ugyanabba a helyig.<\/p>\n\n\n\n<figure class=\"wp-block-image size-full\"><img loading=\"lazy\" decoding=\"async\" width=\"800\" height=\"600\" src=\"https:\/\/digitalnews.hu\/wp-content\/uploads\/2026\/09\/tecno-zero-bezel-hands-on-05.webp\" alt=\"\" class=\"wp-image-9900\" srcset=\"https:\/\/digitalnews.hu\/wp-content\/uploads\/2026\/09\/tecno-zero-bezel-hands-on-05.webp 800w, https:\/\/digitalnews.hu\/wp-content\/uploads\/2026\/09\/tecno-zero-bezel-hands-on-05-768x576.webp 768w\" sizes=\"auto, (max-width: 800px) 100vw, 800px\" \/><\/figure>\n\n\n\n<p class=\"wp-block-paragraph\">B\u00e1r volt egy id\u0151szak, amikor rutinszer\u0171en \u201ekeret n\u00e9lk\u00fclinek\u201d nevezt\u00fck a telefonokat, a val\u00f3s\u00e1g az, hogy ezek nem voltak, \u00e9s ma sem teljesen keret n\u00e9lk\u00fcliek.<\/p>\n\n\n\n<p class=\"wp-block-paragraph\">Ez val\u00f3sz\u00edn\u0171leg nem akkora probl\u00e9ma, de fel kell tenni a k\u00e9rd\u00e9st \u2013 mi lenne, ha egy telefonnak val\u00f3ban nulla kerete lenne? Hogyan n\u00e9zne ki? Jav\u00edtan\u00e1 valahogy a felhaszn\u00e1l\u00f3i \u00e9lm\u00e9nyt?<\/p>\n\n\n\n<p class=\"wp-block-paragraph\">A Tecno, amely el\u0151sz\u00f6r a tavalyi MWC-n mutatta be rendk\u00edv\u00fcl v\u00e9kony <a href=\"https:\/\/www.phonearena.com\/news\/tecno-spark-slim-mwc-hands-on_id168195\" target=\"_blank\" rel=\"noopener\">Spark Slim telefon protot\u00edpus\u00e1t<\/a>, most ism\u00e9t a reflektorf\u00e9nybe ker\u00fcl egy \u00faj protot\u00edpussal, ez\u00fattal egy val\u00f3ban keret n\u00e9lk\u00fcli telefonnal.<\/p>\n\n\n\n<figure class=\"wp-block-image size-full\"><img loading=\"lazy\" decoding=\"async\" width=\"800\" height=\"450\" src=\"https:\/\/digitalnews.hu\/wp-content\/uploads\/2026\/09\/2.webp\" alt=\"\" class=\"wp-image-9901\" srcset=\"https:\/\/digitalnews.hu\/wp-content\/uploads\/2026\/09\/2.webp 800w, https:\/\/digitalnews.hu\/wp-content\/uploads\/2026\/09\/2-768x432.webp 768w\" sizes=\"auto, (max-width: 800px) 100vw, 800px\" \/><\/figure>\n\n\n\n<p class=\"wp-block-paragraph\">A l\u00e9nyeg az, hogy ez az \u00faj protot\u00edpus val\u00f3j\u00e1ban \u00fagy \u00e9rz\u0151dik \u00e9s \u00fagy is m\u0171k\u00f6dik, mint egy k\u00e9szterm\u00e9k. A Tecno keret n\u00e9lk\u00fcli telefonnal val\u00f3 gyakorlati tapasztalataim sor\u00e1n t\u00f6k\u00e9letesen m\u0171k\u00f6d\u0151k\u00e9pes volt, \u00e9s azt a benyom\u00e1st keltette, hogy egy ilyen term\u00e9k val\u00f3ban b\u00e1rmikor megjelenhet a piacon.<\/p>\n\n\n\n<p class=\"wp-block-paragraph\">Ism\u00e9tlem, nem hiszem, hogy a kijelz\u0151 k\u00f6r\u00fcli fekete keret hi\u00e1nya b\u00e1rmilyen m\u00f3don jav\u00edtan\u00e1 a haszn\u00e1lhat\u00f3s\u00e1got, kiv\u00e9ve a m\u00e1r eml\u00edtett lehet\u0151s\u00e9get, hogy egy m\u00e9g nagyobb kijelz\u0151t is be lehessen pr\u00e9selni ugyanabba a keretbe, de azt mindenk\u00e9ppen kijelenthetem, hogy j\u00f3l n\u00e9z ki.<\/p>\n\n\n\n<p class=\"wp-block-paragraph\">A Tecno nulla keret\u0171 telefonja, k\u00fcl\u00f6n\u00f6sen az okosan megv\u00e1lasztott ez\u00fcst alum\u00ednium kerettel, val\u00f3ban a j\u00f6v\u0151 term\u00e9k\u00e9nek t\u0171nik, mivel a k\u00e9perny\u0151 k\u00f6zvetlen\u00fcl \u00e9rintkezik az ez\u00fcst kerettel, \u00e9s kev\u00e9sb\u00e9 visszafogottnak t\u0171nik, mint valaha.<\/p>\n\n\n\n<p class=\"wp-block-paragraph\"><strong>Mi a helyzet az iPhone-nal \u00e9s a Galaxy-szal? Vajon ezek is val\u00f3ban keret n\u00e9lk\u00fcliek lesznek valamikor?<\/strong><\/p>\n\n\n\n<figure class=\"wp-block-image size-full\"><img loading=\"lazy\" decoding=\"async\" width=\"800\" height=\"600\" src=\"https:\/\/digitalnews.hu\/wp-content\/uploads\/2026\/09\/tecno-zero-bezel-hands-on-16.webp\" alt=\"\" class=\"wp-image-9902\" srcset=\"https:\/\/digitalnews.hu\/wp-content\/uploads\/2026\/09\/tecno-zero-bezel-hands-on-16.webp 800w, https:\/\/digitalnews.hu\/wp-content\/uploads\/2026\/09\/tecno-zero-bezel-hands-on-16-768x576.webp 768w\" sizes=\"auto, (max-width: 800px) 100vw, 800px\" \/><\/figure>\n\n\n\n<p class=\"wp-block-paragraph\">Term\u00e9szetesen felmer\u00fclt bennem a k\u00e9rd\u00e9s, hogy az Apple vagy a Samsung vajon valamikor \u00e1t\u00e1ll\u00edtja-e a z\u00e1szl\u00f3shaj\u00f3it egy ilyen teljesen keret n\u00e9lk\u00fcli megjelen\u00e9sre, \u00e9s azt hiszem, hogy meg is teszik, de csak gondos, hossz\u00fa t\u00e1v\u00fa bels\u0151 tesztel\u00e9s ut\u00e1n.<\/p>\n\n\n\n<p class=\"wp-block-paragraph\">Ki tudja, lehetnek rejtett probl\u00e9m\u00e1k, amelyekr\u0151l m\u00e9g nem tudunk. V\u00e9g\u00fcl is eddig senki sem haszn\u00e1lt igaz\u00e1n ilyen telefont. Sok felhaszn\u00e1l\u00f3i visszajelz\u00e9st kell \u00f6sszegy\u0171jteni, miel\u0151tt ak\u00e1r az Apple, ak\u00e1r a Samsung j\u00f3v\u00e1hagyn\u00e1 ezt a diz\u00e1jnt a mainstream z\u00e1szl\u00f3shaj\u00f3i sz\u00e1m\u00e1ra.<\/p>\n\n\n\n<p class=\"wp-block-paragraph\"><strong>Ha m\u00e1r itt tartunk, az iPhone Pro \u00e9s a Galaxy S Ultra sorozat t\u0171nik a legf\u0151bb jel\u00f6ltnek a nulla keret n\u00e9lk\u00fcli kialak\u00edt\u00e1s bevezet\u00e9s\u00e9re.<\/strong><\/p>\n\n\n\n<p class=\"wp-block-paragraph\">Az Apple oldal\u00e1n egy kis \u00f6sszegben fogadn\u00e9k, hogy az Apple el\u0151sz\u00f6r az iPhone Pro sorozat\u00e1n vezetne be egy ilyen diz\u00e1jnt (amikor \u00e9letk\u00e9pess\u00e9 v\u00e1lik). Mi\u00e9rt? Mert a Pro egy cs\u00facskateg\u00f3ri\u00e1s iPhone, amely \u00e1ll\u00edt\u00f3lag a leg\u00fajabb hardveres \u00e9s diz\u00e1jn innov\u00e1ci\u00f3kat kapja, ellent\u00e9tben az alap iPhone-nal, amely egy gener\u00e1ci\u00f3val lemarad a diz\u00e1jn tekintet\u00e9ben.<\/p>\n\n\n\n<p class=\"wp-block-paragraph\">Att\u00f3l f\u00fcgg\u0151en, hogy a gy\u00e1rt\u00f3k mikor d\u00f6ntenek a keret n\u00e9lk\u00fcli technol\u00f3gia mellett, az <a href=\"https:\/\/www.phonearena.com\/apple-foldable-iphone-fold-release-date-price-features-news-upgrades\" target=\"_blank\" rel=\"noopener\">\u00f6sszecsukhat\u00f3 iPhone Ultra eset\u00e9ben<\/a> is el\u0151fordulhat, hogy kihagyj\u00e1k az els\u0151 gener\u00e1ci\u00f3s keret n\u00e9lk\u00fcli kialak\u00edt\u00e1st, mivel az \u00f6sszecsukhat\u00f3 szerkezet \u00f6nmag\u00e1ban is bonyolult, \u00edgy nem hiszem, hogy az Apple sietne a dolgok m\u00e9g bonyolultabb\u00e1 t\u00e9tel\u00e9vel. A Samsung oldal\u00e1n szerintem logikus, hogy a Samsung el\u0151sz\u00f6r a Galaxy Ultra sorozaton vezessen be egy ilyen kialak\u00edt\u00e1st, hasonl\u00f3 okokb\u00f3l, mint az Apple eset\u00e9ben. Csakhogy a Samsung sz\u00e1m\u00e1ra a Galaxy Ultra nagyj\u00e1b\u00f3l az Apple Pro Max\u00e1nak felel meg. Jelenleg azonban nem hiszem, hogy komoly pletyk\u00e1k keringen\u00e9nek arr\u00f3l, hogy b\u00e1rmelyik c\u00e9g is \u00e1t\u00e1llna a nulla keretre a k\u00f6vetkez\u0151 egy-k\u00e9t gener\u00e1ci\u00f3 sor\u00e1n.<\/p>\n\n\n\n<p class=\"wp-block-paragraph\">Ne feledj\u00fck, hogy b\u00e1r a Tecno az els\u0151 c\u00e9g, amely m\u0171k\u00f6d\u0151, keret n\u00e9lk\u00fcli protot\u00edpus telefont mutatott be, ez nem jelenti azt, hogy ez lesz az els\u0151 c\u00e9g, amely k\u00e9sz term\u00e9ket dob \u200b\u200bpiacra. A Tecno egyszer\u0171en csak teszteli, hogy meg\u00e9ri-e befektetni egy kereskedelmi forgalomba.<\/p>\n\n\n\n<p class=\"wp-block-paragraph\">Ennek ellen\u00e9re elismer\u00e9s j\u00e1r a Tecn\u00f3nak, hogy egy \u00fajabb mer\u00e9sz koncepci\u00f3t alkotott, \u00e9s siker\u00fclt mag\u00e1ra vonnia a figyelmet. Ez nem k\u00f6nny\u0171 dolog a mai rendk\u00edv\u00fcl versenyk\u00e9pes \u00e9s tel\u00edtett telefonpiacon.<\/p>\n\n\n\n<p class=\"wp-block-paragraph\"><mark style=\"background-color:#9b51e0\" class=\"has-inline-color has-white-color\">Tov\u00e1bb a cikkre:<\/mark> <a href=\"https:\/\/www.phonearena.com\/news\/I-used-the-first-zero-bezel-phone-and-it-might-be-the-future-of-iPhone-Pro-and-Galaxy-Ultra_id183111\" target=\"_blank\" rel=\"noopener\">phonearena.com<\/a> (Rad Slavov)<\/p>\n","protected":false},"excerpt":{"rendered":"<p>Sz\u00fcntesd meg az \u00f6sszes keretet! \u00c9pp most volt szerencs\u00e9m kipr\u00f3b\u00e1lni a vil\u00e1g els\u0151 val\u00f3ban nulla keret\u0171 telefonprotot\u00edpus\u00e1t. A jelenlegi nagyon&hellip;<\/p>\n","protected":false},"author":1,"featured_media":9897,"comment_status":"closed","ping_status":"closed","sticky":false,"template":"","format":"standard","meta":{"footnotes":""},"categories":[62],"tags":[],"class_list":["post-9896","post","type-post","status-publish","format-standard","has-post-thumbnail","hentry","category-design"],"_links":{"self":[{"href":"https:\/\/digitalnews.hu\/index.php?rest_route=\/wp\/v2\/posts\/9896","targetHints":{"allow":["GET"]}}],"collection":[{"href":"https:\/\/digitalnews.hu\/index.php?rest_route=\/wp\/v2\/posts"}],"about":[{"href":"https:\/\/digitalnews.hu\/index.php?rest_route=\/wp\/v2\/types\/post"}],"author":[{"embeddable":true,"href":"https:\/\/digitalnews.hu\/index.php?rest_route=\/wp\/v2\/users\/1"}],"replies":[{"embeddable":true,"href":"https:\/\/digitalnews.hu\/index.php?rest_route=%2Fwp%2Fv2%2Fcomments&post=9896"}],"version-history":[{"count":3,"href":"https:\/\/digitalnews.hu\/index.php?rest_route=\/wp\/v2\/posts\/9896\/revisions"}],"predecessor-version":[{"id":9903,"href":"https:\/\/digitalnews.hu\/index.php?rest_route=\/wp\/v2\/posts\/9896\/revisions\/9903"}],"wp:featuredmedia":[{"embeddable":true,"href":"https:\/\/digitalnews.hu\/index.php?rest_route=\/wp\/v2\/media\/9897"}],"wp:attachment":[{"href":"https:\/\/digitalnews.hu\/index.php?rest_route=%2Fwp%2Fv2%2Fmedia&parent=9896"}],"wp:term":[{"taxonomy":"category","embeddable":true,"href":"https:\/\/digitalnews.hu\/index.php?rest_route=%2Fwp%2Fv2%2Fcategories&post=9896"},{"taxonomy":"post_tag","embeddable":true,"href":"https:\/\/digitalnews.hu\/index.php?rest_route=%2Fwp%2Fv2%2Ftags&post=9896"}],"curies":[{"name":"wp","href":"https:\/\/api.w.org\/{rel}","templated":true}]}}